{"id":15383,"date":"2018-07-01T16:30:05","date_gmt":"2018-07-01T16:30:05","guid":{"rendered":"https:\/\/www.creativeaustria.at\/2018\/07\/01\/steirischer-herbst-17-2-2\/"},"modified":"2018-09-14T13:20:47","modified_gmt":"2018-09-14T13:20:47","slug":"steirischer-herbst-17-2-2","status":"publish","type":"post","link":"https:\/\/www.creativeaustria.at\/en\/2018\/07\/01\/steirischer-herbst-17-2-2\/","title":{"rendered":"&#8220;steirischer herbst &#8217;18 \u2013 Volksfronten&#8221; \/ Graz"},"content":{"rendered":"<h1><span class=\"fliesstext\">20.09.\u00a0<\/span>\u2013<span class=\"fliesstext\"> 14.10.2018; Graz.<br \/>\n<\/span>Volksfronten in motion.\u00a0steirischer herbst detects the little \u201cfascisms of everyday life\u201d.<\/h1>\n<p class=\"p1\">steirischer herbst\u2019s new programme director Ekaterina Degot is in a frontline position: \u201cVolksfronten\u201c is the motto of this year\u2019s festival. Ekaterina Degot also breaks with some of the festival\u2019s routines. She has designed the festival\u2019s main programme as a sort of parcours through the city, which she sees as a single expanded exhibition that can be experienced in several different places in the city at the same time.<\/p>\n<p class=\"p3\">With her programme she wants to detect the little \u201cfascisms of everyday life\u201d, as she calls them, which can be seen more and more often nowadays: \u201cIn my opinion fascism starts out really small. With small steps toward nationalism. For me patriotism is already suspicious. I think that all things connected to this exclusive love for your own country may lead to these small first steps on the way to fascism\u201d, says Ekaterina Degot. \u201cIt\u2019s about isolationism. It\u2019s about processes whose end we know from historic events. It\u2019s about the national mobilisation of a few \u2013 primarily \u2013 positive things. Fascism doesn\u2019t start when someone says: Let\u2019s get rid of the Jews, the Slavs or the like. It starts with the demand for more land, more work, the demand for a \u201cbetter understanding\u201c of history. It starts with seemingly positive things. I think it\u2019s important to keep this perspective in mind.\u201d<\/p>\n<p class=\"p3\">The plural use of \u201cVolksfronten\u201d (Popular fronts) in the festival\u2019s title is programmatic for Ekaterina Degot: \u201cThere is no single front\u201c, she says. \u201cWe can see that clearly if we look at things from a retrospective point of view. For instance, at first glance there might appear to be a front of progressive people. Most of them are left-wing, but they range\u00a0from more radical leftists to more liberal ones, who campaign against fascism. And in some instances \u2013 in France for example \u2013 they won. Nowadays we can see different positions and opinions within the base of left-wing supporters. And one can feel that there is no joint front. The front is fragmented. We have to take on different positions when it comes to answering different questions. We can observe, for instance, left-wing ideologists speaking out against migrants on the one hand, and \u2013 at the same time \u2013 right wing exponents demanding more rights for a better social welfare state or more social equality on the other hand. Nowadays political positions are much more mixed and fragmented than before. This is way I have chosen the plural: \u201cVolksfronten\u201d. Today there are many fronts and each of us has to find his or her own position among them.\u201d<\/p>\n<p class=\"p1\">However, Ekaterina Degot doesn\u2019t want people to see her programme as a \u201cplace of alternative politics\u201d: \u201cWe always stay on the artistic level. Our artists often work with fictional settings. This is only an interpretation or an alternative vision of the future, the reality or the past. The festival is not primarily about stirring people into action. Of course there are some artists that work with these mechanisms. But that is not our general function. We want to encourage people to reflect more, to think more. Especially through artistic works and visions.\u201d<\/p>\n<p class=\"p1\">The main programme of this year\u2019s steirischer herbst festival blurs the borders between genres even more than that of the past years. However, Ekaterina Degot doesn\u2019t see any problems of getting the point across: \u201cI think that it\u2019s actually much easier to convey a programme that transcends genres. It\u2019s actually all about stories. It\u2019s about different stories that artists tell. About different places. Different moments in history. The medium in which they see their story is irrelevant,<br \/>\neven for me.\u201d<\/p>\n<p class=\"p1\">What is important for Ekaterina Degot is that art roots itself exactly in the here and now: \u201cGraz and the whole region of Styria are fascinating places for me, because it\u2019s actually a country at the frontier. It\u2019s always interesting to see what that really means. One can see that the mingling of so many different historical contexts is fascinating. Producing contemporary art, which could establish a dialogue with such a context is a major challenge. For me it\u2019s important to remember that a festival doesn\u2019t take place in the middle of nowhere, but at a specific location and a specific moment in time. It is my hope that we will manage to produce art that evolves out of these interconnected meanings and contexts.\u201d<\/p>\n<div class=\"wysiwyg\">\n<p><strong>steirischer herbst &#8217;18<br \/>\n<\/strong>20.09. \u2013 14.10.2018<\/p>\n<p class=\"p1\"><span class=\"s1\"><b>Er\u00f6ffnung<br \/>\n<\/b><\/span><span class=\"s2\">20.09.2018<br \/>\nBread &amp; Puppet Theater<br \/>\nPerformance und Umzug<br \/>\n17.00 Uhr, Treffpunkt Europaplatz<\/span><\/p>\n<p class=\"p2\"><span class=\"s2\">Roman Osminkin<br \/>\nPerformance und Intervention<br \/>\n<\/span><span class=\"s2\">19.30 Uhr, Schlossbergplatz<\/span><\/p>\n<p class=\"p2\"><span class=\"s2\">Laibach<br \/>\n<\/span><span class=\"s2\">Musikperformance<br \/>\n<\/span><span class=\"s2\">21.00 Uhr, Kasematten, Schlossberg<\/span><\/p>\n<p class=\"p2\"><span class=\"s1\"><b>Volksfronten all over Graz<br \/>\n<\/b><\/span><span class=\"s2\">Einige Stationen:<br \/>\n21.09. &#8211; 14.10.2018<\/span><\/p>\n<p class=\"p2\"><span class=\"s2\">Milica Tomi\u0107<br \/>\nForum Stadtpark<\/span><\/p>\n<p class=\"p2\"><span class=\"s2\">Henrike Naumann<br \/>\n<\/span><span class=\"s2\">Haus der Architektur, <\/span><\/p>\n<p class=\"p2\"><span class=\"s2\">Ines Doujak<br \/>\n<\/span><span class=\"s2\">Kulturzentrum bei den Minoriten<\/span><\/p>\n<p class=\"p2\"><span class=\"s2\">Funda G\u00fcl \u00d6zcan<br \/>\nEhemalige Ankara T\u00fcrk\u00fc Bar, Griesgasse<\/span><\/p>\n<p class=\"p4\"><span class=\"s1\"><b>herbstbar<br \/>\n<\/b><\/span><span class=\"s2\">Postgarage Caf\u00e9<br \/>\n<\/span><span class=\"s2\">Dreihackengasse 42<br \/>\n<a href=\"http:\/\/www.postgarage.at\/Program.8.0.html\" target=\"_blank\" rel=\"noopener\">www.postgarage.at<\/a><br \/>\n<\/span><\/p>\n<p class=\"p4\"><span class=\"s1\"><b>Recherchezentrum<br \/>\n<\/b><\/span><span class=\"s2\">Archivmaterial des steirischen herbst<br \/>\n<\/span><span class=\"s2\">Palais Attems, Sackstra\u00dfe 1<br \/>\n<\/span><\/p>\n<p class=\"p4\"><span class=\"s1\"><b>B\u00fcro der Offenen Fragen<br \/>\n<\/b><\/span><span class=\"s2\">Alles \u00fcber das Programm 2018 anhand von 100 offenen Fragen, \u00fcber zeitgen\u00f6ssische Kunst und Politik, Literatur und Geschichte sprechen und mit Ausstellungsparcours<br \/>\n<\/span><span class=\"s2\">Volksgartenstra\u00dfe 4\u20136<br \/>\n<\/span><\/p>\n<p class=\"p4\"><span class=\"s1\"><b>Musikprotokoll<br \/>\n<\/b><\/span><span class=\"s2\">Zeitgen\u00f6ssische und experimentelle Musik<br \/>\n<\/span><span class=\"s2\">04.10. \u2013 07.10.<br \/>\n<\/span><span class=\"s2\">Various Locations<br \/>\n<\/span><a href=\"https:\/\/musikprotokoll.orf.at\/de\/news\/musikprotokoll-2018\"><span class=\"s2\">www.musikprotokoll.orf.at<\/span><\/a><\/p>\n<p><a href=\"http:\/\/steirischerherbst.at\/\">www.steirischerherbst.at<\/a><\/p>\n<\/div>\n","protected":false},"excerpt":{"rendered":"<p>20.09.\u00a0\u2013 14.10.2018; Graz. Volksfronten in motion.\u00a0steirischer herbst detects the little \u201cfascisms of everyday life\u201d. steirischer herbst\u2019s new programme director Ekaterina Degot is in a frontline position: \u201cVolksfronten\u201c is the motto of this year\u2019s festival. Ekaterina Degot also breaks with some of the festival\u2019s routines. She has designed the festival\u2019s main programme as a sort of [&hellip;]<\/p>\n","protected":false},"author":2,"featured_media":14471,"comment_status":"open","ping_status":"open","sticky":false,"template":"","format":"standard","meta":{"jetpack_post_was_ever_published":false,"_jetpack_newsletter_access":"","_jetpack_dont_email_post_to_subs":false,"_jetpack_newsletter_tier_id":0,"_jetpack_memberships_contains_paywalled_content":false,"_jetpack_memberships_contains_paid_content":false,"footnotes":"","jetpack_publicize_message":"","jetpack_publicize_feature_enabled":true,"jetpack_social_post_already_shared":true,"jetpack_social_options":{"image_generator_settings":{"template":"highway","enabled":false},"version":2}},"categories":[80,226,287,231,78,79],"tags":[82,385,81],"class_list":{"0":"post-15383","1":"post","2":"type-post","3":"status-publish","4":"format-standard","5":"has-post-thumbnail","7":"category-art-7","8":"category-events-7-en","9":"category-events-en","10":"category-festivals-en","11":"category-graz-en","12":"category-kreative-orte-en","13":"tag-kunst-en","14":"tag-buehne-en","15":"tag-graz-en"},"jetpack_publicize_connections":[],"yoast_head":"<!-- This site is optimized with the Yoast SEO plugin v23.9 - https:\/\/yoast.com\/wordpress\/plugins\/seo\/ -->\n<title>&quot;steirischer herbst &#039;18 \u2013 Volksfronten&quot; \/ Graz &#187; CREATIVE AUSTRIA \u2013 Contemporary Culture<\/title>\n<meta name=\"robots\" content=\"index, follow, max-snippet:-1, max-image-preview:large, max-video-preview:-1\" \/>\n<link rel=\"canonical\" href=\"https:\/\/www.creativeaustria.at\/en\/2018\/07\/01\/steirischer-herbst-17-2-2\/\" \/>\n<meta property=\"og:locale\" content=\"en_US\" \/>\n<meta property=\"og:type\" content=\"article\" \/>\n<meta property=\"og:title\" content=\"&quot;steirischer herbst &#039;18 \u2013 Volksfronten&quot; \/ Graz &#187; CREATIVE AUSTRIA \u2013 Contemporary Culture\" \/>\n<meta property=\"og:description\" content=\"20.09.\u00a0\u2013 14.10.2018; Graz. Volksfronten in motion.\u00a0steirischer herbst detects the little \u201cfascisms of everyday life\u201d. steirischer herbst\u2019s new programme director Ekaterina Degot is in a frontline position: \u201cVolksfronten\u201c is the motto of this year\u2019s festival. Ekaterina Degot also breaks with some of the festival\u2019s routines. She has designed the festival\u2019s main programme as a sort of [&hellip;]\" \/>\n<meta property=\"og:url\" content=\"https:\/\/www.creativeaustria.at\/en\/2018\/07\/01\/steirischer-herbst-17-2-2\/\" \/>\n<meta property=\"og:site_name\" content=\"CREATIVE AUSTRIA \u2013 Contemporary Culture\" \/>\n<meta property=\"article:publisher\" content=\"https:\/\/www.facebook.com\/creativeaustria\" \/>\n<meta property=\"article:published_time\" content=\"2018-07-01T16:30:05+00:00\" \/>\n<meta property=\"article:modified_time\" content=\"2018-09-14T13:20:47+00:00\" \/>\n<meta property=\"og:image\" content=\"https:\/\/www.creativeaustria.at\/wp-content\/uploads\/2018\/01\/sh_Laibach-Sound_of_Music_S1.jpg\" \/>\n\t<meta property=\"og:image:width\" content=\"900\" \/>\n\t<meta property=\"og:image:height\" content=\"606\" \/>\n\t<meta property=\"og:image:type\" content=\"image\/jpeg\" \/>\n<meta name=\"author\" content=\"CREATIVE AUSTRIA\" \/>\n<meta name=\"twitter:card\" content=\"summary_large_image\" \/>\n<meta name=\"twitter:label1\" content=\"Written by\" \/>\n\t<meta name=\"twitter:data1\" content=\"CREATIVE AUSTRIA\" \/>\n\t<meta name=\"twitter:label2\" content=\"Est. reading time\" \/>\n\t<meta name=\"twitter:data2\" content=\"4 minutes\" \/>\n<script type=\"application\/ld+json\" class=\"yoast-schema-graph\">{\"@context\":\"https:\/\/schema.org\",\"@graph\":[{\"@type\":\"WebPage\",\"@id\":\"https:\/\/www.creativeaustria.at\/en\/2018\/07\/01\/steirischer-herbst-17-2-2\/\",\"url\":\"https:\/\/www.creativeaustria.at\/en\/2018\/07\/01\/steirischer-herbst-17-2-2\/\",\"name\":\"\\\"steirischer herbst '18 \u2013 Volksfronten\\\" \/ Graz &#187; CREATIVE AUSTRIA \u2013 Contemporary Culture\",\"isPartOf\":{\"@id\":\"https:\/\/www.creativeaustria.at\/#website\"},\"primaryImageOfPage\":{\"@id\":\"https:\/\/www.creativeaustria.at\/en\/2018\/07\/01\/steirischer-herbst-17-2-2\/#primaryimage\"},\"image\":{\"@id\":\"https:\/\/www.creativeaustria.at\/en\/2018\/07\/01\/steirischer-herbst-17-2-2\/#primaryimage\"},\"thumbnailUrl\":\"https:\/\/www.creativeaustria.at\/wp-content\/uploads\/2018\/01\/sh_Laibach-Sound_of_Music_S1.jpg\",\"datePublished\":\"2018-07-01T16:30:05+00:00\",\"dateModified\":\"2018-09-14T13:20:47+00:00\",\"author\":{\"@id\":\"https:\/\/www.creativeaustria.at\/#\/schema\/person\/2ef270c3dee27d6c0ec621fe9330173e\"},\"breadcrumb\":{\"@id\":\"https:\/\/www.creativeaustria.at\/en\/2018\/07\/01\/steirischer-herbst-17-2-2\/#breadcrumb\"},\"inLanguage\":\"en-US\",\"potentialAction\":[{\"@type\":\"ReadAction\",\"target\":[\"https:\/\/www.creativeaustria.at\/en\/2018\/07\/01\/steirischer-herbst-17-2-2\/\"]}]},{\"@type\":\"ImageObject\",\"inLanguage\":\"en-US\",\"@id\":\"https:\/\/www.creativeaustria.at\/en\/2018\/07\/01\/steirischer-herbst-17-2-2\/#primaryimage\",\"url\":\"https:\/\/www.creativeaustria.at\/wp-content\/uploads\/2018\/01\/sh_Laibach-Sound_of_Music_S1.jpg\",\"contentUrl\":\"https:\/\/www.creativeaustria.at\/wp-content\/uploads\/2018\/01\/sh_Laibach-Sound_of_Music_S1.jpg\",\"width\":900,\"height\":606,\"caption\":\"Die Musik- und Performancegruppe Laibach pr\u00e4sentiert ihr Projekt \u201eLaibach\u00b4s Sound of Music\u201c und greift daf\u00fcr Motive des Filmwelterfolges \u201eThe Sound of Music\u201c auf. Eine scheinbar den Faschismus \u00fcberwindende Idylle, f\u00fcr die \u00d6sterreich in den Nachkriegsjahrzehnten von den Fans des Filmes weltweit geherzt wurde. Aber Idylle war gestern.\"},{\"@type\":\"BreadcrumbList\",\"@id\":\"https:\/\/www.creativeaustria.at\/en\/2018\/07\/01\/steirischer-herbst-17-2-2\/#breadcrumb\",\"itemListElement\":[{\"@type\":\"ListItem\",\"position\":1,\"name\":\"Startseite\",\"item\":\"https:\/\/www.creativeaustria.at\/en\/\"},{\"@type\":\"ListItem\",\"position\":2,\"name\":\"&#8220;steirischer herbst &#8217;18 \u2013 Volksfronten&#8221; \/ Graz\"}]},{\"@type\":\"WebSite\",\"@id\":\"https:\/\/www.creativeaustria.at\/#website\",\"url\":\"https:\/\/www.creativeaustria.at\/\",\"name\":\"CREATIVE AUSTRIA \u2013 Contemporary Culture\",\"description\":\"Austrias Magazine for Contemporary Culture\",\"potentialAction\":[{\"@type\":\"SearchAction\",\"target\":{\"@type\":\"EntryPoint\",\"urlTemplate\":\"https:\/\/www.creativeaustria.at\/?s={search_term_string}\"},\"query-input\":{\"@type\":\"PropertyValueSpecification\",\"valueRequired\":true,\"valueName\":\"search_term_string\"}}],\"inLanguage\":\"en-US\"},{\"@type\":\"Person\",\"@id\":\"https:\/\/www.creativeaustria.at\/#\/schema\/person\/2ef270c3dee27d6c0ec621fe9330173e\",\"name\":\"CREATIVE AUSTRIA\",\"image\":{\"@type\":\"ImageObject\",\"inLanguage\":\"en-US\",\"@id\":\"https:\/\/www.creativeaustria.at\/#\/schema\/person\/image\/\",\"url\":\"https:\/\/secure.gravatar.com\/avatar\/684a70572f233313686e8858b8b6ca7b?s=96&d=mm&r=g\",\"contentUrl\":\"https:\/\/secure.gravatar.com\/avatar\/684a70572f233313686e8858b8b6ca7b?s=96&d=mm&r=g\",\"caption\":\"CREATIVE AUSTRIA\"},\"sameAs\":[\"http:\/\/www.creativeaustria.at\"],\"url\":\"https:\/\/www.creativeaustria.at\/en\/author\/creative-austria-redaktion\/\"}]}<\/script>\n<!-- \/ Yoast SEO plugin. -->","yoast_head_json":{"title":"\"steirischer herbst '18 \u2013 Volksfronten\" \/ Graz &#187; CREATIVE AUSTRIA \u2013 Contemporary Culture","robots":{"index":"index","follow":"follow","max-snippet":"max-snippet:-1","max-image-preview":"max-image-preview:large","max-video-preview":"max-video-preview:-1"},"canonical":"https:\/\/www.creativeaustria.at\/en\/2018\/07\/01\/steirischer-herbst-17-2-2\/","og_locale":"en_US","og_type":"article","og_title":"\"steirischer herbst '18 \u2013 Volksfronten\" \/ Graz &#187; CREATIVE AUSTRIA \u2013 Contemporary Culture","og_description":"20.09.\u00a0\u2013 14.10.2018; Graz. Volksfronten in motion.\u00a0steirischer herbst detects the little \u201cfascisms of everyday life\u201d. steirischer herbst\u2019s new programme director Ekaterina Degot is in a frontline position: \u201cVolksfronten\u201c is the motto of this year\u2019s festival. Ekaterina Degot also breaks with some of the festival\u2019s routines. She has designed the festival\u2019s main programme as a sort of [&hellip;]","og_url":"https:\/\/www.creativeaustria.at\/en\/2018\/07\/01\/steirischer-herbst-17-2-2\/","og_site_name":"CREATIVE AUSTRIA \u2013 Contemporary Culture","article_publisher":"https:\/\/www.facebook.com\/creativeaustria","article_published_time":"2018-07-01T16:30:05+00:00","article_modified_time":"2018-09-14T13:20:47+00:00","og_image":[{"width":900,"height":606,"url":"https:\/\/www.creativeaustria.at\/wp-content\/uploads\/2018\/01\/sh_Laibach-Sound_of_Music_S1.jpg","type":"image\/jpeg"}],"author":"CREATIVE AUSTRIA","twitter_card":"summary_large_image","twitter_misc":{"Written by":"CREATIVE AUSTRIA","Est. reading time":"4 minutes"},"schema":{"@context":"https:\/\/schema.org","@graph":[{"@type":"WebPage","@id":"https:\/\/www.creativeaustria.at\/en\/2018\/07\/01\/steirischer-herbst-17-2-2\/","url":"https:\/\/www.creativeaustria.at\/en\/2018\/07\/01\/steirischer-herbst-17-2-2\/","name":"\"steirischer herbst '18 \u2013 Volksfronten\" \/ Graz &#187; CREATIVE AUSTRIA \u2013 Contemporary Culture","isPartOf":{"@id":"https:\/\/www.creativeaustria.at\/#website"},"primaryImageOfPage":{"@id":"https:\/\/www.creativeaustria.at\/en\/2018\/07\/01\/steirischer-herbst-17-2-2\/#primaryimage"},"image":{"@id":"https:\/\/www.creativeaustria.at\/en\/2018\/07\/01\/steirischer-herbst-17-2-2\/#primaryimage"},"thumbnailUrl":"https:\/\/www.creativeaustria.at\/wp-content\/uploads\/2018\/01\/sh_Laibach-Sound_of_Music_S1.jpg","datePublished":"2018-07-01T16:30:05+00:00","dateModified":"2018-09-14T13:20:47+00:00","author":{"@id":"https:\/\/www.creativeaustria.at\/#\/schema\/person\/2ef270c3dee27d6c0ec621fe9330173e"},"breadcrumb":{"@id":"https:\/\/www.creativeaustria.at\/en\/2018\/07\/01\/steirischer-herbst-17-2-2\/#breadcrumb"},"inLanguage":"en-US","potentialAction":[{"@type":"ReadAction","target":["https:\/\/www.creativeaustria.at\/en\/2018\/07\/01\/steirischer-herbst-17-2-2\/"]}]},{"@type":"ImageObject","inLanguage":"en-US","@id":"https:\/\/www.creativeaustria.at\/en\/2018\/07\/01\/steirischer-herbst-17-2-2\/#primaryimage","url":"https:\/\/www.creativeaustria.at\/wp-content\/uploads\/2018\/01\/sh_Laibach-Sound_of_Music_S1.jpg","contentUrl":"https:\/\/www.creativeaustria.at\/wp-content\/uploads\/2018\/01\/sh_Laibach-Sound_of_Music_S1.jpg","width":900,"height":606,"caption":"Die Musik- und Performancegruppe Laibach pr\u00e4sentiert ihr Projekt \u201eLaibach\u00b4s Sound of Music\u201c und greift daf\u00fcr Motive des Filmwelterfolges \u201eThe Sound of Music\u201c auf. Eine scheinbar den Faschismus \u00fcberwindende Idylle, f\u00fcr die \u00d6sterreich in den Nachkriegsjahrzehnten von den Fans des Filmes weltweit geherzt wurde. Aber Idylle war gestern."},{"@type":"BreadcrumbList","@id":"https:\/\/www.creativeaustria.at\/en\/2018\/07\/01\/steirischer-herbst-17-2-2\/#breadcrumb","itemListElement":[{"@type":"ListItem","position":1,"name":"Startseite","item":"https:\/\/www.creativeaustria.at\/en\/"},{"@type":"ListItem","position":2,"name":"&#8220;steirischer herbst &#8217;18 \u2013 Volksfronten&#8221; \/ Graz"}]},{"@type":"WebSite","@id":"https:\/\/www.creativeaustria.at\/#website","url":"https:\/\/www.creativeaustria.at\/","name":"CREATIVE AUSTRIA \u2013 Contemporary Culture","description":"Austrias Magazine for Contemporary Culture","potentialAction":[{"@type":"SearchAction","target":{"@type":"EntryPoint","urlTemplate":"https:\/\/www.creativeaustria.at\/?s={search_term_string}"},"query-input":{"@type":"PropertyValueSpecification","valueRequired":true,"valueName":"search_term_string"}}],"inLanguage":"en-US"},{"@type":"Person","@id":"https:\/\/www.creativeaustria.at\/#\/schema\/person\/2ef270c3dee27d6c0ec621fe9330173e","name":"CREATIVE AUSTRIA","image":{"@type":"ImageObject","inLanguage":"en-US","@id":"https:\/\/www.creativeaustria.at\/#\/schema\/person\/image\/","url":"https:\/\/secure.gravatar.com\/avatar\/684a70572f233313686e8858b8b6ca7b?s=96&d=mm&r=g","contentUrl":"https:\/\/secure.gravatar.com\/avatar\/684a70572f233313686e8858b8b6ca7b?s=96&d=mm&r=g","caption":"CREATIVE AUSTRIA"},"sameAs":["http:\/\/www.creativeaustria.at"],"url":"https:\/\/www.creativeaustria.at\/en\/author\/creative-austria-redaktion\/"}]}},"jetpack_featured_media_url":"https:\/\/www.creativeaustria.at\/wp-content\/uploads\/2018\/01\/sh_Laibach-Sound_of_Music_S1.jpg","jetpack_sharing_enabled":true,"jetpack_shortlink":"https:\/\/wp.me\/p9E1qX-407","_links":{"self":[{"href":"https:\/\/www.creativeaustria.at\/en\/wp-json\/wp\/v2\/posts\/15383"}],"collection":[{"href":"https:\/\/www.creativeaustria.at\/en\/wp-json\/wp\/v2\/posts"}],"about":[{"href":"https:\/\/www.creativeaustria.at\/en\/wp-json\/wp\/v2\/types\/post"}],"author":[{"embeddable":true,"href":"https:\/\/www.creativeaustria.at\/en\/wp-json\/wp\/v2\/users\/2"}],"replies":[{"embeddable":true,"href":"https:\/\/www.creativeaustria.at\/en\/wp-json\/wp\/v2\/comments?post=15383"}],"version-history":[{"count":5,"href":"https:\/\/www.creativeaustria.at\/en\/wp-json\/wp\/v2\/posts\/15383\/revisions"}],"predecessor-version":[{"id":15558,"href":"https:\/\/www.creativeaustria.at\/en\/wp-json\/wp\/v2\/posts\/15383\/revisions\/15558"}],"wp:featuredmedia":[{"embeddable":true,"href":"https:\/\/www.creativeaustria.at\/en\/wp-json\/wp\/v2\/media\/14471"}],"wp:attachment":[{"href":"https:\/\/www.creativeaustria.at\/en\/wp-json\/wp\/v2\/media?parent=15383"}],"wp:term":[{"taxonomy":"category","embeddable":true,"href":"https:\/\/www.creativeaustria.at\/en\/wp-json\/wp\/v2\/categories?post=15383"},{"taxonomy":"post_tag","embeddable":true,"href":"https:\/\/www.creativeaustria.at\/en\/wp-json\/wp\/v2\/tags?post=15383"}],"curies":[{"name":"wp","href":"https:\/\/api.w.org\/{rel}","templated":true}]}}