{"id":15402,"date":"2018-10-05T08:43:33","date_gmt":"2018-10-05T08:43:33","guid":{"rendered":"https:\/\/www.creativeaustria.at\/?p=15402"},"modified":"2018-10-05T08:43:33","modified_gmt":"2018-10-05T08:43:33","slug":"privacyweek-generationen-volkskundemuseum-wien-2018","status":"publish","type":"post","link":"https:\/\/www.creativeaustria.at\/en\/2018\/10\/05\/privacyweek-generationen-volkskundemuseum-wien-2018\/","title":{"rendered":"&#8220;PrivacyWeek \u2013 generations&#8221; \/ Volkskundemuseum Wien 2018"},"content":{"rendered":"<h1>22. \u2013 28.10.2018; Wien.<br \/>\nThe right to privacy is a fundamental human right<\/h1>\n<p class=\"p1\">A\u00a0<span class=\"s1\">right which is eroding continually. <\/span>A few years ago Chaos Computer Club Wien, or C3W, created the PrivacyWeek Vienna, which deals with this topic. In the meantime this event has turned into an important hub for all those who don\u2019t want to face this development passively.<\/p>\n<p class=\"p1\">Today we can only guess at the sociocultural and democratic consequences that the widening network of digital surveillance and its intrusion into our privacy will bring. But it is clear that one of the fundamental pillars of democratic nations, namely the clear division between the state and the private sphere, is endangered.<\/p>\n<p class=\"p1\"><span class=\"s1\">Zus\u00e4tzlich prek\u00e4r wird diese Entwicklung dadurch, dass die weltmarktbeherrschenden Internetkonzerne, die ungehemmt Daten \u00fcber jeden einzelnen User sammeln, um sie zu verwertbarem \u201eKapital\u201c zu kompilieren, zunehmend suprastaatlich zu agieren beginnen aber selbst keinerlei direkter demokratischer Kontrolle unterliegen.<\/span><\/p>\n<p class=\"p1\">This development becomes even more precarious due to the market-dominating international internet companies, which ruthlessly collect data about each individual user to turn into usable \u201ccapital\u201c.<\/p>\n<p class=\"p1\">Their actions are becoming suprastatal, yet they are not subject to direct democratic control themselves.<\/p>\n<p class=\"p1\">Which strategies can society as a whole and every one of us use to counter these almost unstoppable dynamics? PrivacyWeek Wien explores this question under this year\u2019s motto \u201cGenerations\u201d.<\/p>\n<p class=\"p1\">On the one hand the event deals with these issues in a very practical way: Workshops and talks show how one can \u201cescape the open jaws of state surveillance\u201d. On the other hand, the same questions are also approached from a more theoretical, philosophical discourse level. Here the aim is to explore which changes in our society have made the widespread passive acceptance of such developments possible in the first place.<\/p>\n<p class=\"p1\">PrivacyWeek Wien includes more than a hundred lectures, workshops, discussions, presentations, readings and performances.<\/p>\n<p class=\"p1\">The topics that will be discussed range from basic rights connected to DNA-hacking, to the \u201cbias of algorithms\u201d and the data that cars and autonomous driving systems collect about us. The question of how to deal with data storage systems and hard drives that contain personal data but are no longer in use will also be addressed.<\/p>\n<p class=\"p1\">The event will also focus on the relation between \u201cprivacy and security\u201d. This is a very relevant topic, because it is ideologically contested in many countries and because politicians often use deliberately simplifying or unclear statements.<\/p>\n<p><strong>PrivacyWeek \u2013 Generationen<\/strong><br \/>\n22. \u2013 28.10.2018<br \/>\nVarious locations<br \/>\nHauptlocation:<br \/>\nVolkskundemuseum Wien<br \/>\nLaudongasse 15-19<br \/>\n1080 Wien<br \/>\n<a href=\"https:\/\/privacyweek.at\/\" target=\"_blank\" rel=\"noopener\">Privatdetektiv<\/a><\/p>\n","protected":false},"excerpt":{"rendered":"<p>22. \u2013 28.10.2018; Wien. The right to privacy is a fundamental human right A\u00a0right which is eroding continually. A few years ago Chaos Computer Club Wien, or C3W, created the PrivacyWeek Vienna, which deals with this topic. In the meantime this event has turned into an important hub for all those who don\u2019t want to [&hellip;]<\/p>\n","protected":false},"author":2,"featured_media":15843,"comment_status":"open","ping_status":"open","sticky":false,"template":"","format":"standard","meta":{"jetpack_post_was_ever_published":false,"_jetpack_newsletter_access":"","_jetpack_dont_email_post_to_subs":false,"_jetpack_newsletter_tier_id":0,"_jetpack_memberships_contains_paywalled_content":false,"_jetpack_memberships_contains_paid_content":false,"footnotes":"","jetpack_publicize_message":"","jetpack_publicize_feature_enabled":true,"jetpack_social_post_already_shared":true,"jetpack_social_options":{"image_generator_settings":{"template":"highway","enabled":false},"version":2}},"categories":[77,230,342,231,352,79,345],"tags":[392,382],"class_list":{"0":"post-15402","1":"post","2":"type-post","3":"status-publish","4":"format-standard","5":"has-post-thumbnail","7":"category-gegenwartskultur-en","8":"category-crossover-en","9":"category-events-5-en","10":"category-festivals-en","11":"category-media-art-visuals-graphics","12":"category-kreative-orte-en","13":"category-vienna","14":"tag-crossover-en","15":"tag-wien-en"},"jetpack_publicize_connections":[],"yoast_head":"<!-- This site is optimized with the Yoast SEO plugin v23.9 - https:\/\/yoast.com\/wordpress\/plugins\/seo\/ -->\n<title>&quot;PrivacyWeek \u2013 generations&quot; \/ Volkskundemuseum Wien 2018 &#187; CREATIVE AUSTRIA \u2013 Contemporary Culture<\/title>\n<meta name=\"robots\" content=\"index, follow, max-snippet:-1, max-image-preview:large, max-video-preview:-1\" \/>\n<link rel=\"canonical\" href=\"https:\/\/www.creativeaustria.at\/en\/2018\/10\/05\/privacyweek-generationen-volkskundemuseum-wien-2018\/\" \/>\n<meta property=\"og:locale\" content=\"en_US\" \/>\n<meta property=\"og:type\" content=\"article\" \/>\n<meta property=\"og:title\" content=\"&quot;PrivacyWeek \u2013 generations&quot; \/ Volkskundemuseum Wien 2018 &#187; CREATIVE AUSTRIA \u2013 Contemporary Culture\" \/>\n<meta property=\"og:description\" content=\"22. \u2013 28.10.2018; Wien. The right to privacy is a fundamental human right A\u00a0right which is eroding continually. A few years ago Chaos Computer Club Wien, or C3W, created the PrivacyWeek Vienna, which deals with this topic. In the meantime this event has turned into an important hub for all those who don\u2019t want to [&hellip;]\" \/>\n<meta property=\"og:url\" content=\"https:\/\/www.creativeaustria.at\/en\/2018\/10\/05\/privacyweek-generationen-volkskundemuseum-wien-2018\/\" \/>\n<meta property=\"og:site_name\" content=\"CREATIVE AUSTRIA \u2013 Contemporary Culture\" \/>\n<meta property=\"article:publisher\" content=\"https:\/\/www.facebook.com\/creativeaustria\" \/>\n<meta property=\"article:published_time\" content=\"2018-10-05T08:43:33+00:00\" \/>\n<meta property=\"og:image\" content=\"https:\/\/www.creativeaustria.at\/wp-content\/uploads\/2018\/08\/Website_Header_PW18_v2_1.jpg\" \/>\n\t<meta property=\"og:image:width\" content=\"2000\" \/>\n\t<meta property=\"og:image:height\" content=\"1200\" \/>\n\t<meta property=\"og:image:type\" content=\"image\/jpeg\" \/>\n<meta name=\"author\" content=\"CREATIVE AUSTRIA\" \/>\n<meta name=\"twitter:card\" content=\"summary_large_image\" \/>\n<meta name=\"twitter:label1\" content=\"Written by\" \/>\n\t<meta name=\"twitter:data1\" content=\"CREATIVE AUSTRIA\" \/>\n\t<meta name=\"twitter:label2\" content=\"Est. reading time\" \/>\n\t<meta name=\"twitter:data2\" content=\"2 minutes\" \/>\n<script type=\"application\/ld+json\" class=\"yoast-schema-graph\">{\"@context\":\"https:\/\/schema.org\",\"@graph\":[{\"@type\":\"WebPage\",\"@id\":\"https:\/\/www.creativeaustria.at\/en\/2018\/10\/05\/privacyweek-generationen-volkskundemuseum-wien-2018\/\",\"url\":\"https:\/\/www.creativeaustria.at\/en\/2018\/10\/05\/privacyweek-generationen-volkskundemuseum-wien-2018\/\",\"name\":\"\\\"PrivacyWeek \u2013 generations\\\" \/ Volkskundemuseum Wien 2018 &#187; CREATIVE AUSTRIA \u2013 Contemporary Culture\",\"isPartOf\":{\"@id\":\"https:\/\/www.creativeaustria.at\/#website\"},\"primaryImageOfPage\":{\"@id\":\"https:\/\/www.creativeaustria.at\/en\/2018\/10\/05\/privacyweek-generationen-volkskundemuseum-wien-2018\/#primaryimage\"},\"image\":{\"@id\":\"https:\/\/www.creativeaustria.at\/en\/2018\/10\/05\/privacyweek-generationen-volkskundemuseum-wien-2018\/#primaryimage\"},\"thumbnailUrl\":\"https:\/\/www.creativeaustria.at\/wp-content\/uploads\/2018\/08\/Website_Header_PW18_v2_1.jpg\",\"datePublished\":\"2018-10-05T08:43:33+00:00\",\"dateModified\":\"2018-10-05T08:43:33+00:00\",\"author\":{\"@id\":\"https:\/\/www.creativeaustria.at\/#\/schema\/person\/2ef270c3dee27d6c0ec621fe9330173e\"},\"breadcrumb\":{\"@id\":\"https:\/\/www.creativeaustria.at\/en\/2018\/10\/05\/privacyweek-generationen-volkskundemuseum-wien-2018\/#breadcrumb\"},\"inLanguage\":\"en-US\",\"potentialAction\":[{\"@type\":\"ReadAction\",\"target\":[\"https:\/\/www.creativeaustria.at\/en\/2018\/10\/05\/privacyweek-generationen-volkskundemuseum-wien-2018\/\"]}]},{\"@type\":\"ImageObject\",\"inLanguage\":\"en-US\",\"@id\":\"https:\/\/www.creativeaustria.at\/en\/2018\/10\/05\/privacyweek-generationen-volkskundemuseum-wien-2018\/#primaryimage\",\"url\":\"https:\/\/www.creativeaustria.at\/wp-content\/uploads\/2018\/08\/Website_Header_PW18_v2_1.jpg\",\"contentUrl\":\"https:\/\/www.creativeaustria.at\/wp-content\/uploads\/2018\/08\/Website_Header_PW18_v2_1.jpg\",\"width\":2000,\"height\":1200},{\"@type\":\"BreadcrumbList\",\"@id\":\"https:\/\/www.creativeaustria.at\/en\/2018\/10\/05\/privacyweek-generationen-volkskundemuseum-wien-2018\/#breadcrumb\",\"itemListElement\":[{\"@type\":\"ListItem\",\"position\":1,\"name\":\"Startseite\",\"item\":\"https:\/\/www.creativeaustria.at\/en\/\"},{\"@type\":\"ListItem\",\"position\":2,\"name\":\"&#8220;PrivacyWeek \u2013 generations&#8221; \/ Volkskundemuseum Wien 2018\"}]},{\"@type\":\"WebSite\",\"@id\":\"https:\/\/www.creativeaustria.at\/#website\",\"url\":\"https:\/\/www.creativeaustria.at\/\",\"name\":\"CREATIVE AUSTRIA \u2013 Contemporary Culture\",\"description\":\"Austrias Magazine for Contemporary Culture\",\"potentialAction\":[{\"@type\":\"SearchAction\",\"target\":{\"@type\":\"EntryPoint\",\"urlTemplate\":\"https:\/\/www.creativeaustria.at\/?s={search_term_string}\"},\"query-input\":{\"@type\":\"PropertyValueSpecification\",\"valueRequired\":true,\"valueName\":\"search_term_string\"}}],\"inLanguage\":\"en-US\"},{\"@type\":\"Person\",\"@id\":\"https:\/\/www.creativeaustria.at\/#\/schema\/person\/2ef270c3dee27d6c0ec621fe9330173e\",\"name\":\"CREATIVE AUSTRIA\",\"image\":{\"@type\":\"ImageObject\",\"inLanguage\":\"en-US\",\"@id\":\"https:\/\/www.creativeaustria.at\/#\/schema\/person\/image\/\",\"url\":\"https:\/\/secure.gravatar.com\/avatar\/684a70572f233313686e8858b8b6ca7b?s=96&d=mm&r=g\",\"contentUrl\":\"https:\/\/secure.gravatar.com\/avatar\/684a70572f233313686e8858b8b6ca7b?s=96&d=mm&r=g\",\"caption\":\"CREATIVE AUSTRIA\"},\"sameAs\":[\"http:\/\/www.creativeaustria.at\"],\"url\":\"https:\/\/www.creativeaustria.at\/en\/author\/creative-austria-redaktion\/\"}]}<\/script>\n<!-- \/ Yoast SEO plugin. -->","yoast_head_json":{"title":"\"PrivacyWeek \u2013 generations\" \/ Volkskundemuseum Wien 2018 &#187; CREATIVE AUSTRIA \u2013 Contemporary Culture","robots":{"index":"index","follow":"follow","max-snippet":"max-snippet:-1","max-image-preview":"max-image-preview:large","max-video-preview":"max-video-preview:-1"},"canonical":"https:\/\/www.creativeaustria.at\/en\/2018\/10\/05\/privacyweek-generationen-volkskundemuseum-wien-2018\/","og_locale":"en_US","og_type":"article","og_title":"\"PrivacyWeek \u2013 generations\" \/ Volkskundemuseum Wien 2018 &#187; CREATIVE AUSTRIA \u2013 Contemporary Culture","og_description":"22. \u2013 28.10.2018; Wien. The right to privacy is a fundamental human right A\u00a0right which is eroding continually. A few years ago Chaos Computer Club Wien, or C3W, created the PrivacyWeek Vienna, which deals with this topic. In the meantime this event has turned into an important hub for all those who don\u2019t want to [&hellip;]","og_url":"https:\/\/www.creativeaustria.at\/en\/2018\/10\/05\/privacyweek-generationen-volkskundemuseum-wien-2018\/","og_site_name":"CREATIVE AUSTRIA \u2013 Contemporary Culture","article_publisher":"https:\/\/www.facebook.com\/creativeaustria","article_published_time":"2018-10-05T08:43:33+00:00","og_image":[{"width":2000,"height":1200,"url":"https:\/\/www.creativeaustria.at\/wp-content\/uploads\/2018\/08\/Website_Header_PW18_v2_1.jpg","type":"image\/jpeg"}],"author":"CREATIVE AUSTRIA","twitter_card":"summary_large_image","twitter_misc":{"Written by":"CREATIVE AUSTRIA","Est. reading time":"2 minutes"},"schema":{"@context":"https:\/\/schema.org","@graph":[{"@type":"WebPage","@id":"https:\/\/www.creativeaustria.at\/en\/2018\/10\/05\/privacyweek-generationen-volkskundemuseum-wien-2018\/","url":"https:\/\/www.creativeaustria.at\/en\/2018\/10\/05\/privacyweek-generationen-volkskundemuseum-wien-2018\/","name":"\"PrivacyWeek \u2013 generations\" \/ Volkskundemuseum Wien 2018 &#187; CREATIVE AUSTRIA \u2013 Contemporary Culture","isPartOf":{"@id":"https:\/\/www.creativeaustria.at\/#website"},"primaryImageOfPage":{"@id":"https:\/\/www.creativeaustria.at\/en\/2018\/10\/05\/privacyweek-generationen-volkskundemuseum-wien-2018\/#primaryimage"},"image":{"@id":"https:\/\/www.creativeaustria.at\/en\/2018\/10\/05\/privacyweek-generationen-volkskundemuseum-wien-2018\/#primaryimage"},"thumbnailUrl":"https:\/\/www.creativeaustria.at\/wp-content\/uploads\/2018\/08\/Website_Header_PW18_v2_1.jpg","datePublished":"2018-10-05T08:43:33+00:00","dateModified":"2018-10-05T08:43:33+00:00","author":{"@id":"https:\/\/www.creativeaustria.at\/#\/schema\/person\/2ef270c3dee27d6c0ec621fe9330173e"},"breadcrumb":{"@id":"https:\/\/www.creativeaustria.at\/en\/2018\/10\/05\/privacyweek-generationen-volkskundemuseum-wien-2018\/#breadcrumb"},"inLanguage":"en-US","potentialAction":[{"@type":"ReadAction","target":["https:\/\/www.creativeaustria.at\/en\/2018\/10\/05\/privacyweek-generationen-volkskundemuseum-wien-2018\/"]}]},{"@type":"ImageObject","inLanguage":"en-US","@id":"https:\/\/www.creativeaustria.at\/en\/2018\/10\/05\/privacyweek-generationen-volkskundemuseum-wien-2018\/#primaryimage","url":"https:\/\/www.creativeaustria.at\/wp-content\/uploads\/2018\/08\/Website_Header_PW18_v2_1.jpg","contentUrl":"https:\/\/www.creativeaustria.at\/wp-content\/uploads\/2018\/08\/Website_Header_PW18_v2_1.jpg","width":2000,"height":1200},{"@type":"BreadcrumbList","@id":"https:\/\/www.creativeaustria.at\/en\/2018\/10\/05\/privacyweek-generationen-volkskundemuseum-wien-2018\/#breadcrumb","itemListElement":[{"@type":"ListItem","position":1,"name":"Startseite","item":"https:\/\/www.creativeaustria.at\/en\/"},{"@type":"ListItem","position":2,"name":"&#8220;PrivacyWeek \u2013 generations&#8221; \/ Volkskundemuseum Wien 2018"}]},{"@type":"WebSite","@id":"https:\/\/www.creativeaustria.at\/#website","url":"https:\/\/www.creativeaustria.at\/","name":"CREATIVE AUSTRIA \u2013 Contemporary Culture","description":"Austrias Magazine for Contemporary Culture","potentialAction":[{"@type":"SearchAction","target":{"@type":"EntryPoint","urlTemplate":"https:\/\/www.creativeaustria.at\/?s={search_term_string}"},"query-input":{"@type":"PropertyValueSpecification","valueRequired":true,"valueName":"search_term_string"}}],"inLanguage":"en-US"},{"@type":"Person","@id":"https:\/\/www.creativeaustria.at\/#\/schema\/person\/2ef270c3dee27d6c0ec621fe9330173e","name":"CREATIVE AUSTRIA","image":{"@type":"ImageObject","inLanguage":"en-US","@id":"https:\/\/www.creativeaustria.at\/#\/schema\/person\/image\/","url":"https:\/\/secure.gravatar.com\/avatar\/684a70572f233313686e8858b8b6ca7b?s=96&d=mm&r=g","contentUrl":"https:\/\/secure.gravatar.com\/avatar\/684a70572f233313686e8858b8b6ca7b?s=96&d=mm&r=g","caption":"CREATIVE AUSTRIA"},"sameAs":["http:\/\/www.creativeaustria.at"],"url":"https:\/\/www.creativeaustria.at\/en\/author\/creative-austria-redaktion\/"}]}},"jetpack_featured_media_url":"https:\/\/www.creativeaustria.at\/wp-content\/uploads\/2018\/08\/Website_Header_PW18_v2_1.jpg","jetpack_sharing_enabled":true,"jetpack_shortlink":"https:\/\/wp.me\/p9E1qX-40q","_links":{"self":[{"href":"https:\/\/www.creativeaustria.at\/en\/wp-json\/wp\/v2\/posts\/15402"}],"collection":[{"href":"https:\/\/www.creativeaustria.at\/en\/wp-json\/wp\/v2\/posts"}],"about":[{"href":"https:\/\/www.creativeaustria.at\/en\/wp-json\/wp\/v2\/types\/post"}],"author":[{"embeddable":true,"href":"https:\/\/www.creativeaustria.at\/en\/wp-json\/wp\/v2\/users\/2"}],"replies":[{"embeddable":true,"href":"https:\/\/www.creativeaustria.at\/en\/wp-json\/wp\/v2\/comments?post=15402"}],"version-history":[{"count":1,"href":"https:\/\/www.creativeaustria.at\/en\/wp-json\/wp\/v2\/posts\/15402\/revisions"}],"predecessor-version":[{"id":15403,"href":"https:\/\/www.creativeaustria.at\/en\/wp-json\/wp\/v2\/posts\/15402\/revisions\/15403"}],"wp:featuredmedia":[{"embeddable":true,"href":"https:\/\/www.creativeaustria.at\/en\/wp-json\/wp\/v2\/media\/15843"}],"wp:attachment":[{"href":"https:\/\/www.creativeaustria.at\/en\/wp-json\/wp\/v2\/media?parent=15402"}],"wp:term":[{"taxonomy":"category","embeddable":true,"href":"https:\/\/www.creativeaustria.at\/en\/wp-json\/wp\/v2\/categories?post=15402"},{"taxonomy":"post_tag","embeddable":true,"href":"https:\/\/www.creativeaustria.at\/en\/wp-json\/wp\/v2\/tags?post=15402"}],"curies":[{"name":"wp","href":"https:\/\/api.w.org\/{rel}","templated":true}]}}