{"id":17056,"date":"2019-08-15T11:52:29","date_gmt":"2019-08-15T11:52:29","guid":{"rendered":"https:\/\/www.creativeaustria.at\/?p=17056"},"modified":"2019-11-18T13:41:17","modified_gmt":"2019-11-18T13:41:17","slug":"zu-viel-ist-nicht-genug-die-schenkung-sammlung-artelier-neue-galerie-graz-3-7","status":"publish","type":"post","link":"https:\/\/www.creativeaustria.at\/en\/2019\/08\/15\/zu-viel-ist-nicht-genug-die-schenkung-sammlung-artelier-neue-galerie-graz-3-7\/","title":{"rendered":"&#8220;Art Space Styria 2019&#8221; \/ Neue Galerie Graz"},"content":{"rendered":"<h3>14.12.2019 \u2013 12.01.2020; Graz.<br \/>\nNational as well as international produced works of Styrian artists.<\/h3>\n<div id=\"c85078\" class=\"frame frame-default frame-type-textmedia frame-layout-0\">\n<div class=\"ce-textpic ce-left ce-below\">\n<div class=\"ce-bodytext\">\n<p>The Cultural Department of the Province of Styria maintains a number of different studio programmes and scholarships for Styrian artists which enable them to travel abroad or encourage them to set up studios in Styria.<\/p>\n<p>This exhibition at the Neue Galerie Graz shows the different artistic positions with works created in the period 2018\/19.<\/p>\n<\/div>\n<\/div>\n<\/div>\n<header><\/header>\n<p><strong>Art Space Styria 2019<br \/>\n<\/strong>Opening: 13.12.2019 | 19.00<br \/>\nExhibition:\u00a014.12.2019 \u2013 12.01.2020<br \/>\nNeue Galerie Graz<br \/>\nJoanneumsviertel, Zugang Kalchberggasse<br \/>\n8010 Graz<br \/>\n<a href=\"https:\/\/www.museum-joanneum.at\/en\/neue-galerie-graz\/exhibitions\/exhibitions\/events\/event\/7982\/art-space-styria-2019-1\" target=\"_blank\" rel=\"noopener\">www.museum-joanneum.at<\/a><\/p>\n<p><strong>Scholarship for International Studio of Land Steiermark<\/strong>: G\u00fcnter Eichberger, Ana\u00efs Horn, Ulrike K\u00f6nigshofer, Bettina Landl, Nina Schuiki, Florian Sorgo<\/p>\n<p><strong>International film scholarship of Land Steiermark:<\/strong> Peter Kutin, Sandra Wollner<\/p>\n<p><span style=\"color: #000000;\">\u201e<\/span><strong>Artist-in-Europe Scholarship&#8221;:<\/strong> Maryam Mohammadi<\/p>\n<p><strong>Art Space Styria:<\/strong> Frauke Bittner, Matthias Ludwig B\u00fcrger-Mader, Das Planetenparty Prinzip (Alexander Benke, Leonie Bramberger, Victoria Fux, Nora K\u00f6hler, Moritz Ostanek, Miriam Schmid, Alexandra Schmidt, David Valentek, Nora Winkler), GUKUBI (Martin Guevara Kunerth, Tom Biela), Raffael Jessner (with Adna Babahmetovic, Adnan Babahmetovic, Anja Babahmetovic, Carlotta Bonura, Luisa J\u00e4ger, Gabriel Schmidt, Klara Schmidt, Philipp Strohmeier, Katharina Sieghartsleitner, Katharina Wraubek, Johann Zuschnegg), Alfred Lenz, Christina Helena Romirer, Emiliano Sampaio (with Thilo Seevers, Luka Sulzer, Jonatan Sarikoski), Michaela Schweighofer, Christoph Walter Solstreif-Pirker.<\/p>\n","protected":false},"excerpt":{"rendered":"<p>14.12.2019 \u2013 12.01.2020; Graz. National as well as international produced works of Styrian artists. The Cultural Department of the Province of Styria maintains a number of different studio programmes and scholarships for Styrian artists which enable them to travel abroad or encourage them to set up studios in Styria. This exhibition at the Neue Galerie [&hellip;]<\/p>\n","protected":false},"author":2,"featured_media":17058,"comment_status":"open","ping_status":"open","sticky":false,"template":"","format":"standard","meta":{"jetpack_post_was_ever_published":false,"_jetpack_newsletter_access":"","_jetpack_dont_email_post_to_subs":false,"_jetpack_newsletter_tier_id":0,"_jetpack_memberships_contains_paywalled_content":false,"_jetpack_memberships_contains_paid_content":false,"footnotes":"","jetpack_publicize_message":"","jetpack_publicize_feature_enabled":true,"jetpack_social_post_already_shared":true,"jetpack_social_options":{"image_generator_settings":{"template":"highway","enabled":false},"version":2}},"categories":[76,80,77,78,79],"tags":[82,81],"class_list":{"0":"post-17056","1":"post","2":"type-post","3":"status-publish","4":"format-standard","5":"has-post-thumbnail","7":"category-art","8":"category-art-7","9":"category-gegenwartskultur-en","10":"category-graz-en","11":"category-kreative-orte-en","12":"tag-kunst-en","13":"tag-graz-en"},"jetpack_publicize_connections":[],"yoast_head":"<!-- This site is optimized with the Yoast SEO plugin v23.9 - https:\/\/yoast.com\/wordpress\/plugins\/seo\/ -->\n<title>&quot;Art Space Styria 2019&quot; \/ Neue Galerie Graz &#187; CREATIVE AUSTRIA \u2013 Contemporary Culture<\/title>\n<meta name=\"robots\" content=\"index, follow, max-snippet:-1, max-image-preview:large, max-video-preview:-1\" \/>\n<link rel=\"canonical\" href=\"https:\/\/www.creativeaustria.at\/en\/2019\/08\/15\/zu-viel-ist-nicht-genug-die-schenkung-sammlung-artelier-neue-galerie-graz-3-7\/\" \/>\n<meta property=\"og:locale\" content=\"en_US\" \/>\n<meta property=\"og:type\" content=\"article\" \/>\n<meta property=\"og:title\" content=\"&quot;Art Space Styria 2019&quot; \/ Neue Galerie Graz &#187; CREATIVE AUSTRIA \u2013 Contemporary Culture\" \/>\n<meta property=\"og:description\" content=\"14.12.2019 \u2013 12.01.2020; Graz. National as well as international produced works of Styrian artists. The Cultural Department of the Province of Styria maintains a number of different studio programmes and scholarships for Styrian artists which enable them to travel abroad or encourage them to set up studios in Styria. This exhibition at the Neue Galerie [&hellip;]\" \/>\n<meta property=\"og:url\" content=\"https:\/\/www.creativeaustria.at\/en\/2019\/08\/15\/zu-viel-ist-nicht-genug-die-schenkung-sammlung-artelier-neue-galerie-graz-3-7\/\" \/>\n<meta property=\"og:site_name\" content=\"CREATIVE AUSTRIA \u2013 Contemporary Culture\" \/>\n<meta property=\"article:publisher\" content=\"https:\/\/www.facebook.com\/creativeaustria\" \/>\n<meta property=\"article:published_time\" content=\"2019-08-15T11:52:29+00:00\" \/>\n<meta property=\"article:modified_time\" content=\"2019-11-18T13:41:17+00:00\" \/>\n<meta property=\"og:image\" content=\"https:\/\/www.creativeaustria.at\/wp-content\/uploads\/2019\/01\/Kunstraum-Steiermark-2016_web.jpg\" \/>\n\t<meta property=\"og:image:width\" content=\"900\" \/>\n\t<meta property=\"og:image:height\" content=\"668\" \/>\n\t<meta property=\"og:image:type\" content=\"image\/jpeg\" \/>\n<meta name=\"author\" content=\"CREATIVE AUSTRIA\" \/>\n<meta name=\"twitter:card\" content=\"summary_large_image\" \/>\n<meta name=\"twitter:label1\" content=\"Written by\" \/>\n\t<meta name=\"twitter:data1\" content=\"CREATIVE AUSTRIA\" \/>\n\t<meta name=\"twitter:label2\" content=\"Est. reading time\" \/>\n\t<meta name=\"twitter:data2\" content=\"1 minute\" \/>\n<script type=\"application\/ld+json\" class=\"yoast-schema-graph\">{\"@context\":\"https:\/\/schema.org\",\"@graph\":[{\"@type\":\"WebPage\",\"@id\":\"https:\/\/www.creativeaustria.at\/en\/2019\/08\/15\/zu-viel-ist-nicht-genug-die-schenkung-sammlung-artelier-neue-galerie-graz-3-7\/\",\"url\":\"https:\/\/www.creativeaustria.at\/en\/2019\/08\/15\/zu-viel-ist-nicht-genug-die-schenkung-sammlung-artelier-neue-galerie-graz-3-7\/\",\"name\":\"\\\"Art Space Styria 2019\\\" \/ Neue Galerie Graz &#187; CREATIVE AUSTRIA \u2013 Contemporary Culture\",\"isPartOf\":{\"@id\":\"https:\/\/www.creativeaustria.at\/#website\"},\"primaryImageOfPage\":{\"@id\":\"https:\/\/www.creativeaustria.at\/en\/2019\/08\/15\/zu-viel-ist-nicht-genug-die-schenkung-sammlung-artelier-neue-galerie-graz-3-7\/#primaryimage\"},\"image\":{\"@id\":\"https:\/\/www.creativeaustria.at\/en\/2019\/08\/15\/zu-viel-ist-nicht-genug-die-schenkung-sammlung-artelier-neue-galerie-graz-3-7\/#primaryimage\"},\"thumbnailUrl\":\"https:\/\/www.creativeaustria.at\/wp-content\/uploads\/2019\/01\/Kunstraum-Steiermark-2016_web.jpg\",\"datePublished\":\"2019-08-15T11:52:29+00:00\",\"dateModified\":\"2019-11-18T13:41:17+00:00\",\"author\":{\"@id\":\"https:\/\/www.creativeaustria.at\/#\/schema\/person\/2ef270c3dee27d6c0ec621fe9330173e\"},\"breadcrumb\":{\"@id\":\"https:\/\/www.creativeaustria.at\/en\/2019\/08\/15\/zu-viel-ist-nicht-genug-die-schenkung-sammlung-artelier-neue-galerie-graz-3-7\/#breadcrumb\"},\"inLanguage\":\"en-US\",\"potentialAction\":[{\"@type\":\"ReadAction\",\"target\":[\"https:\/\/www.creativeaustria.at\/en\/2019\/08\/15\/zu-viel-ist-nicht-genug-die-schenkung-sammlung-artelier-neue-galerie-graz-3-7\/\"]}]},{\"@type\":\"ImageObject\",\"inLanguage\":\"en-US\",\"@id\":\"https:\/\/www.creativeaustria.at\/en\/2019\/08\/15\/zu-viel-ist-nicht-genug-die-schenkung-sammlung-artelier-neue-galerie-graz-3-7\/#primaryimage\",\"url\":\"https:\/\/www.creativeaustria.at\/wp-content\/uploads\/2019\/01\/Kunstraum-Steiermark-2016_web.jpg\",\"contentUrl\":\"https:\/\/www.creativeaustria.at\/wp-content\/uploads\/2019\/01\/Kunstraum-Steiermark-2016_web.jpg\",\"width\":900,\"height\":668},{\"@type\":\"BreadcrumbList\",\"@id\":\"https:\/\/www.creativeaustria.at\/en\/2019\/08\/15\/zu-viel-ist-nicht-genug-die-schenkung-sammlung-artelier-neue-galerie-graz-3-7\/#breadcrumb\",\"itemListElement\":[{\"@type\":\"ListItem\",\"position\":1,\"name\":\"Startseite\",\"item\":\"https:\/\/www.creativeaustria.at\/en\/\"},{\"@type\":\"ListItem\",\"position\":2,\"name\":\"&#8220;Art Space Styria 2019&#8221; \/ Neue Galerie Graz\"}]},{\"@type\":\"WebSite\",\"@id\":\"https:\/\/www.creativeaustria.at\/#website\",\"url\":\"https:\/\/www.creativeaustria.at\/\",\"name\":\"CREATIVE AUSTRIA \u2013 Contemporary Culture\",\"description\":\"Austrias Magazine for Contemporary Culture\",\"potentialAction\":[{\"@type\":\"SearchAction\",\"target\":{\"@type\":\"EntryPoint\",\"urlTemplate\":\"https:\/\/www.creativeaustria.at\/?s={search_term_string}\"},\"query-input\":{\"@type\":\"PropertyValueSpecification\",\"valueRequired\":true,\"valueName\":\"search_term_string\"}}],\"inLanguage\":\"en-US\"},{\"@type\":\"Person\",\"@id\":\"https:\/\/www.creativeaustria.at\/#\/schema\/person\/2ef270c3dee27d6c0ec621fe9330173e\",\"name\":\"CREATIVE AUSTRIA\",\"image\":{\"@type\":\"ImageObject\",\"inLanguage\":\"en-US\",\"@id\":\"https:\/\/www.creativeaustria.at\/#\/schema\/person\/image\/\",\"url\":\"https:\/\/secure.gravatar.com\/avatar\/684a70572f233313686e8858b8b6ca7b?s=96&d=mm&r=g\",\"contentUrl\":\"https:\/\/secure.gravatar.com\/avatar\/684a70572f233313686e8858b8b6ca7b?s=96&d=mm&r=g\",\"caption\":\"CREATIVE AUSTRIA\"},\"sameAs\":[\"http:\/\/www.creativeaustria.at\"],\"url\":\"https:\/\/www.creativeaustria.at\/en\/author\/creative-austria-redaktion\/\"}]}<\/script>\n<!-- \/ Yoast SEO plugin. -->","yoast_head_json":{"title":"\"Art Space Styria 2019\" \/ Neue Galerie Graz &#187; CREATIVE AUSTRIA \u2013 Contemporary Culture","robots":{"index":"index","follow":"follow","max-snippet":"max-snippet:-1","max-image-preview":"max-image-preview:large","max-video-preview":"max-video-preview:-1"},"canonical":"https:\/\/www.creativeaustria.at\/en\/2019\/08\/15\/zu-viel-ist-nicht-genug-die-schenkung-sammlung-artelier-neue-galerie-graz-3-7\/","og_locale":"en_US","og_type":"article","og_title":"\"Art Space Styria 2019\" \/ Neue Galerie Graz &#187; CREATIVE AUSTRIA \u2013 Contemporary Culture","og_description":"14.12.2019 \u2013 12.01.2020; Graz. National as well as international produced works of Styrian artists. The Cultural Department of the Province of Styria maintains a number of different studio programmes and scholarships for Styrian artists which enable them to travel abroad or encourage them to set up studios in Styria. This exhibition at the Neue Galerie [&hellip;]","og_url":"https:\/\/www.creativeaustria.at\/en\/2019\/08\/15\/zu-viel-ist-nicht-genug-die-schenkung-sammlung-artelier-neue-galerie-graz-3-7\/","og_site_name":"CREATIVE AUSTRIA \u2013 Contemporary Culture","article_publisher":"https:\/\/www.facebook.com\/creativeaustria","article_published_time":"2019-08-15T11:52:29+00:00","article_modified_time":"2019-11-18T13:41:17+00:00","og_image":[{"width":900,"height":668,"url":"https:\/\/www.creativeaustria.at\/wp-content\/uploads\/2019\/01\/Kunstraum-Steiermark-2016_web.jpg","type":"image\/jpeg"}],"author":"CREATIVE AUSTRIA","twitter_card":"summary_large_image","twitter_misc":{"Written by":"CREATIVE AUSTRIA","Est. reading time":"1 minute"},"schema":{"@context":"https:\/\/schema.org","@graph":[{"@type":"WebPage","@id":"https:\/\/www.creativeaustria.at\/en\/2019\/08\/15\/zu-viel-ist-nicht-genug-die-schenkung-sammlung-artelier-neue-galerie-graz-3-7\/","url":"https:\/\/www.creativeaustria.at\/en\/2019\/08\/15\/zu-viel-ist-nicht-genug-die-schenkung-sammlung-artelier-neue-galerie-graz-3-7\/","name":"\"Art Space Styria 2019\" \/ Neue Galerie Graz &#187; CREATIVE AUSTRIA \u2013 Contemporary Culture","isPartOf":{"@id":"https:\/\/www.creativeaustria.at\/#website"},"primaryImageOfPage":{"@id":"https:\/\/www.creativeaustria.at\/en\/2019\/08\/15\/zu-viel-ist-nicht-genug-die-schenkung-sammlung-artelier-neue-galerie-graz-3-7\/#primaryimage"},"image":{"@id":"https:\/\/www.creativeaustria.at\/en\/2019\/08\/15\/zu-viel-ist-nicht-genug-die-schenkung-sammlung-artelier-neue-galerie-graz-3-7\/#primaryimage"},"thumbnailUrl":"https:\/\/www.creativeaustria.at\/wp-content\/uploads\/2019\/01\/Kunstraum-Steiermark-2016_web.jpg","datePublished":"2019-08-15T11:52:29+00:00","dateModified":"2019-11-18T13:41:17+00:00","author":{"@id":"https:\/\/www.creativeaustria.at\/#\/schema\/person\/2ef270c3dee27d6c0ec621fe9330173e"},"breadcrumb":{"@id":"https:\/\/www.creativeaustria.at\/en\/2019\/08\/15\/zu-viel-ist-nicht-genug-die-schenkung-sammlung-artelier-neue-galerie-graz-3-7\/#breadcrumb"},"inLanguage":"en-US","potentialAction":[{"@type":"ReadAction","target":["https:\/\/www.creativeaustria.at\/en\/2019\/08\/15\/zu-viel-ist-nicht-genug-die-schenkung-sammlung-artelier-neue-galerie-graz-3-7\/"]}]},{"@type":"ImageObject","inLanguage":"en-US","@id":"https:\/\/www.creativeaustria.at\/en\/2019\/08\/15\/zu-viel-ist-nicht-genug-die-schenkung-sammlung-artelier-neue-galerie-graz-3-7\/#primaryimage","url":"https:\/\/www.creativeaustria.at\/wp-content\/uploads\/2019\/01\/Kunstraum-Steiermark-2016_web.jpg","contentUrl":"https:\/\/www.creativeaustria.at\/wp-content\/uploads\/2019\/01\/Kunstraum-Steiermark-2016_web.jpg","width":900,"height":668},{"@type":"BreadcrumbList","@id":"https:\/\/www.creativeaustria.at\/en\/2019\/08\/15\/zu-viel-ist-nicht-genug-die-schenkung-sammlung-artelier-neue-galerie-graz-3-7\/#breadcrumb","itemListElement":[{"@type":"ListItem","position":1,"name":"Startseite","item":"https:\/\/www.creativeaustria.at\/en\/"},{"@type":"ListItem","position":2,"name":"&#8220;Art Space Styria 2019&#8221; \/ Neue Galerie Graz"}]},{"@type":"WebSite","@id":"https:\/\/www.creativeaustria.at\/#website","url":"https:\/\/www.creativeaustria.at\/","name":"CREATIVE AUSTRIA \u2013 Contemporary Culture","description":"Austrias Magazine for Contemporary Culture","potentialAction":[{"@type":"SearchAction","target":{"@type":"EntryPoint","urlTemplate":"https:\/\/www.creativeaustria.at\/?s={search_term_string}"},"query-input":{"@type":"PropertyValueSpecification","valueRequired":true,"valueName":"search_term_string"}}],"inLanguage":"en-US"},{"@type":"Person","@id":"https:\/\/www.creativeaustria.at\/#\/schema\/person\/2ef270c3dee27d6c0ec621fe9330173e","name":"CREATIVE AUSTRIA","image":{"@type":"ImageObject","inLanguage":"en-US","@id":"https:\/\/www.creativeaustria.at\/#\/schema\/person\/image\/","url":"https:\/\/secure.gravatar.com\/avatar\/684a70572f233313686e8858b8b6ca7b?s=96&d=mm&r=g","contentUrl":"https:\/\/secure.gravatar.com\/avatar\/684a70572f233313686e8858b8b6ca7b?s=96&d=mm&r=g","caption":"CREATIVE AUSTRIA"},"sameAs":["http:\/\/www.creativeaustria.at"],"url":"https:\/\/www.creativeaustria.at\/en\/author\/creative-austria-redaktion\/"}]}},"jetpack_featured_media_url":"https:\/\/www.creativeaustria.at\/wp-content\/uploads\/2019\/01\/Kunstraum-Steiermark-2016_web.jpg","jetpack_sharing_enabled":true,"jetpack_shortlink":"https:\/\/wp.me\/p9E1qX-4r6","_links":{"self":[{"href":"https:\/\/www.creativeaustria.at\/en\/wp-json\/wp\/v2\/posts\/17056"}],"collection":[{"href":"https:\/\/www.creativeaustria.at\/en\/wp-json\/wp\/v2\/posts"}],"about":[{"href":"https:\/\/www.creativeaustria.at\/en\/wp-json\/wp\/v2\/types\/post"}],"author":[{"embeddable":true,"href":"https:\/\/www.creativeaustria.at\/en\/wp-json\/wp\/v2\/users\/2"}],"replies":[{"embeddable":true,"href":"https:\/\/www.creativeaustria.at\/en\/wp-json\/wp\/v2\/comments?post=17056"}],"version-history":[{"count":4,"href":"https:\/\/www.creativeaustria.at\/en\/wp-json\/wp\/v2\/posts\/17056\/revisions"}],"predecessor-version":[{"id":21207,"href":"https:\/\/www.creativeaustria.at\/en\/wp-json\/wp\/v2\/posts\/17056\/revisions\/21207"}],"wp:featuredmedia":[{"embeddable":true,"href":"https:\/\/www.creativeaustria.at\/en\/wp-json\/wp\/v2\/media\/17058"}],"wp:attachment":[{"href":"https:\/\/www.creativeaustria.at\/en\/wp-json\/wp\/v2\/media?parent=17056"}],"wp:term":[{"taxonomy":"category","embeddable":true,"href":"https:\/\/www.creativeaustria.at\/en\/wp-json\/wp\/v2\/categories?post=17056"},{"taxonomy":"post_tag","embeddable":true,"href":"https:\/\/www.creativeaustria.at\/en\/wp-json\/wp\/v2\/tags?post=17056"}],"curies":[{"name":"wp","href":"https:\/\/api.w.org\/{rel}","templated":true}]}}