{"id":17613,"date":"2019-01-16T10:07:06","date_gmt":"2019-01-16T10:07:06","guid":{"rendered":"https:\/\/www.creativeaustria.at\/2019\/01\/16\/es-zog-mich-durch-die-bilder-kubinnextcomic-landesgalerie-linz\/"},"modified":"2019-03-20T12:30:06","modified_gmt":"2019-03-20T12:30:06","slug":"es-zog-mich-durch-die-bilder-kubinnextcomic-landesgalerie-linz","status":"publish","type":"post","link":"https:\/\/www.creativeaustria.at\/en\/2019\/01\/16\/es-zog-mich-durch-die-bilder-kubinnextcomic-landesgalerie-linz\/","title":{"rendered":"&#8220;&#8216;It took me through the pictures..&#8217; KUBIN@NEXTCOMIC&#8221; \/ Landesgalerie Linz"},"content":{"rendered":"<div id=\"tw-target\">\n<div id=\"tw-target-text-container\" class=\"tw-ta-container tw-nfl\">\n<h3 id=\"tw-target-text\" class=\"tw-data-text tw-ta tw-text-small\" dir=\"ltr\" data-placeholder=\"\u00dcbersetzung\"><span lang=\"en\">13.3. &#8211; 25.08.2019; Linz.<br \/>\nIllustrators in conflict between Kubin and traveling. <\/span><\/h3>\n<p>Travels and art. At NEXTCOMIC festival illustrators explore Alfred Kubin\u2019s art based on his novel &#8220;Die andere Seite&#8221; (&#8220;The Other Side&#8221;) and some of his other works. The contemporary artists take up the humoristic, caricatural and grotesque elements present in Alred Kubin\u2019s works, as well as the threatening and monstrous aspects and manage to give new insights into his art.<\/p>\n<p class=\"tw-data-text tw-ta tw-text-small\" dir=\"ltr\" data-placeholder=\"\u00dcbersetzung\"><span lang=\"en\">The exhibition will feature works by ATAK (Georg Barber), Brigitta Falkner, Anke Feuchtenberger, Nicolas Mahler, Thomas Ott, Christina R\u00f6ckl, Franz S\u00fc\u00df, Edda Strobl and Alfred Kubin himself. <\/span><\/p>\n<p class=\"tw-data-text tw-ta tw-text-small\" dir=\"ltr\" data-placeholder=\"\u00dcbersetzung\"><span lang=\"en\"><strong>&#8220;It took me through the pictures &#8230;&#8221;<\/strong><br \/>\nKUBIN @ NEXTCOMIC<br \/>\nOpening: 13.03.2019 | 19.00 clock<br \/>\nExhibition duration: 14.03. &#8211; 25.08.2019<br \/>\nLandesgalerie Linz Museum Street 14<br \/>\n4010 Linz<br \/>\nwww.landesmuseum.at <\/span><\/p>\n<p class=\"tw-data-text tw-ta tw-text-small\" dir=\"ltr\" data-placeholder=\"\u00dcbersetzung\"><span lang=\"en\"><strong>NEXTCOMIC Festival <\/strong><br \/>\n14. &#8211; 23.03.2019<br \/>\nLinz | Traun | Steyr | Steyrerm\u00fchl www.nextcomic.org<\/span><\/p>\n<pre class=\"tw-ta tw-text-small\" lang=\"en\"><\/pre>\n<\/div>\n<div id=\"tw-target-rmn-container\" class=\"tw-ta-container tw-nfl\">\n<pre id=\"tw-target-rmn\" class=\"tw-data-placeholder tw-ta tw-text-small\" dir=\"ltr\" data-placeholder=\"\"><\/pre>\n<pre class=\"tw-ta tw-text-small\"><\/pre>\n<\/div>\n<div id=\"tw-tmenu\" class=\"tw-menu\"><\/div>\n<\/div>\n","protected":false},"excerpt":{"rendered":"<p>13.3. &#8211; 25.08.2019; Linz. Illustrators in conflict between Kubin and traveling. Travels and art. At NEXTCOMIC festival illustrators explore Alfred Kubin\u2019s art based on his novel &#8220;Die andere Seite&#8221; (&#8220;The Other Side&#8221;) and some of his other works. The contemporary artists take up the humoristic, caricatural and grotesque elements present in Alred Kubin\u2019s works, as [&hellip;]<\/p>\n","protected":false},"author":2,"featured_media":16831,"comment_status":"open","ping_status":"open","sticky":false,"template":"","format":"standard","meta":{"jetpack_post_was_ever_published":false,"_jetpack_newsletter_access":"","_jetpack_dont_email_post_to_subs":false,"_jetpack_newsletter_tier_id":0,"_jetpack_memberships_contains_paywalled_content":false,"_jetpack_memberships_contains_paid_content":false,"footnotes":"","jetpack_publicize_message":"","jetpack_publicize_feature_enabled":true,"jetpack_social_post_already_shared":true,"jetpack_social_options":{"image_generator_settings":{"template":"highway","enabled":false},"version":2}},"categories":[80,302,77,344,352,79],"tags":[82,384],"class_list":{"0":"post-17613","1":"post","2":"type-post","3":"status-publish","4":"format-standard","5":"has-post-thumbnail","7":"category-art-7","8":"category-art-2","9":"category-gegenwartskultur-en","10":"category-linz-en","11":"category-media-art-visuals-graphics","12":"category-kreative-orte-en","13":"tag-kunst-en","14":"tag-linz-en"},"jetpack_publicize_connections":[],"yoast_head":"<!-- This site is optimized with the Yoast SEO plugin v23.9 - https:\/\/yoast.com\/wordpress\/plugins\/seo\/ -->\n<title>&quot;&#039;It took me through the pictures..&#039; KUBIN@NEXTCOMIC&quot; \/ Landesgalerie Linz &#187; CREATIVE AUSTRIA \u2013 Contemporary Culture<\/title>\n<meta name=\"robots\" content=\"index, follow, max-snippet:-1, max-image-preview:large, max-video-preview:-1\" \/>\n<link rel=\"canonical\" href=\"https:\/\/www.creativeaustria.at\/en\/2019\/01\/16\/es-zog-mich-durch-die-bilder-kubinnextcomic-landesgalerie-linz\/\" \/>\n<meta property=\"og:locale\" content=\"en_US\" \/>\n<meta property=\"og:type\" content=\"article\" \/>\n<meta property=\"og:title\" content=\"&quot;&#039;It took me through the pictures..&#039; KUBIN@NEXTCOMIC&quot; \/ Landesgalerie Linz &#187; CREATIVE AUSTRIA \u2013 Contemporary Culture\" \/>\n<meta property=\"og:description\" content=\"13.3. &#8211; 25.08.2019; Linz. Illustrators in conflict between Kubin and traveling. Travels and art. At NEXTCOMIC festival illustrators explore Alfred Kubin\u2019s art based on his novel &#8220;Die andere Seite&#8221; (&#8220;The Other Side&#8221;) and some of his other works. The contemporary artists take up the humoristic, caricatural and grotesque elements present in Alred Kubin\u2019s works, as [&hellip;]\" \/>\n<meta property=\"og:url\" content=\"https:\/\/www.creativeaustria.at\/en\/2019\/01\/16\/es-zog-mich-durch-die-bilder-kubinnextcomic-landesgalerie-linz\/\" \/>\n<meta property=\"og:site_name\" content=\"CREATIVE AUSTRIA \u2013 Contemporary Culture\" \/>\n<meta property=\"article:publisher\" content=\"https:\/\/www.facebook.com\/creativeaustria\" \/>\n<meta property=\"article:published_time\" content=\"2019-01-16T10:07:06+00:00\" \/>\n<meta property=\"article:modified_time\" content=\"2019-03-20T12:30:06+00:00\" \/>\n<meta property=\"og:image\" content=\"https:\/\/www.creativeaustria.at\/wp-content\/uploads\/2019\/01\/KubinBarber_web.jpg\" \/>\n\t<meta property=\"og:image:width\" content=\"900\" \/>\n\t<meta property=\"og:image:height\" content=\"570\" \/>\n\t<meta property=\"og:image:type\" content=\"image\/jpeg\" \/>\n<meta name=\"author\" content=\"CREATIVE AUSTRIA\" \/>\n<meta name=\"twitter:card\" content=\"summary_large_image\" \/>\n<meta name=\"twitter:label1\" content=\"Written by\" \/>\n\t<meta name=\"twitter:data1\" content=\"CREATIVE AUSTRIA\" \/>\n\t<meta name=\"twitter:label2\" content=\"Est. reading time\" \/>\n\t<meta name=\"twitter:data2\" content=\"1 minute\" \/>\n<script type=\"application\/ld+json\" class=\"yoast-schema-graph\">{\"@context\":\"https:\/\/schema.org\",\"@graph\":[{\"@type\":\"WebPage\",\"@id\":\"https:\/\/www.creativeaustria.at\/en\/2019\/01\/16\/es-zog-mich-durch-die-bilder-kubinnextcomic-landesgalerie-linz\/\",\"url\":\"https:\/\/www.creativeaustria.at\/en\/2019\/01\/16\/es-zog-mich-durch-die-bilder-kubinnextcomic-landesgalerie-linz\/\",\"name\":\"\\\"'It took me through the pictures..' KUBIN@NEXTCOMIC\\\" \/ Landesgalerie Linz &#187; CREATIVE AUSTRIA \u2013 Contemporary Culture\",\"isPartOf\":{\"@id\":\"https:\/\/www.creativeaustria.at\/#website\"},\"primaryImageOfPage\":{\"@id\":\"https:\/\/www.creativeaustria.at\/en\/2019\/01\/16\/es-zog-mich-durch-die-bilder-kubinnextcomic-landesgalerie-linz\/#primaryimage\"},\"image\":{\"@id\":\"https:\/\/www.creativeaustria.at\/en\/2019\/01\/16\/es-zog-mich-durch-die-bilder-kubinnextcomic-landesgalerie-linz\/#primaryimage\"},\"thumbnailUrl\":\"https:\/\/www.creativeaustria.at\/wp-content\/uploads\/2019\/01\/KubinBarber_web.jpg\",\"datePublished\":\"2019-01-16T10:07:06+00:00\",\"dateModified\":\"2019-03-20T12:30:06+00:00\",\"author\":{\"@id\":\"https:\/\/www.creativeaustria.at\/#\/schema\/person\/2ef270c3dee27d6c0ec621fe9330173e\"},\"breadcrumb\":{\"@id\":\"https:\/\/www.creativeaustria.at\/en\/2019\/01\/16\/es-zog-mich-durch-die-bilder-kubinnextcomic-landesgalerie-linz\/#breadcrumb\"},\"inLanguage\":\"en-US\",\"potentialAction\":[{\"@type\":\"ReadAction\",\"target\":[\"https:\/\/www.creativeaustria.at\/en\/2019\/01\/16\/es-zog-mich-durch-die-bilder-kubinnextcomic-landesgalerie-linz\/\"]}]},{\"@type\":\"ImageObject\",\"inLanguage\":\"en-US\",\"@id\":\"https:\/\/www.creativeaustria.at\/en\/2019\/01\/16\/es-zog-mich-durch-die-bilder-kubinnextcomic-landesgalerie-linz\/#primaryimage\",\"url\":\"https:\/\/www.creativeaustria.at\/wp-content\/uploads\/2019\/01\/KubinBarber_web.jpg\",\"contentUrl\":\"https:\/\/www.creativeaustria.at\/wp-content\/uploads\/2019\/01\/KubinBarber_web.jpg\",\"width\":900,\"height\":570,\"caption\":\"Links: \\\"Daily Painting\\\" von ATAK (Georg Barber). Rechts: \\\"Das Maul\\\" von Alfred Kubin.\"},{\"@type\":\"BreadcrumbList\",\"@id\":\"https:\/\/www.creativeaustria.at\/en\/2019\/01\/16\/es-zog-mich-durch-die-bilder-kubinnextcomic-landesgalerie-linz\/#breadcrumb\",\"itemListElement\":[{\"@type\":\"ListItem\",\"position\":1,\"name\":\"Startseite\",\"item\":\"https:\/\/www.creativeaustria.at\/en\/\"},{\"@type\":\"ListItem\",\"position\":2,\"name\":\"&#8220;&#8216;It took me through the pictures..&#8217; KUBIN@NEXTCOMIC&#8221; \/ Landesgalerie Linz\"}]},{\"@type\":\"WebSite\",\"@id\":\"https:\/\/www.creativeaustria.at\/#website\",\"url\":\"https:\/\/www.creativeaustria.at\/\",\"name\":\"CREATIVE AUSTRIA \u2013 Contemporary Culture\",\"description\":\"Austrias Magazine for Contemporary Culture\",\"potentialAction\":[{\"@type\":\"SearchAction\",\"target\":{\"@type\":\"EntryPoint\",\"urlTemplate\":\"https:\/\/www.creativeaustria.at\/?s={search_term_string}\"},\"query-input\":{\"@type\":\"PropertyValueSpecification\",\"valueRequired\":true,\"valueName\":\"search_term_string\"}}],\"inLanguage\":\"en-US\"},{\"@type\":\"Person\",\"@id\":\"https:\/\/www.creativeaustria.at\/#\/schema\/person\/2ef270c3dee27d6c0ec621fe9330173e\",\"name\":\"CREATIVE AUSTRIA\",\"image\":{\"@type\":\"ImageObject\",\"inLanguage\":\"en-US\",\"@id\":\"https:\/\/www.creativeaustria.at\/#\/schema\/person\/image\/\",\"url\":\"https:\/\/secure.gravatar.com\/avatar\/684a70572f233313686e8858b8b6ca7b?s=96&d=mm&r=g\",\"contentUrl\":\"https:\/\/secure.gravatar.com\/avatar\/684a70572f233313686e8858b8b6ca7b?s=96&d=mm&r=g\",\"caption\":\"CREATIVE AUSTRIA\"},\"sameAs\":[\"http:\/\/www.creativeaustria.at\"],\"url\":\"https:\/\/www.creativeaustria.at\/en\/author\/creative-austria-redaktion\/\"}]}<\/script>\n<!-- \/ Yoast SEO plugin. -->","yoast_head_json":{"title":"\"'It took me through the pictures..' KUBIN@NEXTCOMIC\" \/ Landesgalerie Linz &#187; CREATIVE AUSTRIA \u2013 Contemporary Culture","robots":{"index":"index","follow":"follow","max-snippet":"max-snippet:-1","max-image-preview":"max-image-preview:large","max-video-preview":"max-video-preview:-1"},"canonical":"https:\/\/www.creativeaustria.at\/en\/2019\/01\/16\/es-zog-mich-durch-die-bilder-kubinnextcomic-landesgalerie-linz\/","og_locale":"en_US","og_type":"article","og_title":"\"'It took me through the pictures..' KUBIN@NEXTCOMIC\" \/ Landesgalerie Linz &#187; CREATIVE AUSTRIA \u2013 Contemporary Culture","og_description":"13.3. &#8211; 25.08.2019; Linz. Illustrators in conflict between Kubin and traveling. Travels and art. At NEXTCOMIC festival illustrators explore Alfred Kubin\u2019s art based on his novel &#8220;Die andere Seite&#8221; (&#8220;The Other Side&#8221;) and some of his other works. The contemporary artists take up the humoristic, caricatural and grotesque elements present in Alred Kubin\u2019s works, as [&hellip;]","og_url":"https:\/\/www.creativeaustria.at\/en\/2019\/01\/16\/es-zog-mich-durch-die-bilder-kubinnextcomic-landesgalerie-linz\/","og_site_name":"CREATIVE AUSTRIA \u2013 Contemporary Culture","article_publisher":"https:\/\/www.facebook.com\/creativeaustria","article_published_time":"2019-01-16T10:07:06+00:00","article_modified_time":"2019-03-20T12:30:06+00:00","og_image":[{"width":900,"height":570,"url":"https:\/\/www.creativeaustria.at\/wp-content\/uploads\/2019\/01\/KubinBarber_web.jpg","type":"image\/jpeg"}],"author":"CREATIVE AUSTRIA","twitter_card":"summary_large_image","twitter_misc":{"Written by":"CREATIVE AUSTRIA","Est. reading time":"1 minute"},"schema":{"@context":"https:\/\/schema.org","@graph":[{"@type":"WebPage","@id":"https:\/\/www.creativeaustria.at\/en\/2019\/01\/16\/es-zog-mich-durch-die-bilder-kubinnextcomic-landesgalerie-linz\/","url":"https:\/\/www.creativeaustria.at\/en\/2019\/01\/16\/es-zog-mich-durch-die-bilder-kubinnextcomic-landesgalerie-linz\/","name":"\"'It took me through the pictures..' KUBIN@NEXTCOMIC\" \/ Landesgalerie Linz &#187; CREATIVE AUSTRIA \u2013 Contemporary Culture","isPartOf":{"@id":"https:\/\/www.creativeaustria.at\/#website"},"primaryImageOfPage":{"@id":"https:\/\/www.creativeaustria.at\/en\/2019\/01\/16\/es-zog-mich-durch-die-bilder-kubinnextcomic-landesgalerie-linz\/#primaryimage"},"image":{"@id":"https:\/\/www.creativeaustria.at\/en\/2019\/01\/16\/es-zog-mich-durch-die-bilder-kubinnextcomic-landesgalerie-linz\/#primaryimage"},"thumbnailUrl":"https:\/\/www.creativeaustria.at\/wp-content\/uploads\/2019\/01\/KubinBarber_web.jpg","datePublished":"2019-01-16T10:07:06+00:00","dateModified":"2019-03-20T12:30:06+00:00","author":{"@id":"https:\/\/www.creativeaustria.at\/#\/schema\/person\/2ef270c3dee27d6c0ec621fe9330173e"},"breadcrumb":{"@id":"https:\/\/www.creativeaustria.at\/en\/2019\/01\/16\/es-zog-mich-durch-die-bilder-kubinnextcomic-landesgalerie-linz\/#breadcrumb"},"inLanguage":"en-US","potentialAction":[{"@type":"ReadAction","target":["https:\/\/www.creativeaustria.at\/en\/2019\/01\/16\/es-zog-mich-durch-die-bilder-kubinnextcomic-landesgalerie-linz\/"]}]},{"@type":"ImageObject","inLanguage":"en-US","@id":"https:\/\/www.creativeaustria.at\/en\/2019\/01\/16\/es-zog-mich-durch-die-bilder-kubinnextcomic-landesgalerie-linz\/#primaryimage","url":"https:\/\/www.creativeaustria.at\/wp-content\/uploads\/2019\/01\/KubinBarber_web.jpg","contentUrl":"https:\/\/www.creativeaustria.at\/wp-content\/uploads\/2019\/01\/KubinBarber_web.jpg","width":900,"height":570,"caption":"Links: \"Daily Painting\" von ATAK (Georg Barber). Rechts: \"Das Maul\" von Alfred Kubin."},{"@type":"BreadcrumbList","@id":"https:\/\/www.creativeaustria.at\/en\/2019\/01\/16\/es-zog-mich-durch-die-bilder-kubinnextcomic-landesgalerie-linz\/#breadcrumb","itemListElement":[{"@type":"ListItem","position":1,"name":"Startseite","item":"https:\/\/www.creativeaustria.at\/en\/"},{"@type":"ListItem","position":2,"name":"&#8220;&#8216;It took me through the pictures..&#8217; KUBIN@NEXTCOMIC&#8221; \/ Landesgalerie Linz"}]},{"@type":"WebSite","@id":"https:\/\/www.creativeaustria.at\/#website","url":"https:\/\/www.creativeaustria.at\/","name":"CREATIVE AUSTRIA \u2013 Contemporary Culture","description":"Austrias Magazine for Contemporary Culture","potentialAction":[{"@type":"SearchAction","target":{"@type":"EntryPoint","urlTemplate":"https:\/\/www.creativeaustria.at\/?s={search_term_string}"},"query-input":{"@type":"PropertyValueSpecification","valueRequired":true,"valueName":"search_term_string"}}],"inLanguage":"en-US"},{"@type":"Person","@id":"https:\/\/www.creativeaustria.at\/#\/schema\/person\/2ef270c3dee27d6c0ec621fe9330173e","name":"CREATIVE AUSTRIA","image":{"@type":"ImageObject","inLanguage":"en-US","@id":"https:\/\/www.creativeaustria.at\/#\/schema\/person\/image\/","url":"https:\/\/secure.gravatar.com\/avatar\/684a70572f233313686e8858b8b6ca7b?s=96&d=mm&r=g","contentUrl":"https:\/\/secure.gravatar.com\/avatar\/684a70572f233313686e8858b8b6ca7b?s=96&d=mm&r=g","caption":"CREATIVE AUSTRIA"},"sameAs":["http:\/\/www.creativeaustria.at"],"url":"https:\/\/www.creativeaustria.at\/en\/author\/creative-austria-redaktion\/"}]}},"jetpack_featured_media_url":"https:\/\/www.creativeaustria.at\/wp-content\/uploads\/2019\/01\/KubinBarber_web.jpg","jetpack_sharing_enabled":true,"jetpack_shortlink":"https:\/\/wp.me\/p9E1qX-4A5","_links":{"self":[{"href":"https:\/\/www.creativeaustria.at\/en\/wp-json\/wp\/v2\/posts\/17613"}],"collection":[{"href":"https:\/\/www.creativeaustria.at\/en\/wp-json\/wp\/v2\/posts"}],"about":[{"href":"https:\/\/www.creativeaustria.at\/en\/wp-json\/wp\/v2\/types\/post"}],"author":[{"embeddable":true,"href":"https:\/\/www.creativeaustria.at\/en\/wp-json\/wp\/v2\/users\/2"}],"replies":[{"embeddable":true,"href":"https:\/\/www.creativeaustria.at\/en\/wp-json\/wp\/v2\/comments?post=17613"}],"version-history":[{"count":2,"href":"https:\/\/www.creativeaustria.at\/en\/wp-json\/wp\/v2\/posts\/17613\/revisions"}],"predecessor-version":[{"id":18219,"href":"https:\/\/www.creativeaustria.at\/en\/wp-json\/wp\/v2\/posts\/17613\/revisions\/18219"}],"wp:featuredmedia":[{"embeddable":true,"href":"https:\/\/www.creativeaustria.at\/en\/wp-json\/wp\/v2\/media\/16831"}],"wp:attachment":[{"href":"https:\/\/www.creativeaustria.at\/en\/wp-json\/wp\/v2\/media?parent=17613"}],"wp:term":[{"taxonomy":"category","embeddable":true,"href":"https:\/\/www.creativeaustria.at\/en\/wp-json\/wp\/v2\/categories?post=17613"},{"taxonomy":"post_tag","embeddable":true,"href":"https:\/\/www.creativeaustria.at\/en\/wp-json\/wp\/v2\/tags?post=17613"}],"curies":[{"name":"wp","href":"https:\/\/api.w.org\/{rel}","templated":true}]}}