{"id":17640,"date":"2019-01-28T09:20:50","date_gmt":"2019-01-28T09:20:50","guid":{"rendered":"https:\/\/www.creativeaustria.at\/2019\/01\/28\/elevate-festival-wahrheit-graz-2019\/"},"modified":"2019-02-20T11:04:40","modified_gmt":"2019-02-20T11:04:40","slug":"elevate-festival-wahrheit-graz-2019","status":"publish","type":"post","link":"https:\/\/www.creativeaustria.at\/en\/2019\/01\/28\/elevate-festival-wahrheit-graz-2019\/","title":{"rendered":"\u201cElevate Festival \u2013 Truth\u201d \/ Graz 2019"},"content":{"rendered":"<h3>27.02. \u2013 03.03.2019; Graz.<br \/>\nThe &#8220;truth&#8221; and its many &#8220;scary&#8221; siblings.<\/h3>\n<p>The Elevate Festival for music, art and political discourse transforms Graz into a hotspot of young, contemporary festival culture. People from all over the world come together to exchange ideas, to dance, to marvel and to make plans for future-oriented projects. In and around the Schlossberg numerous concerts, art actions and conferences take place on five days. The star guest of this year&#8217;s festival is Pamela Anderson. Her socio-political activism of recent years has attracted much attention. As part of the Elevate opening in the Orpheum, she will report on her experiences.<\/p>\n<h4>Music &#8211; the quiet, the loud, the unheard of and the never heard.<\/h4>\n<p>The music program of the Elevate Festival in 2019 is as varied as ever. It combines modern music at the interface of techno-hedonism, free jazz, avant-garde rock and new music. Live concerts, audiovisual experiments, commissioned compositions and all sorts of electronic beats are the basic components on more than eight stages in and around Graz&#8217;s Schlossberg.<br \/>\nThe line up to the festival can be found below.<\/p>\n<figure id=\"attachment_17425\" aria-describedby=\"caption-attachment-17425\" style=\"width: 696px\" class=\"wp-caption alignnone\"><img loading=\"lazy\" decoding=\"async\" class=\"wp-image-17425 size-large\" src=\"https:\/\/www.creativeaustria.at\/wp-content\/uploads\/2019\/01\/michael_mayer_1-1024x569.jpeg\" alt=\"\" width=\"696\" height=\"387\" srcset=\"https:\/\/www.creativeaustria.at\/wp-content\/uploads\/2019\/01\/michael_mayer_1-1024x569.jpeg 1024w, https:\/\/www.creativeaustria.at\/wp-content\/uploads\/2019\/01\/michael_mayer_1-300x167.jpeg 300w, https:\/\/www.creativeaustria.at\/wp-content\/uploads\/2019\/01\/michael_mayer_1-768x427.jpeg 768w, https:\/\/www.creativeaustria.at\/wp-content\/uploads\/2019\/01\/michael_mayer_1-696x387.jpeg 696w, https:\/\/www.creativeaustria.at\/wp-content\/uploads\/2019\/01\/michael_mayer_1-1068x593.jpeg 1068w, https:\/\/www.creativeaustria.at\/wp-content\/uploads\/2019\/01\/michael_mayer_1-756x420.jpeg 756w, https:\/\/www.creativeaustria.at\/wp-content\/uploads\/2019\/01\/michael_mayer_1.jpeg 1440w\" sizes=\"(max-width: 696px) 100vw, 696px\" \/><figcaption id=\"caption-attachment-17425\" class=\"wp-caption-text\">Als international gefeierter DJ und Produzent ist der Deutsche Michael Mayer auf den B\u00fchnen der Welt unterwegs.<\/figcaption><\/figure>\n<h4>Art<\/h4>\n<p>The art area of the Elevate Festival in 2019 will be marked by the &#8220;Creative Europe Culture&#8221; project Re-Imagine Europe as well as a newly strengthened partnership with the Institute for Art in Public Space at the Universalmuseum Joanneum.<\/p>\n<p>Behind Re-Imagine Europe lies a Europe-wide art production and presentation project, through which interdisciplinary festivals or contemporary art centers develop programs together. Since 2014, the Elevate team has been leading the development of this multi-year transnational art project.<\/p>\n<p class=\"p1\"><strong>\u201eLIQUID TRUTH\u201c<\/strong> from the Berlin interactive studio schnellbuntebilder in cooperation with Knoth &amp; Renner and the Elevate-Arts-Curator Berit Gilma is an Generative Data Sculpture at the Schlossberg in Graz, which shows the liquid tendencies of #truth and #fake.<\/p>\n<p class=\"p1\"><strong>\u201ePlayy.club\u201c<\/strong> the multi-day art happening of the artist collective kleft operating from Vienna is dedicated to the playful handling of truth. Out of the secret, mechanisms of a society based on knowledge and information will be reflected for several days.<\/p>\n<p class=\"p1\"><strong>Elevate ARTIST IN RESIDENCE &#8211; \u201eHUMAN NATURE\u201c,\u00a0<\/strong>\u00a0by Re-Imagine Europe. &#8220;Human Nature&#8221; is a concept idea of the British filmmaker and visual artist Jeremy Carne. Berit Gilma: &#8220;The work reflects the fallibility of representation within a logical mechanism and the space that opens to autonomous creativity &#8230;&#8221;<\/p>\n<p class=\"p1\">At the\u00a0<strong>IEM High Tech Fantasy Fair <\/strong>on Saturday, students from the Institute for Electronic Music and the Acoustics of the Kunstuni Graz will be showing multimedia sound installations inviting people to join in and try things.<\/p>\n<h4>Discourse<\/h4>\n<p>With scientists, activists and representatives from business, the media and civil society, the internationally acclaimed conference on festivals pursues one of the most contested and at the same time fascinating terms of the knowledge society, the truth and its many secret siblings.<\/p>\n<figure id=\"attachment_16928\" aria-describedby=\"caption-attachment-16928\" style=\"width: 900px\" class=\"wp-caption alignnone\"><img loading=\"lazy\" decoding=\"async\" class=\"size-full wp-image-16928\" src=\"https:\/\/www.creativeaustria.at\/wp-content\/uploads\/2018\/10\/Laura_Wiesboeck_web.jpg\" alt=\"\" width=\"900\" height=\"600\" srcset=\"https:\/\/www.creativeaustria.at\/wp-content\/uploads\/2018\/10\/Laura_Wiesboeck_web.jpg 900w, https:\/\/www.creativeaustria.at\/wp-content\/uploads\/2018\/10\/Laura_Wiesboeck_web-300x200.jpg 300w, https:\/\/www.creativeaustria.at\/wp-content\/uploads\/2018\/10\/Laura_Wiesboeck_web-768x512.jpg 768w, https:\/\/www.creativeaustria.at\/wp-content\/uploads\/2018\/10\/Laura_Wiesboeck_web-696x464.jpg 696w, https:\/\/www.creativeaustria.at\/wp-content\/uploads\/2018\/10\/Laura_Wiesboeck_web-630x420.jpg 630w\" sizes=\"(max-width: 900px) 100vw, 900px\" \/><figcaption id=\"caption-attachment-16928\" class=\"wp-caption-text\">Laura Wiesb\u00f6ck ist eine \u00f6sterreichische Soziologin an der Universit\u00e4t Wien.<\/figcaption><\/figure>\n<p class=\"p1\">In addition to national actors such as the sociologist Laura Wiesb\u00f6ck, or Claudia Gar\u00e1d, who runs the Austrian branch of Wikipedia, are also international activists such as Nnimmo Bassey from Nigeria, environmentalists and poets, winner of the Alternative Nobel Prize &#8220;Right Livelihood Award&#8221;, and Srecko Horvat, Croatian philosopher and democracy activist at DiEM25.<\/p>\n<figure id=\"attachment_16930\" aria-describedby=\"caption-attachment-16930\" style=\"width: 900px\" class=\"wp-caption alignnone\"><img loading=\"lazy\" decoding=\"async\" class=\"size-full wp-image-16930\" src=\"https:\/\/www.creativeaustria.at\/wp-content\/uploads\/2018\/10\/nnimmobassey_web.jpg\" alt=\"\" width=\"900\" height=\"506\" srcset=\"https:\/\/www.creativeaustria.at\/wp-content\/uploads\/2018\/10\/nnimmobassey_web.jpg 900w, https:\/\/www.creativeaustria.at\/wp-content\/uploads\/2018\/10\/nnimmobassey_web-300x169.jpg 300w, https:\/\/www.creativeaustria.at\/wp-content\/uploads\/2018\/10\/nnimmobassey_web-768x432.jpg 768w, https:\/\/www.creativeaustria.at\/wp-content\/uploads\/2018\/10\/nnimmobassey_web-696x391.jpg 696w, https:\/\/www.creativeaustria.at\/wp-content\/uploads\/2018\/10\/nnimmobassey_web-747x420.jpg 747w\" sizes=\"(max-width: 900px) 100vw, 900px\" \/><figcaption id=\"caption-attachment-16930\" class=\"wp-caption-text\">Nnimmo Bassey kommt aus Nigeria und ist Umweltsch\u00fctzer und Poet sowie Tr\u00e4ger des Alternativen Nobelpreises \u201eRight Livelihood Award\u201c.<\/figcaption><\/figure>\n<p class=\"p1\">The individual program days in the Forum Stadtpark are thematically broad:<br \/>\nThe festival theme of truth in the spectrum of media, language and journalism as well as science, technology and art will be debated in the first two days.<br \/>\nFacts about right-wing extremism, terrorism and the shredding of files by state authorities are central topics on Elevate Saturday.<br \/>\nFinally, on Sunday, the topics of migration and the climate crisis will be discussed and discussed together.<\/p>\n<p><strong>Elevate Festival\u00a0\u2013 Wahrheit\u00a0<\/strong><strong>2019<\/strong><br \/>\n27.02. \u2013 03.03.2019<br \/>\nVarious locations<br \/>\nGraz<br \/>\n<a href=\"https:\/\/elevate.at\/\" target=\"_blank\" rel=\"noopener\">www.elevate.at<\/a><\/p>\n<p>Participants:<\/p>\n<p><strong>Diskurs<\/strong><br \/>\nDeena Abdelwahed \/ Pamela Anderson \/ Roxanna Baldrich \/ Nnimmo Bassey \/ Siegfried Beer Doro Blancke \/ Cornelia B\u00f6hnisch \/ Mathias Br\u00f6ckers \/ Alba G. Corral \/ Judith Denkmayr Eva Fischer \/ Lee Gamble \/ Mahsa Ghafari \/ Clara Ginther \/ Mathis Hampel \/ Julia Herrnb\u00f6ck Srecko Horvat \/ Tomasz Konicz \/ Katharina K\u00f6nig-Preuss \/ Ulla Kramar-Schmid \/ Julia Kr\u00fcger Gregor Ladenhauf \/ Thomas Lohninger \/ Erich Moechel \/ Thomas Moser \/ Katharina Nocun Alexandria Ocasio-Cortez* \/ Andreas Peham \/ Peter Pilz \/ Paul Poet \/ Anneliese Rohrer Jan Skudlarek \/ Alexander Unzicker \/ Gaby Weber* \/ Laura Wiesb\u00f6ck \/ Uvm.<br \/>\n*via Videostream<\/p>\n<p><strong>ART<\/strong><br \/>\nLIQUID TRUTH<br \/>\n27.02.-03.03.2019, Schlossberg, nachts<\/p>\n<p class=\"p1\">PLAYY.CLUB<br \/>\nK\u00fcnstlerinnen und K\u00fcnstler: kleft + x + x<br \/>\nZeitraum: 27.02.-03.03.2019<br \/>\nVerschiedene Orte im \u00f6ffentlichen Raum<\/p>\n<p class=\"p1\">HUMAN NATURE<br \/>\nK\u00fcnstler: Jeremy Carne<br \/>\n27.02.-03.03.2019<br \/>\nDom im Berg \/ Tunnel<\/p>\n<p class=\"p1\">IEM High Tech Fantasy Fair<br \/>\nK\u00fcnstler: Wolff &amp; Stahl: Rect_0011 \/ Manhartsberger &amp; Miltiadis: reset.discover \/ Christof Ressi: Game Over Jakob Glasner: Databar<br \/>\n02.03.2019<br \/>\nOrpheum Extra<\/p>\n<p><strong>MUSIC<\/strong><\/p>\n<div class=\"col-12 col-lg-8\">\n<div class=\"list\">\n<div class=\"date\">\n<p><strong>27.02.2019<\/strong><br \/>\nORPHEUM &#8211; 19.30 &#8211; 02.00<br \/>\nOpening Ceremony Interludes by:<br \/>\n<a href=\"https:\/\/elevate.at\/artists\/robin_fox\/\">Robin Fox <span class=\"d-none d-sm-inline\"><small>(<span class=\"label\">Editions Mego<\/span>\/<span class=\"country\">au<\/span>)<\/small><\/span><\/a><br \/>\n<a href=\"https:\/\/elevate.at\/artists\/stine_janvin\/\">Stine Janvin <span class=\"d-none d-sm-inline\"><small>(<span class=\"label\">PAN<\/span>\/<span class=\"country\">no<\/span>)<\/small><\/span><\/a><br \/>\n<a href=\"https:\/\/elevate.at\/artists\/bendik_giske\/\">Bendik Giske <span class=\"d-none d-sm-inline\"><small>(<span class=\"label\">Smalltown Supersound<\/span>\/<span class=\"country\">no<\/span>)<\/small><\/span><\/a><\/p>\n<p>ORPHEUM EXTRA &#8211; 22.15 &#8211; 01.00<br \/>\n<a href=\"https:\/\/elevate.at\/artists\/bendik_giske\/\">Bendik Giske <span class=\"d-none d-sm-inline\"><small>(<span class=\"label\">Smalltown Supersound<\/span>\/<span class=\"country\">no<\/span>)<\/small><\/span><\/a><br \/>\n<a href=\"https:\/\/elevate.at\/artists\/striggles\/\">The Striggles <span class=\"d-none d-sm-inline\"><small>(<span class=\"label\">Rock Is Hell<\/span>\/<span class=\"country\">at<\/span>)<\/small><\/span><\/a><br \/>\n<a href=\"https:\/\/elevate.at\/artists\/stroblazilla\/\">Stroblazilla <span class=\"d-none d-sm-inline\"><small>(<span class=\"country\">at<\/span>)<\/small><\/span><\/a><\/p>\n<p>ORPHEUM EXTRA &#8211; 22.00 &#8211; 02.00<br \/>\n<a href=\"https:\/\/elevate.at\/artists\/citizens\/\">Citizens <span class=\"d-none d-sm-inline\"><small>(<span class=\"label\">Hedonismus Hacienda<\/span>\/<span class=\"country\">ch<\/span>)<\/small><\/span><\/a><\/p>\n<div class=\"table-responsive\" data-date=\"\">\n<p><strong>28.02.2019<br \/>\n<\/strong>MAUSOLEUM &#8211; 19.30 &#8211; 23.30<br \/>\npresented by The Gap<br \/>\n<a href=\"https:\/\/elevate.at\/artists\/peter_broderick\/\">Peter Broderick <span class=\"d-none d-sm-inline\"><small>(<span class=\"label\">Erased Tapes<\/span>\/<span class=\"country\">us<\/span>)<\/small><\/span><\/a><br \/>\n<a href=\"https:\/\/elevate.at\/artists\/kelly_moran\/\">Kelly Moran <span class=\"d-none d-sm-inline\"><small>(<span class=\"label\">Warp Records<\/span>\/<span class=\"country\">us<\/span>)<\/small><\/span><\/a><br \/>\n<a href=\"https:\/\/elevate.at\/artists\/stine_janvin\/\">Stine Janvin <span class=\"d-none d-sm-inline\"><small>(<span class=\"label\">PAN<\/span>\/<span class=\"country\">no<\/span>)<\/small><\/span><\/a><\/p>\n<p>FORUM STADTPARK KELLER &#8211; 22:.00 &#8211; 00.00<br \/>\nDunkelkammer &amp; GIK Spezial<br \/>\n<a href=\"https:\/\/elevate.at\/artists\/atta\/\">Catta <span class=\"d-none d-sm-inline\"><small>(<span class=\"label\">Runes<\/span>\/<span class=\"country\">at<\/span>)<\/small><\/span><\/a><br \/>\n<a href=\"https:\/\/elevate.at\/artists\/lotte_anker\/\">Lotte Anker <span class=\"d-none d-sm-inline\"><small>(<span class=\"country\">dk<\/span>)<\/small><\/span><\/a><br \/>\n<a href=\"https:\/\/elevate.at\/artists\/kinga_toth\/\">Kinga T\u00f3th <span class=\"d-none d-sm-inline\"><small>(<span class=\"country\">si<\/span>)<\/small><\/span><\/a> <b>&amp;<\/b> <a href=\"https:\/\/elevate.at\/artists\/maja_osojnik\/\">Maja Osojnik <span class=\"d-none d-sm-inline\"><small>(<span class=\"country\">si<\/span>)<\/small><\/span><\/a> <b>&amp;<\/b> <a href=\"https:\/\/elevate.at\/artists\/richie_herbst\/\">Richie Herbst <span class=\"d-none d-sm-inline\"><small>(<span class=\"country\">at<\/span>)<\/small><\/span><\/a> <b>&amp;<\/b> <a href=\"https:\/\/elevate.at\/artists\/teonas_borsetto\/\">Teonas Borsetto <span class=\"d-none d-sm-inline\"><small>(<span class=\"country\">it<\/span>)<\/small><\/span><\/a> <b>&amp;<\/b> <a href=\"https:\/\/elevate.at\/artists\/margarethe_maierhoferlis\/\">Margarethe Maierhofer-Lischka <span class=\"d-none d-sm-inline\"><small>(<span class=\"country\">at<\/span>)<\/small><\/span><\/a> <b>&amp;<\/b> <a href=\"https:\/\/elevate.at\/artists\/eva_ursprung\/\">Eva Ursprung <span class=\"d-none d-sm-inline\"><small>(<span class=\"country\">at<\/span>)<\/small><\/span><\/a> <b>&amp;<\/b> <a href=\"https:\/\/elevate.at\/artists\/michael_eisl\/\">Michael Eisl <span class=\"d-none d-sm-inline\"><small>(<span class=\"country\">at<\/span>)<\/small><\/span><\/a> <b>&amp;<\/b> <a href=\"https:\/\/elevate.at\/artists\/yvonne_hofmeister\/\">Yvonne Hofmeister <span class=\"d-none d-sm-inline\"><small>(<span class=\"country\">at<\/span>)<\/small><\/span><\/a> <b>&amp;<\/b><a href=\"https:\/\/elevate.at\/artists\/michael_laab\/\">Michael Laab <span class=\"d-none d-sm-inline\"><small>(<span class=\"country\">at<\/span>)<\/small><\/span><\/a> <b>&amp;<\/b> <a href=\"https:\/\/elevate.at\/artists\/georg_wissa\/\">Georg Wissa <span class=\"d-none d-sm-inline\"><small>(<span class=\"country\">at<\/span>)<\/small><\/span><\/a> <b>&amp;<\/b> <a href=\"https:\/\/elevate.at\/artists\/harald_hofmeister\/\">Harald Hofmeister <span class=\"d-none d-sm-inline\"><small>(<span class=\"country\">at<\/span>)<\/small><\/span><\/a> <b>&amp;<\/b> <a href=\"https:\/\/elevate.at\/artists\/seppo_gruendler\/\">Seppo Gr\u00fcndler <span class=\"d-none d-sm-inline\"><small>(<span class=\"country\">at<\/span>)<\/small><\/span><\/a> <b>&amp;<\/b><a href=\"https:\/\/elevate.at\/artists\/patrick_wurzwallner\/\">Patrick Wurzwallner <span class=\"d-none d-sm-inline\"><small>(<span class=\"country\">at<\/span>)<\/small><\/span><\/a><\/p>\n<\/div>\n<\/div>\n<\/div>\n<\/div>\n<p>PARKHOUSE &#8211; 22.00 &#8211; 06.00<br \/>\n<a href=\"https:\/\/elevate.at\/artists\/grrrls_dj_crew\/\">Grrrls DJ Crew <span class=\"d-none d-sm-inline\"><small>(<span class=\"country\">at<\/span>)<\/small><small class=\"description\"> Carline \/ Top*S \/ Cat Gadget \/ Gasolina<\/small><\/span><\/a><\/p>\n<p><strong>28.02.2019<\/strong><\/p>\n<p>&nbsp;<\/p>\n<div class=\"col-12 col-lg-8\">\n<div class=\"list\">\n<div class=\"date\">\n<div class=\"table-responsive\" data-date=\"\"><\/div>\n<div class=\"table-responsive\" data-date=\"\"><\/div>\n<\/div>\n<div class=\"date\">\n<h2 data-date=\"\">FREITAG, 01. M\u00c4RZ<\/h2>\n<div class=\"table-responsive\" data-date=\"\">\n<h3>ORPHEUM &#8211; 19:30 &#8211; 23:30<\/h3>\n<table class=\"table\">\n<tbody>\n<tr>\n<td>\n<div><a href=\"https:\/\/elevate.at\/artists\/sunn_o\/\">Sunn O))) <span class=\"d-none d-sm-inline\"><small>(<span class=\"label\">Southern Lord<\/span>\/<span class=\"country\">us<\/span>)<\/small><\/span><\/a><\/div>\n<div><a href=\"https:\/\/elevate.at\/artists\/robin_fox\/\">Robin Fox <span class=\"d-none d-sm-inline\"><small>(<span class=\"label\">Editions Mego<\/span>\/<span class=\"country\">au<\/span>)<\/small><small class=\"description\"> Single Origin Live A\/V<\/small><\/span><\/a><\/div>\n<div><a href=\"https:\/\/elevate.at\/artists\/puce_mary\/\">Puce Mary <span class=\"d-none d-sm-inline\"><small>(<span class=\"label\">PAN<\/span>\/<span class=\"country\">dk<\/span>)<\/small><\/span><\/a><\/div>\n<\/td>\n<\/tr>\n<\/tbody>\n<\/table>\n<\/div>\n<div class=\"table-responsive\" data-date=\"\">\n<h3>ORPHEUM EXTRA &#8211; 19:30 &#8211; 23:30<small><span class=\"tag\">Album-Release-Performance<\/span><\/small><\/h3>\n<table class=\"table\">\n<tbody>\n<tr>\n<td>\n<div><a href=\"https:\/\/elevate.at\/artists\/kajkyt\/\">Kajkyt <span class=\"d-none d-sm-inline\"><small>(<span class=\"label\">God Records<\/span>\/<span class=\"country\">ba<\/span>)<\/small><\/span><\/a><\/div>\n<\/td>\n<\/tr>\n<\/tbody>\n<\/table>\n<\/div>\n<div class=\"table-responsive\" data-date=\"\">\n<h3>DOM IM BERG &#8211; 22:00 &#8211; 07:00<small><span class=\"presented\">Hyperdub 15<\/span><\/small><\/h3>\n<table class=\"table\">\n<tbody>\n<tr>\n<td>\n<div><a href=\"https:\/\/elevate.at\/artists\/kode9\/\">Kode9 <span class=\"d-none d-sm-inline\"><small>(<span class=\"label\">Hyperdub<\/span>\/<span class=\"country\">uk<\/span>)<\/small><\/span><\/a> <b>&amp;<\/b> <a href=\"https:\/\/elevate.at\/artists\/kji_morimoto\/\">Koji Morimoto <span class=\"d-none d-sm-inline\"><small>(<span class=\"country\">jp<\/span>)<\/small><\/span><\/a> <b>&amp;<\/b> <a href=\"https:\/\/elevate.at\/artists\/konxompax\/\">Konx-om-Pax <span class=\"d-none d-sm-inline\"><small class=\"live\">live A\/V<\/small><small> (<span class=\"country\">uk<\/span>)<\/small><\/span><\/a><\/div>\n<div><a href=\"https:\/\/elevate.at\/artists\/lee_gamble\/\">Lee Gamble <span class=\"d-none d-sm-inline\"><small>(<span class=\"label\">Hyperdub, UIQ<\/span>\/<span class=\"country\">uk<\/span>)<\/small><small class=\"description\"> Live Ambisonic<\/small><\/span><\/a><\/div>\n<div><a href=\"https:\/\/elevate.at\/artists\/okzharp_manthe_ribane\/\">Okzharp &amp; Manthe Ribane <span class=\"d-none d-sm-inline\"><small>(<span class=\"label\">Hyperdub<\/span>\/<span class=\"country\">za<\/span>)<\/small><small class=\"description\"> Live<\/small><\/span><\/a><\/div>\n<div><a href=\"https:\/\/elevate.at\/artists\/scratchclart\/\">Scratchclart <span class=\"d-none d-sm-inline\"><small>(<span class=\"label\">Allyallrecords, Hyperdub<\/span>\/<span class=\"country\">uk<\/span>)<\/small><\/span><\/a> <b>&amp;<\/b> <a href=\"https:\/\/elevate.at\/artists\/lady_lykez\/\">Lady Lykez <span class=\"d-none d-sm-inline\"><small>(<span class=\"country\">uk<\/span>)<\/small><\/span><\/a><\/div>\n<div><a href=\"https:\/\/elevate.at\/artists\/ikonika\/\">Ikonika <span class=\"d-none d-sm-inline\"><small>(<span class=\"label\">Hyperdub<\/span>\/<span class=\"country\">uk<\/span>)<\/small><\/span><\/a><\/div>\n<div><a href=\"https:\/\/elevate.at\/artists\/nazar\/\">Nazar <span class=\"d-none d-sm-inline\"><small>(<span class=\"label\">Hyperdub<\/span>\/<span class=\"country\">ao<\/span>)<\/small><\/span><\/a><\/div>\n<div><a href=\"https:\/\/elevate.at\/artists\/shannen_sp\/\">Shannen SP <span class=\"d-none d-sm-inline\"><small>(<span class=\"label\">\u00d8, Hyperdub<\/span>\/<span class=\"country\">uk<\/span>)<\/small><\/span><\/a><\/div>\n<\/td>\n<\/tr>\n<\/tbody>\n<\/table>\n<\/div>\n<div class=\"table-responsive\" data-date=\"\">\n<h3>TUNNEL &#8211; 23:00 &#8211; 07:00<small><span class=\"presented\">presented by Absolut Makava<\/span><\/small><\/h3>\n<table class=\"table\">\n<tbody>\n<tr>\n<td>\n<div><a href=\"https:\/\/elevate.at\/artists\/deena_abdelwahed\/\">Deena Abdelwahed <span class=\"d-none d-sm-inline\"><small>(<span class=\"label\">Infin\u00e9<\/span>\/<span class=\"country\">tn<\/span>)<\/small><\/span><\/a><\/div>\n<div><a href=\"https:\/\/elevate.at\/artists\/vladimir\/\">Vladimir Ivkovic <span class=\"d-none d-sm-inline\"><small>(<span class=\"label\">Salon des Amateurs<\/span>\/<span class=\"country\">rs<\/span>)<\/small><\/span><\/a><\/div>\n<div><a href=\"https:\/\/elevate.at\/artists\/december\/\">December <span class=\"d-none d-sm-inline\"><small>(<span class=\"label\">Return To Disorder, Mannequinn<\/span>\/<span class=\"country\">fr<\/span>)<\/small><small class=\"description\"> Live<\/small><\/span><\/a><\/div>\n<div><a href=\"https:\/\/elevate.at\/artists\/polyxene\/\">Polyxene <span class=\"d-none d-sm-inline\"><small>(<span class=\"label\">Kosmo Kinetico<\/span>\/<span class=\"country\">at<\/span>)<\/small><\/span><\/a><\/div>\n<\/td>\n<\/tr>\n<\/tbody>\n<\/table>\n<\/div>\n<\/div>\n<div class=\"date\">\n<h2 data-date=\"\">SAMSTAG, 02. M\u00c4RZ<\/h2>\n<div class=\"table-responsive\" data-date=\"\">\n<h3>ORPHEUM &#8211; 14:00 &#8211; 23:00<small><span class=\"presented\">Red Bull Music Stage<\/span><\/small><\/h3>\n<table class=\"table\">\n<tbody>\n<tr>\n<td>\n<div><a href=\"https:\/\/elevate.at\/artists\/michael_mayer\/\">Michael Mayer <span class=\"d-none d-sm-inline\"><small>(<span class=\"label\">Kompakt<\/span>\/<span class=\"country\">de<\/span>)<\/small><\/span><\/a><\/div>\n<div><a href=\"https:\/\/elevate.at\/artists\/dorian_concept\/\">Dorian Concept <span class=\"d-none d-sm-inline\"><small>(<span class=\"label\">Brainfeeder<\/span>\/<span class=\"country\">at<\/span>)<\/small><small class=\"description\"> Live<\/small><\/span><\/a><\/div>\n<div><a href=\"https:\/\/elevate.at\/artists\/jayda_g\/\">Jayda G <span class=\"d-none d-sm-inline\"><small>(<span class=\"label\">JMG<\/span>\/<span class=\"country\">ca<\/span>)<\/small><\/span><\/a><\/div>\n<div><a href=\"https:\/\/elevate.at\/artists\/attila_goldberg\/\">Attila &amp; Goldberg <span class=\"d-none d-sm-inline\"><small>(<span class=\"label\">Atropa<\/span>\/<span class=\"country\">at<\/span>)<\/small><\/span><\/a><\/div>\n<\/td>\n<\/tr>\n<\/tbody>\n<\/table>\n<\/div>\n<div class=\"table-responsive\" data-date=\"\">\n<h3>ORPHEUM EXTRA &#8211; 14:00 &#8211; 23:00<small><span class=\"presented\">IEM High Tech Fantasy Fair<\/span><\/small><\/h3>\n<table class=\"table\">\n<tbody>\n<tr>\n<td>\n<div><a href=\"https:\/\/elevate.at\/artists\/christoph_ressi_spiel\/\">Game Over <span class=\"d-none d-sm-inline\"><small>(<span class=\"label\">Christof Ressi<\/span>\/<span class=\"country\">at<\/span>)<\/small><small class=\"description\"> 2D Game Installation<\/small><\/span><\/a><\/div>\n<div><a href=\"https:\/\/elevate.at\/artists\/rect\/\">rect_0011 <span class=\"d-none d-sm-inline\"><small>(<span class=\"label\">Benjamin Stahl, Paul Wolff<\/span>\/<span class=\"country\">at<\/span>)<\/small><small class=\"description\"> Interactive Installation<\/small><\/span><\/a><\/div>\n<div><a href=\"https:\/\/elevate.at\/artists\/constandinos_antonia_vr\/\">reset.discover <span class=\"d-none d-sm-inline\"><small>(<span class=\"label\">Antonia Manhartsberger, Constantinos Miltiadis<\/span>\/<span class=\"country\">at<\/span>)<\/small><small class=\"description\"> VR Installation<\/small><\/span><\/a><\/div>\n<\/td>\n<\/tr>\n<\/tbody>\n<\/table>\n<\/div>\n<div class=\"table-responsive\" data-date=\"\">\n<h3>DOM IM BERG &#8211; 22:00 &#8211; 08:00<\/h3>\n<table class=\"table\">\n<tbody>\n<tr>\n<td>\n<div><a href=\"https:\/\/elevate.at\/artists\/paula_temple\/\">Paula Temple <span class=\"d-none d-sm-inline\"><small>(<span class=\"label\">R&amp;S, Noise Manifesto<\/span>\/<span class=\"country\">uk<\/span>)<\/small><\/span><\/a><\/div>\n<div><a href=\"https:\/\/elevate.at\/artists\/bjarki\/\">Bjarki <span class=\"d-none d-sm-inline\"><small>(<span class=\"label\">!K7, \u0442\u0440\u0438\u043f<\/span>\/<span class=\"country\">is<\/span>)<\/small><small class=\"description\"> Live A\/V<\/small><\/span><\/a><\/div>\n<div><a href=\"https:\/\/elevate.at\/artists\/rroxymore\/\">rRoxymore <span class=\"d-none d-sm-inline\"><small>(<span class=\"label\">Ostgut Ton, Don&#8217;t Be Afraid<\/span>\/<span class=\"country\">fr<\/span>)<\/small><small class=\"description\"> Live<\/small><\/span><\/a><\/div>\n<div><a href=\"https:\/\/elevate.at\/artists\/zenker_brothers\/\">Zenker Brothers <span class=\"d-none d-sm-inline\"><small>(<span class=\"label\">Illian Tape<\/span>\/<span class=\"country\">de<\/span>)<\/small><\/span><\/a><\/div>\n<div><a href=\"https:\/\/elevate.at\/artists\/ztsch\/\">Z\u00d8TSCH <span class=\"d-none d-sm-inline\"><small>(<span class=\"label\">Leaves<\/span>\/<span class=\"country\">at<\/span>)<\/small><\/span><\/a><\/div>\n<\/td>\n<\/tr>\n<\/tbody>\n<\/table>\n<\/div>\n<div class=\"table-responsive\" data-date=\"\">\n<h3>TUNNEL &#8211; 23:00 &#8211; 06:00<small><span class=\"presented\">presented by Absolut Makava<\/span><\/small><\/h3>\n<table class=\"table\">\n<tbody>\n<tr>\n<td>\n<div><a href=\"https:\/\/elevate.at\/artists\/miss_red\/\">Miss Red <span class=\"d-none d-sm-inline\"><small>(<span class=\"label\">Pressure<\/span>\/<span class=\"country\">il<\/span>)<\/small><small class=\"description\"> Live<\/small><\/span><\/a><\/div>\n<div><a href=\"https:\/\/elevate.at\/artists\/traxman\/\">Traxman <span class=\"d-none d-sm-inline\"><small>(<span class=\"label\">Dance Mania, Teklife<\/span>\/<span class=\"country\">us<\/span>)<\/small><\/span><\/a><\/div>\n<div><a href=\"https:\/\/elevate.at\/artists\/slikback\/\">Slikback <span class=\"d-none d-sm-inline\"><small>(<span class=\"label\">Hakuna Kulala<\/span>\/<span class=\"country\">ke<\/span>)<\/small><\/span><\/a><\/div>\n<div><a href=\"https:\/\/elevate.at\/artists\/sun_people\/\">Sun People <span class=\"d-none d-sm-inline\"><small>(<span class=\"label\">Sub FM, Alphacut<\/span>\/<span class=\"country\">at<\/span>)<\/small><\/span><\/a><\/div>\n<div><a href=\"https:\/\/elevate.at\/artists\/moska\/\">Moska <span class=\"d-none d-sm-inline\"><small>(<span class=\"label\">Radio Nula, DJ Saraieva, GOR<\/span>\/<span class=\"country\">si<\/span>)<\/small><\/span><\/a><\/div>\n<\/td>\n<\/tr>\n<\/tbody>\n<\/table>\n<\/div>\n<div class=\"table-responsive\" data-date=\"\">\n<h3>DUNGEON &#8211; 22:00 &#8211; 05:00<small><span class=\"presented\">presented by The Quietus<\/span><\/small><\/h3>\n<table class=\"table\">\n<tbody>\n<tr>\n<td>\n<div><a href=\"https:\/\/elevate.at\/artists\/keith_fullerton_whitman\/\">Keith Fullerton Whitman <span class=\"d-none d-sm-inline\"><small>(<span class=\"label\">Protracted View<\/span>\/<span class=\"country\">us<\/span>)<\/small><\/span><\/a><\/div>\n<div><a href=\"https:\/\/elevate.at\/artists\/astrid_sonne\/\">Astrid Sonne <span class=\"d-none d-sm-inline\"><small>(<span class=\"label\">Escho<\/span>\/<span class=\"country\">dk<\/span>)<\/small><\/span><\/a><\/div>\n<div><a href=\"https:\/\/elevate.at\/artists\/mopcut\/\">Mopcut <span class=\"d-none d-sm-inline\"><small>(<span class=\"country\">at<\/span>)<\/small><\/span><\/a><\/div>\n<div><a href=\"https:\/\/elevate.at\/artists\/ewa_justka\/\">Ewa Justka <span class=\"d-none d-sm-inline\"><small>(<span class=\"label\">Fractal Meat Cuts<\/span>\/<span class=\"country\">pl<\/span>)<\/small><\/span><\/a><\/div>\n<div><a href=\"https:\/\/elevate.at\/artists\/kassel_jaeger\/\">Kassel Jaeger <span class=\"d-none d-sm-inline\"><small>(<span class=\"label\">Editions Mego<\/span>\/<span class=\"country\">fr<\/span>)<\/small><\/span><\/a><\/div>\n<div><a href=\"https:\/\/elevate.at\/artists\/inou_ki_endo\/\">Inou Ki Endo <span class=\"d-none d-sm-inline\"><small>(<span class=\"label\">Struma + Iodine<\/span>\/<span class=\"country\">at<\/span>)<\/small><\/span><\/a><\/div>\n<\/td>\n<\/tr>\n<\/tbody>\n<\/table>\n<\/div>\n<div class=\"table-responsive\" data-date=\"\">\n<h3>PARKHOUSE &#8211; 06:00 &#8211; 12:00<small><span class=\"tag\">Afterhour<\/span><\/small><\/h3>\n<table class=\"table\">\n<tbody>\n<tr>\n<td>\n<div><a href=\"https:\/\/elevate.at\/artists\/im_in_love_with_kollekti\/\">I&#8217;m in Love with &#8211; Kollektiv <span class=\"d-none d-sm-inline\"><small>(<span class=\"label\">Rollo Royce, Julia Caballera, Feta Chris<\/span>\/<span class=\"country\">at<\/span>)<\/small><\/span><\/a><\/div>\n<\/td>\n<\/tr>\n<\/tbody>\n<\/table>\n<\/div>\n<\/div>\n<div class=\"date\">\n<h2 data-date=\"\">SONNTAG, 03. M\u00c4RZ<\/h2>\n<div class=\"table-responsive\" data-date=\"\">\n<h3>ORPHEUM &#8211; 19:30 &#8211; 22:30<small><span class=\"presented\">presented by FM4<\/span><span class=\"tag\">Closing Concert<\/span><\/small><\/h3>\n<table class=\"table\">\n<tbody>\n<tr>\n<td>\n<div><a href=\"https:\/\/elevate.at\/artists\/daf\/\">DAF <span class=\"d-none d-sm-inline\"><small>(<span class=\"label\">Mute, Virgin<\/span>\/<span class=\"country\">de<\/span>)<\/small><\/span><\/a><\/div>\n<div><a href=\"https:\/\/elevate.at\/artists\/lady_lynch\/\">Lady Lynch <span class=\"d-none d-sm-inline\"><small>(<span class=\"label\">Cut Surface<\/span>\/<span class=\"country\">at<\/span>)<\/small><\/span><\/a><\/div>\n<\/td>\n<\/tr>\n<\/tbody>\n<\/table>\n<\/div>\n<\/div>\n<\/div>\n<\/div>\n<div class=\"col-12 col-lg-4 featured\">\n<p><a class=\"thumbnail\" href=\"https:\/\/elevate.at\/artists\/sunn_o\/\"><img decoding=\"async\" class=\"img-fluid\" title=\"\" src=\"https:\/\/elevate.at\/fileadmin\/EIS_images\/artist\/1702\/5925-list_sunn_o_by_ronald_dick.jpg\" alt=\"\" \/><\/a><\/p>\n<h3 class=\"caption\">SUNN O)))<\/h3>\n<div class=\"description\"><span class=\"date\">FR, 01 M\u00c4R<\/span><span class=\"time\">22:00 &#8211; 23:30<\/span><span class=\"location\">Orpheum<\/span><\/div>\n<p><a class=\"thumbnail\" href=\"https:\/\/elevate.at\/artists\/paula_temple\/\"><img decoding=\"async\" class=\"img-fluid\" title=\"\" src=\"https:\/\/elevate.at\/fileadmin\/EIS_images\/artist\/1714\/6005-list_paula_temple.jpg\" alt=\"\" \/><\/a><\/p>\n<h3 class=\"caption\">PAULA TEMPLE<\/h3>\n<div class=\"description\"><span class=\"date\">SA, 02 M\u00c4R<\/span><span class=\"time\">02:30 &#8211; 04:30<\/span><span class=\"location\">Dom Im Berg<\/span><\/div>\n<p><a class=\"thumbnail\" href=\"https:\/\/elevate.at\/artists\/kode9\/\"><img decoding=\"async\" class=\"img-fluid\" title=\"\" src=\"https:\/\/elevate.at\/fileadmin\/EIS_images\/artist\/1692\/5908-list_kode9_by.jpg\" alt=\"\" \/><\/a><\/p>\n<h3 class=\"caption\">KODE9<\/h3>\n<div class=\"description\"><span class=\"date\">FR, 01 M\u00c4R<\/span><span class=\"time\">02:00 &#8211; 02:45<\/span><span class=\"location\">Dom Im Berg<\/span><\/div>\n<p><a class=\"thumbnail\" href=\"https:\/\/elevate.at\/artists\/jayda_g\/\"><img decoding=\"async\" class=\"img-fluid\" title=\"\" src=\"https:\/\/elevate.at\/fileadmin\/EIS_images\/artist\/1695\/5914-list_jayda-g.jpg\" alt=\"\" \/><\/a><\/p>\n<h3 class=\"caption\">JAYDA G<\/h3>\n<div class=\"description\"><span class=\"date\">SA, 02 M\u00c4R<\/span><span class=\"time\">16:00 &#8211; 19:00<\/span><span class=\"location\">Orpheum<\/span><\/div>\n<p><a class=\"thumbnail\" href=\"https:\/\/elevate.at\/artists\/daf\/\"><img decoding=\"async\" class=\"img-fluid\" title=\"\" src=\"https:\/\/elevate.at\/fileadmin\/EIS_images\/artist\/1698\/5920-list_daf.jpg\" alt=\"\" \/><\/a><\/p>\n<h3 class=\"caption\">DAF<\/h3>\n<div class=\"description\"><span class=\"date\">SO, 03 M\u00c4R<\/span><span class=\"time\">21:15 &#8211; 22:15<\/span><span class=\"location\">Orpheum<\/span><\/div>\n<p><a class=\"thumbnail\" href=\"https:\/\/elevate.at\/artists\/kelly_moran\/\"><img decoding=\"async\" class=\"img-fluid\" title=\"\" src=\"https:\/\/elevate.at\/fileadmin\/EIS_images\/artist\/1701\/5929-list_kelly_moran.jpg\" alt=\"\" \/><\/a><\/p>\n<h3 class=\"caption\">KELLY MORAN<\/h3>\n<div class=\"description\"><span class=\"date\">DO, 28 FEB<\/span><span class=\"time\">20:15 &#8211; 21:00<\/span><span class=\"location\">Mausoleum<\/span><\/div>\n<p><a class=\"thumbnail\" href=\"https:\/\/elevate.at\/artists\/peter_broderick\/\"><img decoding=\"async\" class=\"img-fluid\" title=\" Christian Hedel\" src=\"https:\/\/elevate.at\/fileadmin\/EIS_images\/artist\/1705\/6002-list_peter_broderick_by_christian_hedel.jpg\" alt=\" Christian Hedel\" \/><\/a><\/p>\n<h3 class=\"caption\">PETER BRODERICK<\/h3>\n<div class=\"description\"><span class=\"date\">DO, 28 FEB<\/span><span class=\"time\">22:15 &#8211; 23:15<\/span><span class=\"location\">Mausoleum<\/span><\/div>\n<p><a class=\"thumbnail\" href=\"https:\/\/elevate.at\/artists\/michael_mayer\/\"><img decoding=\"async\" class=\"img-fluid\" title=\"\" src=\"https:\/\/elevate.at\/fileadmin\/EIS_images\/artist\/1716\/6009-list_michael_mayer.jpg\" alt=\"\" \/><\/a><\/p>\n<h3 class=\"caption\">MICHAEL MAYER<\/h3>\n<div class=\"description\"><span class=\"date\">SA, 02 M\u00c4R<\/span><span class=\"time\">20:00 &#8211; 23:00<\/span><span class=\"location\">Orpheum<\/span><\/div>\n<p><a class=\"thumbnail\" href=\"https:\/\/elevate.at\/artists\/keith_fullerton_whitman\/\"><img decoding=\"async\" class=\"img-fluid\" title=\"\" src=\"https:\/\/elevate.at\/fileadmin\/EIS_images\/artist\/1754\/6095-list_keith_fullerton_whitman.jpg\" alt=\"\" \/><\/a><\/p>\n<h3 class=\"caption\">KEITH FULLERTON WHITMAN<\/h3>\n<div class=\"description\"><span class=\"date\">SA, 02 M\u00c4R<\/span><span class=\"time\">01:45 &#8211; 02:45<\/span><span class=\"location\">Dungeon<\/span><\/div>\n<p><a class=\"thumbnail\" href=\"https:\/\/elevate.at\/artists\/dorian_concept\/\"><img decoding=\"async\" class=\"img-fluid\" title=\" jakob gsoellpointner\" src=\"https:\/\/elevate.at\/fileadmin\/EIS_images\/artist\/1721\/6016-list_dorian_concept_jakob_gsoellpointner.jpg\" alt=\" jakob gsoellpointner\" \/><\/a><\/p>\n<h3 class=\"caption\">DORIAN CONCEPT<\/h3>\n<div class=\"description\"><span class=\"date\">SA, 02 M\u00c4R<\/span><span class=\"time\">19:00 &#8211; 20:00<\/span><span class=\"location\">Orpheum<\/span><\/div>\n<p><a class=\"thumbnail\" href=\"https:\/\/elevate.at\/artists\/miss_red\/\"><img decoding=\"async\" class=\"img-fluid\" title=\"\" src=\"https:\/\/elevate.at\/fileadmin\/EIS_images\/artist\/1711\/6008-list_miss_red.jpg\" alt=\"\" \/><\/a><\/p>\n<h3 class=\"caption\">MISS RED<\/h3>\n<div class=\"description\"><span class=\"date\">SA, 02 M\u00c4R<\/span><span class=\"time\">01:30 &#8211; 02:30<\/span><span class=\"location\">Tunnel<\/span><\/div>\n<p><a class=\"thumbnail\" href=\"https:\/\/elevate.at\/artists\/bjarki\/\"><img decoding=\"async\" class=\"img-fluid\" title=\"\" src=\"https:\/\/elevate.at\/fileadmin\/EIS_images\/artist\/1700\/5935-list_bjarki.jpg\" alt=\"\" \/><\/a><\/p>\n<h3 class=\"caption\">BJARKI<\/h3>\n<div class=\"description\"><span class=\"date\">SA, 02 M\u00c4R<\/span><span class=\"time\">01:00 &#8211; 02:30<\/span><span class=\"location\">Dom Im Berg<\/span><\/div>\n<p><a class=\"thumbnail\" href=\"https:\/\/elevate.at\/artists\/okzharp_manthe_ribane\/\"><img decoding=\"async\" class=\"img-fluid\" title=\"\" src=\"https:\/\/elevate.at\/fileadmin\/EIS_images\/artist\/1755\/6119-list_okzharp_manthe_ribane.jpg\" alt=\"\" \/><\/a><\/p>\n<\/div>\n","protected":false},"excerpt":{"rendered":"<p>27.02. \u2013 03.03.2019; Graz. The &#8220;truth&#8221; and its many &#8220;scary&#8221; siblings. The Elevate Festival for music, art and political discourse transforms Graz into a hotspot of young, contemporary festival culture. People from all over the world come together to exchange ideas, to dance, to marvel and to make plans for future-oriented projects. In and around [&hellip;]<\/p>\n","protected":false},"author":2,"featured_media":16925,"comment_status":"open","ping_status":"open","sticky":false,"template":"","format":"standard","meta":{"jetpack_post_was_ever_published":false,"_jetpack_newsletter_access":"","_jetpack_dont_email_post_to_subs":false,"_jetpack_newsletter_tier_id":0,"_jetpack_memberships_contains_paywalled_content":false,"_jetpack_memberships_contains_paid_content":false,"footnotes":"","jetpack_publicize_message":"","jetpack_publicize_feature_enabled":true,"jetpack_social_post_already_shared":true,"jetpack_social_options":{"image_generator_settings":{"template":"highway","enabled":false},"version":2}},"categories":[80,76,77,226,287,231,78,229,79],"tags":[385,392,81],"class_list":{"0":"post-17640","1":"post","2":"type-post","3":"status-publish","4":"format-standard","5":"has-post-thumbnail","7":"category-art-7","8":"category-art","9":"category-gegenwartskultur-en","10":"category-events-7-en","11":"category-events-en","12":"category-festivals-en","13":"category-graz-en","14":"category-on-stage","15":"category-kreative-orte-en","16":"tag-buehne-en","17":"tag-crossover-en","18":"tag-graz-en"},"jetpack_publicize_connections":[],"yoast_head":"<!-- This site is optimized with the Yoast SEO plugin v23.9 - https:\/\/yoast.com\/wordpress\/plugins\/seo\/ -->\n<title>\u201cElevate Festival \u2013 Truth\u201d \/ Graz 2019 &#187; CREATIVE AUSTRIA \u2013 Contemporary Culture<\/title>\n<meta name=\"robots\" content=\"index, follow, max-snippet:-1, max-image-preview:large, max-video-preview:-1\" \/>\n<link rel=\"canonical\" href=\"https:\/\/www.creativeaustria.at\/en\/2019\/01\/28\/elevate-festival-wahrheit-graz-2019\/\" \/>\n<meta property=\"og:locale\" content=\"en_US\" \/>\n<meta property=\"og:type\" content=\"article\" \/>\n<meta property=\"og:title\" content=\"\u201cElevate Festival \u2013 Truth\u201d \/ Graz 2019 &#187; CREATIVE AUSTRIA \u2013 Contemporary Culture\" \/>\n<meta property=\"og:description\" content=\"27.02. \u2013 03.03.2019; Graz. The &#8220;truth&#8221; and its many &#8220;scary&#8221; siblings. The Elevate Festival for music, art and political discourse transforms Graz into a hotspot of young, contemporary festival culture. People from all over the world come together to exchange ideas, to dance, to marvel and to make plans for future-oriented projects. In and around [&hellip;]\" \/>\n<meta property=\"og:url\" content=\"https:\/\/www.creativeaustria.at\/en\/2019\/01\/28\/elevate-festival-wahrheit-graz-2019\/\" \/>\n<meta property=\"og:site_name\" content=\"CREATIVE AUSTRIA \u2013 Contemporary Culture\" \/>\n<meta property=\"article:publisher\" content=\"https:\/\/www.facebook.com\/creativeaustria\" \/>\n<meta property=\"article:published_time\" content=\"2019-01-28T09:20:50+00:00\" \/>\n<meta property=\"article:modified_time\" content=\"2019-02-20T11:04:40+00:00\" \/>\n<meta property=\"og:image\" content=\"https:\/\/www.creativeaustria.at\/wp-content\/uploads\/2018\/10\/web_kingatoth_dirkskiba.jpg\" \/>\n\t<meta property=\"og:image:width\" content=\"800\" \/>\n\t<meta property=\"og:image:height\" content=\"546\" \/>\n\t<meta property=\"og:image:type\" content=\"image\/jpeg\" \/>\n<meta name=\"author\" content=\"CREATIVE AUSTRIA\" \/>\n<meta name=\"twitter:card\" content=\"summary_large_image\" \/>\n<meta name=\"twitter:label1\" content=\"Written by\" \/>\n\t<meta name=\"twitter:data1\" content=\"CREATIVE AUSTRIA\" \/>\n\t<meta name=\"twitter:label2\" content=\"Est. reading time\" \/>\n\t<meta name=\"twitter:data2\" content=\"7 minutes\" \/>\n<script type=\"application\/ld+json\" class=\"yoast-schema-graph\">{\"@context\":\"https:\/\/schema.org\",\"@graph\":[{\"@type\":\"WebPage\",\"@id\":\"https:\/\/www.creativeaustria.at\/en\/2019\/01\/28\/elevate-festival-wahrheit-graz-2019\/\",\"url\":\"https:\/\/www.creativeaustria.at\/en\/2019\/01\/28\/elevate-festival-wahrheit-graz-2019\/\",\"name\":\"\u201cElevate Festival \u2013 Truth\u201d \/ Graz 2019 &#187; CREATIVE AUSTRIA \u2013 Contemporary Culture\",\"isPartOf\":{\"@id\":\"https:\/\/www.creativeaustria.at\/#website\"},\"primaryImageOfPage\":{\"@id\":\"https:\/\/www.creativeaustria.at\/en\/2019\/01\/28\/elevate-festival-wahrheit-graz-2019\/#primaryimage\"},\"image\":{\"@id\":\"https:\/\/www.creativeaustria.at\/en\/2019\/01\/28\/elevate-festival-wahrheit-graz-2019\/#primaryimage\"},\"thumbnailUrl\":\"https:\/\/www.creativeaustria.at\/wp-content\/uploads\/2018\/10\/web_kingatoth_dirkskiba.jpg\",\"datePublished\":\"2019-01-28T09:20:50+00:00\",\"dateModified\":\"2019-02-20T11:04:40+00:00\",\"author\":{\"@id\":\"https:\/\/www.creativeaustria.at\/#\/schema\/person\/2ef270c3dee27d6c0ec621fe9330173e\"},\"breadcrumb\":{\"@id\":\"https:\/\/www.creativeaustria.at\/en\/2019\/01\/28\/elevate-festival-wahrheit-graz-2019\/#breadcrumb\"},\"inLanguage\":\"en-US\",\"potentialAction\":[{\"@type\":\"ReadAction\",\"target\":[\"https:\/\/www.creativeaustria.at\/en\/2019\/01\/28\/elevate-festival-wahrheit-graz-2019\/\"]}]},{\"@type\":\"ImageObject\",\"inLanguage\":\"en-US\",\"@id\":\"https:\/\/www.creativeaustria.at\/en\/2019\/01\/28\/elevate-festival-wahrheit-graz-2019\/#primaryimage\",\"url\":\"https:\/\/www.creativeaustria.at\/wp-content\/uploads\/2018\/10\/web_kingatoth_dirkskiba.jpg\",\"contentUrl\":\"https:\/\/www.creativeaustria.at\/wp-content\/uploads\/2018\/10\/web_kingatoth_dirkskiba.jpg\",\"width\":800,\"height\":546,\"caption\":\"Kinga Toth ist ungarische Schriftstellerin und Performance K\u00fcnstlerin. Sie besch\u00e4ftigt sich mit den geschrieben, lautlichen und visuellen Textformen und macht aktiv Noise Musik. Aktuell lebt sie als \u201cStadtschreiberin\u201d in Graz.\"},{\"@type\":\"BreadcrumbList\",\"@id\":\"https:\/\/www.creativeaustria.at\/en\/2019\/01\/28\/elevate-festival-wahrheit-graz-2019\/#breadcrumb\",\"itemListElement\":[{\"@type\":\"ListItem\",\"position\":1,\"name\":\"Startseite\",\"item\":\"https:\/\/www.creativeaustria.at\/en\/\"},{\"@type\":\"ListItem\",\"position\":2,\"name\":\"\u201cElevate Festival \u2013 Truth\u201d \/ Graz 2019\"}]},{\"@type\":\"WebSite\",\"@id\":\"https:\/\/www.creativeaustria.at\/#website\",\"url\":\"https:\/\/www.creativeaustria.at\/\",\"name\":\"CREATIVE AUSTRIA \u2013 Contemporary Culture\",\"description\":\"Austrias Magazine for Contemporary Culture\",\"potentialAction\":[{\"@type\":\"SearchAction\",\"target\":{\"@type\":\"EntryPoint\",\"urlTemplate\":\"https:\/\/www.creativeaustria.at\/?s={search_term_string}\"},\"query-input\":{\"@type\":\"PropertyValueSpecification\",\"valueRequired\":true,\"valueName\":\"search_term_string\"}}],\"inLanguage\":\"en-US\"},{\"@type\":\"Person\",\"@id\":\"https:\/\/www.creativeaustria.at\/#\/schema\/person\/2ef270c3dee27d6c0ec621fe9330173e\",\"name\":\"CREATIVE AUSTRIA\",\"image\":{\"@type\":\"ImageObject\",\"inLanguage\":\"en-US\",\"@id\":\"https:\/\/www.creativeaustria.at\/#\/schema\/person\/image\/\",\"url\":\"https:\/\/secure.gravatar.com\/avatar\/684a70572f233313686e8858b8b6ca7b?s=96&d=mm&r=g\",\"contentUrl\":\"https:\/\/secure.gravatar.com\/avatar\/684a70572f233313686e8858b8b6ca7b?s=96&d=mm&r=g\",\"caption\":\"CREATIVE AUSTRIA\"},\"sameAs\":[\"http:\/\/www.creativeaustria.at\"],\"url\":\"https:\/\/www.creativeaustria.at\/en\/author\/creative-austria-redaktion\/\"}]}<\/script>\n<!-- \/ Yoast SEO plugin. -->","yoast_head_json":{"title":"\u201cElevate Festival \u2013 Truth\u201d \/ Graz 2019 &#187; CREATIVE AUSTRIA \u2013 Contemporary Culture","robots":{"index":"index","follow":"follow","max-snippet":"max-snippet:-1","max-image-preview":"max-image-preview:large","max-video-preview":"max-video-preview:-1"},"canonical":"https:\/\/www.creativeaustria.at\/en\/2019\/01\/28\/elevate-festival-wahrheit-graz-2019\/","og_locale":"en_US","og_type":"article","og_title":"\u201cElevate Festival \u2013 Truth\u201d \/ Graz 2019 &#187; CREATIVE AUSTRIA \u2013 Contemporary Culture","og_description":"27.02. \u2013 03.03.2019; Graz. The &#8220;truth&#8221; and its many &#8220;scary&#8221; siblings. The Elevate Festival for music, art and political discourse transforms Graz into a hotspot of young, contemporary festival culture. People from all over the world come together to exchange ideas, to dance, to marvel and to make plans for future-oriented projects. In and around [&hellip;]","og_url":"https:\/\/www.creativeaustria.at\/en\/2019\/01\/28\/elevate-festival-wahrheit-graz-2019\/","og_site_name":"CREATIVE AUSTRIA \u2013 Contemporary Culture","article_publisher":"https:\/\/www.facebook.com\/creativeaustria","article_published_time":"2019-01-28T09:20:50+00:00","article_modified_time":"2019-02-20T11:04:40+00:00","og_image":[{"width":800,"height":546,"url":"https:\/\/www.creativeaustria.at\/wp-content\/uploads\/2018\/10\/web_kingatoth_dirkskiba.jpg","type":"image\/jpeg"}],"author":"CREATIVE AUSTRIA","twitter_card":"summary_large_image","twitter_misc":{"Written by":"CREATIVE AUSTRIA","Est. reading time":"7 minutes"},"schema":{"@context":"https:\/\/schema.org","@graph":[{"@type":"WebPage","@id":"https:\/\/www.creativeaustria.at\/en\/2019\/01\/28\/elevate-festival-wahrheit-graz-2019\/","url":"https:\/\/www.creativeaustria.at\/en\/2019\/01\/28\/elevate-festival-wahrheit-graz-2019\/","name":"\u201cElevate Festival \u2013 Truth\u201d \/ Graz 2019 &#187; CREATIVE AUSTRIA \u2013 Contemporary Culture","isPartOf":{"@id":"https:\/\/www.creativeaustria.at\/#website"},"primaryImageOfPage":{"@id":"https:\/\/www.creativeaustria.at\/en\/2019\/01\/28\/elevate-festival-wahrheit-graz-2019\/#primaryimage"},"image":{"@id":"https:\/\/www.creativeaustria.at\/en\/2019\/01\/28\/elevate-festival-wahrheit-graz-2019\/#primaryimage"},"thumbnailUrl":"https:\/\/www.creativeaustria.at\/wp-content\/uploads\/2018\/10\/web_kingatoth_dirkskiba.jpg","datePublished":"2019-01-28T09:20:50+00:00","dateModified":"2019-02-20T11:04:40+00:00","author":{"@id":"https:\/\/www.creativeaustria.at\/#\/schema\/person\/2ef270c3dee27d6c0ec621fe9330173e"},"breadcrumb":{"@id":"https:\/\/www.creativeaustria.at\/en\/2019\/01\/28\/elevate-festival-wahrheit-graz-2019\/#breadcrumb"},"inLanguage":"en-US","potentialAction":[{"@type":"ReadAction","target":["https:\/\/www.creativeaustria.at\/en\/2019\/01\/28\/elevate-festival-wahrheit-graz-2019\/"]}]},{"@type":"ImageObject","inLanguage":"en-US","@id":"https:\/\/www.creativeaustria.at\/en\/2019\/01\/28\/elevate-festival-wahrheit-graz-2019\/#primaryimage","url":"https:\/\/www.creativeaustria.at\/wp-content\/uploads\/2018\/10\/web_kingatoth_dirkskiba.jpg","contentUrl":"https:\/\/www.creativeaustria.at\/wp-content\/uploads\/2018\/10\/web_kingatoth_dirkskiba.jpg","width":800,"height":546,"caption":"Kinga Toth ist ungarische Schriftstellerin und Performance K\u00fcnstlerin. Sie besch\u00e4ftigt sich mit den geschrieben, lautlichen und visuellen Textformen und macht aktiv Noise Musik. Aktuell lebt sie als \u201cStadtschreiberin\u201d in Graz."},{"@type":"BreadcrumbList","@id":"https:\/\/www.creativeaustria.at\/en\/2019\/01\/28\/elevate-festival-wahrheit-graz-2019\/#breadcrumb","itemListElement":[{"@type":"ListItem","position":1,"name":"Startseite","item":"https:\/\/www.creativeaustria.at\/en\/"},{"@type":"ListItem","position":2,"name":"\u201cElevate Festival \u2013 Truth\u201d \/ Graz 2019"}]},{"@type":"WebSite","@id":"https:\/\/www.creativeaustria.at\/#website","url":"https:\/\/www.creativeaustria.at\/","name":"CREATIVE AUSTRIA \u2013 Contemporary Culture","description":"Austrias Magazine for Contemporary Culture","potentialAction":[{"@type":"SearchAction","target":{"@type":"EntryPoint","urlTemplate":"https:\/\/www.creativeaustria.at\/?s={search_term_string}"},"query-input":{"@type":"PropertyValueSpecification","valueRequired":true,"valueName":"search_term_string"}}],"inLanguage":"en-US"},{"@type":"Person","@id":"https:\/\/www.creativeaustria.at\/#\/schema\/person\/2ef270c3dee27d6c0ec621fe9330173e","name":"CREATIVE AUSTRIA","image":{"@type":"ImageObject","inLanguage":"en-US","@id":"https:\/\/www.creativeaustria.at\/#\/schema\/person\/image\/","url":"https:\/\/secure.gravatar.com\/avatar\/684a70572f233313686e8858b8b6ca7b?s=96&d=mm&r=g","contentUrl":"https:\/\/secure.gravatar.com\/avatar\/684a70572f233313686e8858b8b6ca7b?s=96&d=mm&r=g","caption":"CREATIVE AUSTRIA"},"sameAs":["http:\/\/www.creativeaustria.at"],"url":"https:\/\/www.creativeaustria.at\/en\/author\/creative-austria-redaktion\/"}]}},"jetpack_featured_media_url":"https:\/\/www.creativeaustria.at\/wp-content\/uploads\/2018\/10\/web_kingatoth_dirkskiba.jpg","jetpack_sharing_enabled":true,"jetpack_shortlink":"https:\/\/wp.me\/p9E1qX-4Aw","_links":{"self":[{"href":"https:\/\/www.creativeaustria.at\/en\/wp-json\/wp\/v2\/posts\/17640"}],"collection":[{"href":"https:\/\/www.creativeaustria.at\/en\/wp-json\/wp\/v2\/posts"}],"about":[{"href":"https:\/\/www.creativeaustria.at\/en\/wp-json\/wp\/v2\/types\/post"}],"author":[{"embeddable":true,"href":"https:\/\/www.creativeaustria.at\/en\/wp-json\/wp\/v2\/users\/2"}],"replies":[{"embeddable":true,"href":"https:\/\/www.creativeaustria.at\/en\/wp-json\/wp\/v2\/comments?post=17640"}],"version-history":[{"count":1,"href":"https:\/\/www.creativeaustria.at\/en\/wp-json\/wp\/v2\/posts\/17640\/revisions"}],"predecessor-version":[{"id":17645,"href":"https:\/\/www.creativeaustria.at\/en\/wp-json\/wp\/v2\/posts\/17640\/revisions\/17645"}],"wp:featuredmedia":[{"embeddable":true,"href":"https:\/\/www.creativeaustria.at\/en\/wp-json\/wp\/v2\/media\/16925"}],"wp:attachment":[{"href":"https:\/\/www.creativeaustria.at\/en\/wp-json\/wp\/v2\/media?parent=17640"}],"wp:term":[{"taxonomy":"category","embeddable":true,"href":"https:\/\/www.creativeaustria.at\/en\/wp-json\/wp\/v2\/categories?post=17640"},{"taxonomy":"post_tag","embeddable":true,"href":"https:\/\/www.creativeaustria.at\/en\/wp-json\/wp\/v2\/tags?post=17640"}],"curies":[{"name":"wp","href":"https:\/\/api.w.org\/{rel}","templated":true}]}}