{"id":22625,"date":"2020-01-10T09:30:39","date_gmt":"2020-01-10T09:30:39","guid":{"rendered":"https:\/\/www.creativeaustria.at\/2020\/01\/10\/enchanted-garden-ooe-kunstverein-linz\/"},"modified":"2020-03-17T09:06:43","modified_gmt":"2020-03-17T09:06:43","slug":"enchanted-garden-ooe-kunstverein-linz","status":"publish","type":"post","link":"https:\/\/www.creativeaustria.at\/en\/2020\/01\/10\/enchanted-garden-ooe-kunstverein-linz\/","title":{"rendered":"&#8220;Enchanted Garden&#8221; \/ O\u00d6 Kunstverein, Linz"},"content":{"rendered":"<h3>&gt; closed &lt;<br \/>\n05.03.2020 &#8211; 01.04.2020, Linz.<br \/>\nThe artist Michaela Schwarz-Wei\u00dfmann as guest at the O\u00d6 Kunstverein.<\/h3>\n<p class=\"bodytext\">In this exhibition at the Ober\u00f6sterreichischer Kunstverein, Michaela Schwarz-Weismann approaches new facets of the theme of standstill. In her oil paintings she links the archaic Sleeping Beauty motif with the question of beauty, also with the restless, greedy, uncompromising striving for it. &#8220;I want to let the finale stand still, as a beautiful idea, as a fairy tale. But who still believes in fairy tales? And certainly no saviour will come,&#8221; says the artist.<\/p>\n<p>Michaela Schwarz-Weismann studied architecture and product design at the University of Applied Arts in Vienna and the Royal Art College in London. She lives and works in Vienna.<\/p>\n<p><strong>Enchanted Garden<br \/>\n<\/strong>05.03.2020 &#8211; 01.04.2020<br \/>\nOber\u00f6sterreichischer Kunstverein<br \/>\nUrsulinenhof im O\u00d6 Kulturquartier<br \/>\nLandstra\u00dfe 31<br \/>\n4020 Linz<br \/>\n<a href=\"http:\/\/www.ooekunstverein.at\/ausstellungen\/vorschau.html\" target=\"_blank\" rel=\"noopener\">www.ooekunstverein.at<\/a><\/p>\n","protected":false},"excerpt":{"rendered":"<p>&gt; closed &lt; 05.03.2020 &#8211; 01.04.2020, Linz. The artist Michaela Schwarz-Wei\u00dfmann as guest at the O\u00d6 Kunstverein. In this exhibition at the Ober\u00f6sterreichischer Kunstverein, Michaela Schwarz-Weismann approaches new facets of the theme of standstill. In her oil paintings she links the archaic Sleeping Beauty motif with the question of beauty, also with the restless, greedy, [&hellip;]<\/p>\n","protected":false},"author":17,"featured_media":22753,"comment_status":"open","ping_status":"open","sticky":false,"template":"","format":"standard","meta":{"jetpack_post_was_ever_published":false,"_jetpack_newsletter_access":"","_jetpack_dont_email_post_to_subs":false,"_jetpack_newsletter_tier_id":0,"_jetpack_memberships_contains_paywalled_content":false,"_jetpack_memberships_contains_paid_content":false,"footnotes":"","jetpack_publicize_message":"","jetpack_publicize_feature_enabled":true,"jetpack_social_post_already_shared":true,"jetpack_social_options":{"image_generator_settings":{"template":"highway","enabled":false},"version":2}},"categories":[80,302,77,344,79],"tags":[82,384],"class_list":{"0":"post-22625","1":"post","2":"type-post","3":"status-publish","4":"format-standard","5":"has-post-thumbnail","7":"category-art-7","8":"category-art-2","9":"category-gegenwartskultur-en","10":"category-linz-en","11":"category-kreative-orte-en","12":"tag-kunst-en","13":"tag-linz-en"},"jetpack_publicize_connections":[],"yoast_head":"<!-- This site is optimized with the Yoast SEO plugin v23.9 - https:\/\/yoast.com\/wordpress\/plugins\/seo\/ -->\n<title>&quot;Enchanted Garden&quot; \/ O\u00d6 Kunstverein, Linz &#187; CREATIVE AUSTRIA \u2013 Contemporary Culture<\/title>\n<meta name=\"robots\" content=\"index, follow, max-snippet:-1, max-image-preview:large, max-video-preview:-1\" \/>\n<link rel=\"canonical\" href=\"https:\/\/www.creativeaustria.at\/en\/2020\/01\/10\/enchanted-garden-ooe-kunstverein-linz\/\" \/>\n<meta property=\"og:locale\" content=\"en_US\" \/>\n<meta property=\"og:type\" content=\"article\" \/>\n<meta property=\"og:title\" content=\"&quot;Enchanted Garden&quot; \/ O\u00d6 Kunstverein, Linz &#187; CREATIVE AUSTRIA \u2013 Contemporary Culture\" \/>\n<meta property=\"og:description\" content=\"&gt; closed &lt; 05.03.2020 &#8211; 01.04.2020, Linz. The artist Michaela Schwarz-Wei\u00dfmann as guest at the O\u00d6 Kunstverein. In this exhibition at the Ober\u00f6sterreichischer Kunstverein, Michaela Schwarz-Weismann approaches new facets of the theme of standstill. In her oil paintings she links the archaic Sleeping Beauty motif with the question of beauty, also with the restless, greedy, [&hellip;]\" \/>\n<meta property=\"og:url\" content=\"https:\/\/www.creativeaustria.at\/en\/2020\/01\/10\/enchanted-garden-ooe-kunstverein-linz\/\" \/>\n<meta property=\"og:site_name\" content=\"CREATIVE AUSTRIA \u2013 Contemporary Culture\" \/>\n<meta property=\"article:publisher\" content=\"https:\/\/www.facebook.com\/creativeaustria\" \/>\n<meta property=\"article:published_time\" content=\"2020-01-10T09:30:39+00:00\" \/>\n<meta property=\"article:modified_time\" content=\"2020-03-17T09:06:43+00:00\" \/>\n<meta property=\"og:image\" content=\"https:\/\/www.creativeaustria.at\/wp-content\/uploads\/2020\/01\/M.Schwarz-Weismann-Bild-II.jpg\" \/>\n\t<meta property=\"og:image:width\" content=\"1000\" \/>\n\t<meta property=\"og:image:height\" content=\"889\" \/>\n\t<meta property=\"og:image:type\" content=\"image\/jpeg\" \/>\n<meta name=\"author\" content=\"Elisabeth K\u00f6berl\" \/>\n<meta name=\"twitter:card\" content=\"summary_large_image\" \/>\n<meta name=\"twitter:label1\" content=\"Written by\" \/>\n\t<meta name=\"twitter:data1\" content=\"Elisabeth K\u00f6berl\" \/>\n\t<meta name=\"twitter:label2\" content=\"Est. reading time\" \/>\n\t<meta name=\"twitter:data2\" content=\"1 minute\" \/>\n<script type=\"application\/ld+json\" class=\"yoast-schema-graph\">{\"@context\":\"https:\/\/schema.org\",\"@graph\":[{\"@type\":\"WebPage\",\"@id\":\"https:\/\/www.creativeaustria.at\/en\/2020\/01\/10\/enchanted-garden-ooe-kunstverein-linz\/\",\"url\":\"https:\/\/www.creativeaustria.at\/en\/2020\/01\/10\/enchanted-garden-ooe-kunstverein-linz\/\",\"name\":\"\\\"Enchanted Garden\\\" \/ O\u00d6 Kunstverein, Linz &#187; CREATIVE AUSTRIA \u2013 Contemporary Culture\",\"isPartOf\":{\"@id\":\"https:\/\/www.creativeaustria.at\/#website\"},\"primaryImageOfPage\":{\"@id\":\"https:\/\/www.creativeaustria.at\/en\/2020\/01\/10\/enchanted-garden-ooe-kunstverein-linz\/#primaryimage\"},\"image\":{\"@id\":\"https:\/\/www.creativeaustria.at\/en\/2020\/01\/10\/enchanted-garden-ooe-kunstverein-linz\/#primaryimage\"},\"thumbnailUrl\":\"https:\/\/www.creativeaustria.at\/wp-content\/uploads\/2020\/01\/M.Schwarz-Weismann-Bild-II.jpg\",\"datePublished\":\"2020-01-10T09:30:39+00:00\",\"dateModified\":\"2020-03-17T09:06:43+00:00\",\"author\":{\"@id\":\"https:\/\/www.creativeaustria.at\/#\/schema\/person\/9c11986beae1ad4a6044276510c04834\"},\"breadcrumb\":{\"@id\":\"https:\/\/www.creativeaustria.at\/en\/2020\/01\/10\/enchanted-garden-ooe-kunstverein-linz\/#breadcrumb\"},\"inLanguage\":\"en-US\",\"potentialAction\":[{\"@type\":\"ReadAction\",\"target\":[\"https:\/\/www.creativeaustria.at\/en\/2020\/01\/10\/enchanted-garden-ooe-kunstverein-linz\/\"]}]},{\"@type\":\"ImageObject\",\"inLanguage\":\"en-US\",\"@id\":\"https:\/\/www.creativeaustria.at\/en\/2020\/01\/10\/enchanted-garden-ooe-kunstverein-linz\/#primaryimage\",\"url\":\"https:\/\/www.creativeaustria.at\/wp-content\/uploads\/2020\/01\/M.Schwarz-Weismann-Bild-II.jpg\",\"contentUrl\":\"https:\/\/www.creativeaustria.at\/wp-content\/uploads\/2020\/01\/M.Schwarz-Weismann-Bild-II.jpg\",\"width\":1000,\"height\":889,\"caption\":\"Michaela Schwarz-Weismann, 2020, O.T., \u00d6l \/ Leinwand, \u00a9 Foto: Jork Weisman\"},{\"@type\":\"BreadcrumbList\",\"@id\":\"https:\/\/www.creativeaustria.at\/en\/2020\/01\/10\/enchanted-garden-ooe-kunstverein-linz\/#breadcrumb\",\"itemListElement\":[{\"@type\":\"ListItem\",\"position\":1,\"name\":\"Startseite\",\"item\":\"https:\/\/www.creativeaustria.at\/en\/\"},{\"@type\":\"ListItem\",\"position\":2,\"name\":\"&#8220;Enchanted Garden&#8221; \/ O\u00d6 Kunstverein, Linz\"}]},{\"@type\":\"WebSite\",\"@id\":\"https:\/\/www.creativeaustria.at\/#website\",\"url\":\"https:\/\/www.creativeaustria.at\/\",\"name\":\"CREATIVE AUSTRIA \u2013 Contemporary Culture\",\"description\":\"Austrias Magazine for Contemporary Culture\",\"potentialAction\":[{\"@type\":\"SearchAction\",\"target\":{\"@type\":\"EntryPoint\",\"urlTemplate\":\"https:\/\/www.creativeaustria.at\/?s={search_term_string}\"},\"query-input\":{\"@type\":\"PropertyValueSpecification\",\"valueRequired\":true,\"valueName\":\"search_term_string\"}}],\"inLanguage\":\"en-US\"},{\"@type\":\"Person\",\"@id\":\"https:\/\/www.creativeaustria.at\/#\/schema\/person\/9c11986beae1ad4a6044276510c04834\",\"name\":\"Elisabeth K\u00f6berl\",\"image\":{\"@type\":\"ImageObject\",\"inLanguage\":\"en-US\",\"@id\":\"https:\/\/www.creativeaustria.at\/#\/schema\/person\/image\/\",\"url\":\"https:\/\/secure.gravatar.com\/avatar\/145f78c5f0cac582d981bd386911cb4e?s=96&d=mm&r=g\",\"contentUrl\":\"https:\/\/secure.gravatar.com\/avatar\/145f78c5f0cac582d981bd386911cb4e?s=96&d=mm&r=g\",\"caption\":\"Elisabeth K\u00f6berl\"},\"url\":\"https:\/\/www.creativeaustria.at\/en\/author\/redaktion-10\/\"}]}<\/script>\n<!-- \/ Yoast SEO plugin. -->","yoast_head_json":{"title":"\"Enchanted Garden\" \/ O\u00d6 Kunstverein, Linz &#187; CREATIVE AUSTRIA \u2013 Contemporary Culture","robots":{"index":"index","follow":"follow","max-snippet":"max-snippet:-1","max-image-preview":"max-image-preview:large","max-video-preview":"max-video-preview:-1"},"canonical":"https:\/\/www.creativeaustria.at\/en\/2020\/01\/10\/enchanted-garden-ooe-kunstverein-linz\/","og_locale":"en_US","og_type":"article","og_title":"\"Enchanted Garden\" \/ O\u00d6 Kunstverein, Linz &#187; CREATIVE AUSTRIA \u2013 Contemporary Culture","og_description":"&gt; closed &lt; 05.03.2020 &#8211; 01.04.2020, Linz. The artist Michaela Schwarz-Wei\u00dfmann as guest at the O\u00d6 Kunstverein. In this exhibition at the Ober\u00f6sterreichischer Kunstverein, Michaela Schwarz-Weismann approaches new facets of the theme of standstill. In her oil paintings she links the archaic Sleeping Beauty motif with the question of beauty, also with the restless, greedy, [&hellip;]","og_url":"https:\/\/www.creativeaustria.at\/en\/2020\/01\/10\/enchanted-garden-ooe-kunstverein-linz\/","og_site_name":"CREATIVE AUSTRIA \u2013 Contemporary Culture","article_publisher":"https:\/\/www.facebook.com\/creativeaustria","article_published_time":"2020-01-10T09:30:39+00:00","article_modified_time":"2020-03-17T09:06:43+00:00","og_image":[{"width":1000,"height":889,"url":"https:\/\/www.creativeaustria.at\/wp-content\/uploads\/2020\/01\/M.Schwarz-Weismann-Bild-II.jpg","type":"image\/jpeg"}],"author":"Elisabeth K\u00f6berl","twitter_card":"summary_large_image","twitter_misc":{"Written by":"Elisabeth K\u00f6berl","Est. reading time":"1 minute"},"schema":{"@context":"https:\/\/schema.org","@graph":[{"@type":"WebPage","@id":"https:\/\/www.creativeaustria.at\/en\/2020\/01\/10\/enchanted-garden-ooe-kunstverein-linz\/","url":"https:\/\/www.creativeaustria.at\/en\/2020\/01\/10\/enchanted-garden-ooe-kunstverein-linz\/","name":"\"Enchanted Garden\" \/ O\u00d6 Kunstverein, Linz &#187; CREATIVE AUSTRIA \u2013 Contemporary Culture","isPartOf":{"@id":"https:\/\/www.creativeaustria.at\/#website"},"primaryImageOfPage":{"@id":"https:\/\/www.creativeaustria.at\/en\/2020\/01\/10\/enchanted-garden-ooe-kunstverein-linz\/#primaryimage"},"image":{"@id":"https:\/\/www.creativeaustria.at\/en\/2020\/01\/10\/enchanted-garden-ooe-kunstverein-linz\/#primaryimage"},"thumbnailUrl":"https:\/\/www.creativeaustria.at\/wp-content\/uploads\/2020\/01\/M.Schwarz-Weismann-Bild-II.jpg","datePublished":"2020-01-10T09:30:39+00:00","dateModified":"2020-03-17T09:06:43+00:00","author":{"@id":"https:\/\/www.creativeaustria.at\/#\/schema\/person\/9c11986beae1ad4a6044276510c04834"},"breadcrumb":{"@id":"https:\/\/www.creativeaustria.at\/en\/2020\/01\/10\/enchanted-garden-ooe-kunstverein-linz\/#breadcrumb"},"inLanguage":"en-US","potentialAction":[{"@type":"ReadAction","target":["https:\/\/www.creativeaustria.at\/en\/2020\/01\/10\/enchanted-garden-ooe-kunstverein-linz\/"]}]},{"@type":"ImageObject","inLanguage":"en-US","@id":"https:\/\/www.creativeaustria.at\/en\/2020\/01\/10\/enchanted-garden-ooe-kunstverein-linz\/#primaryimage","url":"https:\/\/www.creativeaustria.at\/wp-content\/uploads\/2020\/01\/M.Schwarz-Weismann-Bild-II.jpg","contentUrl":"https:\/\/www.creativeaustria.at\/wp-content\/uploads\/2020\/01\/M.Schwarz-Weismann-Bild-II.jpg","width":1000,"height":889,"caption":"Michaela Schwarz-Weismann, 2020, O.T., \u00d6l \/ Leinwand, \u00a9 Foto: Jork Weisman"},{"@type":"BreadcrumbList","@id":"https:\/\/www.creativeaustria.at\/en\/2020\/01\/10\/enchanted-garden-ooe-kunstverein-linz\/#breadcrumb","itemListElement":[{"@type":"ListItem","position":1,"name":"Startseite","item":"https:\/\/www.creativeaustria.at\/en\/"},{"@type":"ListItem","position":2,"name":"&#8220;Enchanted Garden&#8221; \/ O\u00d6 Kunstverein, Linz"}]},{"@type":"WebSite","@id":"https:\/\/www.creativeaustria.at\/#website","url":"https:\/\/www.creativeaustria.at\/","name":"CREATIVE AUSTRIA \u2013 Contemporary Culture","description":"Austrias Magazine for Contemporary Culture","potentialAction":[{"@type":"SearchAction","target":{"@type":"EntryPoint","urlTemplate":"https:\/\/www.creativeaustria.at\/?s={search_term_string}"},"query-input":{"@type":"PropertyValueSpecification","valueRequired":true,"valueName":"search_term_string"}}],"inLanguage":"en-US"},{"@type":"Person","@id":"https:\/\/www.creativeaustria.at\/#\/schema\/person\/9c11986beae1ad4a6044276510c04834","name":"Elisabeth K\u00f6berl","image":{"@type":"ImageObject","inLanguage":"en-US","@id":"https:\/\/www.creativeaustria.at\/#\/schema\/person\/image\/","url":"https:\/\/secure.gravatar.com\/avatar\/145f78c5f0cac582d981bd386911cb4e?s=96&d=mm&r=g","contentUrl":"https:\/\/secure.gravatar.com\/avatar\/145f78c5f0cac582d981bd386911cb4e?s=96&d=mm&r=g","caption":"Elisabeth K\u00f6berl"},"url":"https:\/\/www.creativeaustria.at\/en\/author\/redaktion-10\/"}]}},"jetpack_featured_media_url":"https:\/\/www.creativeaustria.at\/wp-content\/uploads\/2020\/01\/M.Schwarz-Weismann-Bild-II.jpg","jetpack_sharing_enabled":true,"jetpack_shortlink":"https:\/\/wp.me\/p9E1qX-5SV","_links":{"self":[{"href":"https:\/\/www.creativeaustria.at\/en\/wp-json\/wp\/v2\/posts\/22625"}],"collection":[{"href":"https:\/\/www.creativeaustria.at\/en\/wp-json\/wp\/v2\/posts"}],"about":[{"href":"https:\/\/www.creativeaustria.at\/en\/wp-json\/wp\/v2\/types\/post"}],"author":[{"embeddable":true,"href":"https:\/\/www.creativeaustria.at\/en\/wp-json\/wp\/v2\/users\/17"}],"replies":[{"embeddable":true,"href":"https:\/\/www.creativeaustria.at\/en\/wp-json\/wp\/v2\/comments?post=22625"}],"version-history":[{"count":2,"href":"https:\/\/www.creativeaustria.at\/en\/wp-json\/wp\/v2\/posts\/22625\/revisions"}],"predecessor-version":[{"id":24150,"href":"https:\/\/www.creativeaustria.at\/en\/wp-json\/wp\/v2\/posts\/22625\/revisions\/24150"}],"wp:featuredmedia":[{"embeddable":true,"href":"https:\/\/www.creativeaustria.at\/en\/wp-json\/wp\/v2\/media\/22753"}],"wp:attachment":[{"href":"https:\/\/www.creativeaustria.at\/en\/wp-json\/wp\/v2\/media?parent=22625"}],"wp:term":[{"taxonomy":"category","embeddable":true,"href":"https:\/\/www.creativeaustria.at\/en\/wp-json\/wp\/v2\/categories?post=22625"},{"taxonomy":"post_tag","embeddable":true,"href":"https:\/\/www.creativeaustria.at\/en\/wp-json\/wp\/v2\/tags?post=22625"}],"curies":[{"name":"wp","href":"https:\/\/api.w.org\/{rel}","templated":true}]}}