{"id":26748,"date":"2020-03-30T07:40:16","date_gmt":"2020-03-30T07:40:16","guid":{"rendered":"https:\/\/www.creativeaustria.at\/2020\/03\/30\/oe1-der-kultursender\/"},"modified":"2020-05-11T11:25:18","modified_gmt":"2020-05-11T11:25:18","slug":"oe1-der-kultursender","status":"publish","type":"post","link":"https:\/\/www.creativeaustria.at\/en\/2020\/03\/30\/oe1-der-kultursender\/","title":{"rendered":"\u00d61 der Kultursender"},"content":{"rendered":"<h3>Geh\u00f6rt geh\u00f6rt.<\/h3>\n<p>Without \u00d61, Austria would be unthinkable for many as a cultural country.<\/p>\n<p>The ORF&#8217;s culture channel offers its listeners daily intellectual nourishment and material for critical reflection in abundance. Not only in times of crisis.<\/p>\n<p>An always stimulating daily companion from the &#8220;Gedanken f\u00fcr den Tag&#8221; to &#8220;Leporello&#8221;, the &#8220;Radiokolleg&#8221; to the &#8220;H\u00f6rbildern&#8221;, &#8220;Diagonal&#8221; and and and.<\/p>\n<p>\u00d61 is addictive without harmful side effects. And \u00d61 makes it clear that a cultivated country is more than just a result of optimised economic data.<\/p>\n<p>Public broadcasting in the best sense of the word and a cultural institution that creates identity in one.<\/p>\n<p>\u00d61 belongs belongs.<\/p>\n<p>Especially now.<\/p>\n<p><strong>\u00d61 der Kultursender<\/strong><br \/>\n<a href=\"http:\/\/www.oe1.orf.at\/player\/live\" target=\"_blank\" rel=\"noopener noreferrer\">www.oe1.orf.at\/player\/live<\/a><\/p>\n","protected":false},"excerpt":{"rendered":"<p>Geh\u00f6rt geh\u00f6rt. Without \u00d61, Austria would be unthinkable for many as a cultural country. The ORF&#8217;s culture channel offers its listeners daily intellectual nourishment and material for critical reflection in abundance. Not only in times of crisis. An always stimulating daily companion from the &#8220;Gedanken f\u00fcr den Tag&#8221; to &#8220;Leporello&#8221;, the &#8220;Radiokolleg&#8221; to the &#8220;H\u00f6rbildern&#8221;, [&hellip;]<\/p>\n","protected":false},"author":2,"featured_media":25033,"comment_status":"open","ping_status":"open","sticky":false,"template":"","format":"standard","meta":{"jetpack_post_was_ever_published":false,"_jetpack_newsletter_access":"","_jetpack_dont_email_post_to_subs":false,"_jetpack_newsletter_tier_id":0,"_jetpack_memberships_contains_paywalled_content":false,"_jetpack_memberships_contains_paid_content":false,"footnotes":"","jetpack_publicize_message":"","jetpack_publicize_feature_enabled":true,"jetpack_social_post_already_shared":true,"jetpack_social_options":{"image_generator_settings":{"template":"highway","enabled":false},"version":2}},"categories":[430,439,434,449],"tags":[],"class_list":{"0":"post-26748","1":"post","2":"type-post","3":"status-publish","4":"format-standard","5":"has-post-thumbnail","7":"category-creativeonline-en","8":"category-cultureonline-international","9":"category-mediaonline","10":"category-medienonlineinternational-en"},"jetpack_publicize_connections":[],"yoast_head":"<!-- This site is optimized with the Yoast SEO plugin v23.9 - https:\/\/yoast.com\/wordpress\/plugins\/seo\/ -->\n<title>\u00d61 der Kultursender &#187; CREATIVE AUSTRIA \u2013 Contemporary Culture<\/title>\n<meta name=\"robots\" content=\"index, follow, max-snippet:-1, max-image-preview:large, max-video-preview:-1\" \/>\n<link rel=\"canonical\" href=\"https:\/\/www.creativeaustria.at\/en\/2020\/03\/30\/oe1-der-kultursender\/\" \/>\n<meta property=\"og:locale\" content=\"en_US\" \/>\n<meta property=\"og:type\" content=\"article\" \/>\n<meta property=\"og:title\" content=\"\u00d61 der Kultursender &#187; CREATIVE AUSTRIA \u2013 Contemporary Culture\" \/>\n<meta property=\"og:description\" content=\"Geh\u00f6rt geh\u00f6rt. Without \u00d61, Austria would be unthinkable for many as a cultural country. The ORF&#8217;s culture channel offers its listeners daily intellectual nourishment and material for critical reflection in abundance. Not only in times of crisis. An always stimulating daily companion from the &#8220;Gedanken f\u00fcr den Tag&#8221; to &#8220;Leporello&#8221;, the &#8220;Radiokolleg&#8221; to the &#8220;H\u00f6rbildern&#8221;, [&hellip;]\" \/>\n<meta property=\"og:url\" content=\"https:\/\/www.creativeaustria.at\/en\/2020\/03\/30\/oe1-der-kultursender\/\" \/>\n<meta property=\"og:site_name\" content=\"CREATIVE AUSTRIA \u2013 Contemporary Culture\" \/>\n<meta property=\"article:publisher\" content=\"https:\/\/www.facebook.com\/creativeaustria\" \/>\n<meta property=\"article:published_time\" content=\"2020-03-30T07:40:16+00:00\" \/>\n<meta property=\"article:modified_time\" content=\"2020-05-11T11:25:18+00:00\" \/>\n<meta property=\"og:image\" content=\"https:\/\/www.creativeaustria.at\/wp-content\/uploads\/2020\/03\/500px-\u00d6sterreich_1_2017_logo.svg_.png\" \/>\n\t<meta property=\"og:image:width\" content=\"500\" \/>\n\t<meta property=\"og:image:height\" content=\"583\" \/>\n\t<meta property=\"og:image:type\" content=\"image\/png\" \/>\n<meta name=\"author\" content=\"CREATIVE AUSTRIA\" \/>\n<meta name=\"twitter:card\" content=\"summary_large_image\" \/>\n<meta name=\"twitter:label1\" content=\"Written by\" \/>\n\t<meta name=\"twitter:data1\" content=\"CREATIVE AUSTRIA\" \/>\n\t<meta name=\"twitter:label2\" content=\"Est. reading time\" \/>\n\t<meta name=\"twitter:data2\" content=\"1 minute\" \/>\n<script type=\"application\/ld+json\" class=\"yoast-schema-graph\">{\"@context\":\"https:\/\/schema.org\",\"@graph\":[{\"@type\":\"WebPage\",\"@id\":\"https:\/\/www.creativeaustria.at\/en\/2020\/03\/30\/oe1-der-kultursender\/\",\"url\":\"https:\/\/www.creativeaustria.at\/en\/2020\/03\/30\/oe1-der-kultursender\/\",\"name\":\"\u00d61 der Kultursender &#187; CREATIVE AUSTRIA \u2013 Contemporary Culture\",\"isPartOf\":{\"@id\":\"https:\/\/www.creativeaustria.at\/#website\"},\"primaryImageOfPage\":{\"@id\":\"https:\/\/www.creativeaustria.at\/en\/2020\/03\/30\/oe1-der-kultursender\/#primaryimage\"},\"image\":{\"@id\":\"https:\/\/www.creativeaustria.at\/en\/2020\/03\/30\/oe1-der-kultursender\/#primaryimage\"},\"thumbnailUrl\":\"https:\/\/www.creativeaustria.at\/wp-content\/uploads\/2020\/03\/500px-\u00d6sterreich_1_2017_logo.svg_.png\",\"datePublished\":\"2020-03-30T07:40:16+00:00\",\"dateModified\":\"2020-05-11T11:25:18+00:00\",\"author\":{\"@id\":\"https:\/\/www.creativeaustria.at\/#\/schema\/person\/2ef270c3dee27d6c0ec621fe9330173e\"},\"breadcrumb\":{\"@id\":\"https:\/\/www.creativeaustria.at\/en\/2020\/03\/30\/oe1-der-kultursender\/#breadcrumb\"},\"inLanguage\":\"en-US\",\"potentialAction\":[{\"@type\":\"ReadAction\",\"target\":[\"https:\/\/www.creativeaustria.at\/en\/2020\/03\/30\/oe1-der-kultursender\/\"]}]},{\"@type\":\"ImageObject\",\"inLanguage\":\"en-US\",\"@id\":\"https:\/\/www.creativeaustria.at\/en\/2020\/03\/30\/oe1-der-kultursender\/#primaryimage\",\"url\":\"https:\/\/www.creativeaustria.at\/wp-content\/uploads\/2020\/03\/500px-\u00d6sterreich_1_2017_logo.svg_.png\",\"contentUrl\":\"https:\/\/www.creativeaustria.at\/wp-content\/uploads\/2020\/03\/500px-\u00d6sterreich_1_2017_logo.svg_.png\",\"width\":500,\"height\":583,\"caption\":\"(c) \u00d61 der Kultursender\"},{\"@type\":\"BreadcrumbList\",\"@id\":\"https:\/\/www.creativeaustria.at\/en\/2020\/03\/30\/oe1-der-kultursender\/#breadcrumb\",\"itemListElement\":[{\"@type\":\"ListItem\",\"position\":1,\"name\":\"Startseite\",\"item\":\"https:\/\/www.creativeaustria.at\/en\/\"},{\"@type\":\"ListItem\",\"position\":2,\"name\":\"\u00d61 der Kultursender\"}]},{\"@type\":\"WebSite\",\"@id\":\"https:\/\/www.creativeaustria.at\/#website\",\"url\":\"https:\/\/www.creativeaustria.at\/\",\"name\":\"CREATIVE AUSTRIA \u2013 Contemporary Culture\",\"description\":\"Austrias Magazine for Contemporary Culture\",\"potentialAction\":[{\"@type\":\"SearchAction\",\"target\":{\"@type\":\"EntryPoint\",\"urlTemplate\":\"https:\/\/www.creativeaustria.at\/?s={search_term_string}\"},\"query-input\":{\"@type\":\"PropertyValueSpecification\",\"valueRequired\":true,\"valueName\":\"search_term_string\"}}],\"inLanguage\":\"en-US\"},{\"@type\":\"Person\",\"@id\":\"https:\/\/www.creativeaustria.at\/#\/schema\/person\/2ef270c3dee27d6c0ec621fe9330173e\",\"name\":\"CREATIVE AUSTRIA\",\"image\":{\"@type\":\"ImageObject\",\"inLanguage\":\"en-US\",\"@id\":\"https:\/\/www.creativeaustria.at\/#\/schema\/person\/image\/\",\"url\":\"https:\/\/secure.gravatar.com\/avatar\/684a70572f233313686e8858b8b6ca7b?s=96&d=mm&r=g\",\"contentUrl\":\"https:\/\/secure.gravatar.com\/avatar\/684a70572f233313686e8858b8b6ca7b?s=96&d=mm&r=g\",\"caption\":\"CREATIVE AUSTRIA\"},\"sameAs\":[\"http:\/\/www.creativeaustria.at\"],\"url\":\"https:\/\/www.creativeaustria.at\/en\/author\/creative-austria-redaktion\/\"}]}<\/script>\n<!-- \/ Yoast SEO plugin. -->","yoast_head_json":{"title":"\u00d61 der Kultursender &#187; CREATIVE AUSTRIA \u2013 Contemporary Culture","robots":{"index":"index","follow":"follow","max-snippet":"max-snippet:-1","max-image-preview":"max-image-preview:large","max-video-preview":"max-video-preview:-1"},"canonical":"https:\/\/www.creativeaustria.at\/en\/2020\/03\/30\/oe1-der-kultursender\/","og_locale":"en_US","og_type":"article","og_title":"\u00d61 der Kultursender &#187; CREATIVE AUSTRIA \u2013 Contemporary Culture","og_description":"Geh\u00f6rt geh\u00f6rt. Without \u00d61, Austria would be unthinkable for many as a cultural country. The ORF&#8217;s culture channel offers its listeners daily intellectual nourishment and material for critical reflection in abundance. Not only in times of crisis. An always stimulating daily companion from the &#8220;Gedanken f\u00fcr den Tag&#8221; to &#8220;Leporello&#8221;, the &#8220;Radiokolleg&#8221; to the &#8220;H\u00f6rbildern&#8221;, [&hellip;]","og_url":"https:\/\/www.creativeaustria.at\/en\/2020\/03\/30\/oe1-der-kultursender\/","og_site_name":"CREATIVE AUSTRIA \u2013 Contemporary Culture","article_publisher":"https:\/\/www.facebook.com\/creativeaustria","article_published_time":"2020-03-30T07:40:16+00:00","article_modified_time":"2020-05-11T11:25:18+00:00","og_image":[{"width":500,"height":583,"url":"https:\/\/www.creativeaustria.at\/wp-content\/uploads\/2020\/03\/500px-\u00d6sterreich_1_2017_logo.svg_.png","type":"image\/png"}],"author":"CREATIVE AUSTRIA","twitter_card":"summary_large_image","twitter_misc":{"Written by":"CREATIVE AUSTRIA","Est. reading time":"1 minute"},"schema":{"@context":"https:\/\/schema.org","@graph":[{"@type":"WebPage","@id":"https:\/\/www.creativeaustria.at\/en\/2020\/03\/30\/oe1-der-kultursender\/","url":"https:\/\/www.creativeaustria.at\/en\/2020\/03\/30\/oe1-der-kultursender\/","name":"\u00d61 der Kultursender &#187; CREATIVE AUSTRIA \u2013 Contemporary Culture","isPartOf":{"@id":"https:\/\/www.creativeaustria.at\/#website"},"primaryImageOfPage":{"@id":"https:\/\/www.creativeaustria.at\/en\/2020\/03\/30\/oe1-der-kultursender\/#primaryimage"},"image":{"@id":"https:\/\/www.creativeaustria.at\/en\/2020\/03\/30\/oe1-der-kultursender\/#primaryimage"},"thumbnailUrl":"https:\/\/www.creativeaustria.at\/wp-content\/uploads\/2020\/03\/500px-\u00d6sterreich_1_2017_logo.svg_.png","datePublished":"2020-03-30T07:40:16+00:00","dateModified":"2020-05-11T11:25:18+00:00","author":{"@id":"https:\/\/www.creativeaustria.at\/#\/schema\/person\/2ef270c3dee27d6c0ec621fe9330173e"},"breadcrumb":{"@id":"https:\/\/www.creativeaustria.at\/en\/2020\/03\/30\/oe1-der-kultursender\/#breadcrumb"},"inLanguage":"en-US","potentialAction":[{"@type":"ReadAction","target":["https:\/\/www.creativeaustria.at\/en\/2020\/03\/30\/oe1-der-kultursender\/"]}]},{"@type":"ImageObject","inLanguage":"en-US","@id":"https:\/\/www.creativeaustria.at\/en\/2020\/03\/30\/oe1-der-kultursender\/#primaryimage","url":"https:\/\/www.creativeaustria.at\/wp-content\/uploads\/2020\/03\/500px-\u00d6sterreich_1_2017_logo.svg_.png","contentUrl":"https:\/\/www.creativeaustria.at\/wp-content\/uploads\/2020\/03\/500px-\u00d6sterreich_1_2017_logo.svg_.png","width":500,"height":583,"caption":"(c) \u00d61 der Kultursender"},{"@type":"BreadcrumbList","@id":"https:\/\/www.creativeaustria.at\/en\/2020\/03\/30\/oe1-der-kultursender\/#breadcrumb","itemListElement":[{"@type":"ListItem","position":1,"name":"Startseite","item":"https:\/\/www.creativeaustria.at\/en\/"},{"@type":"ListItem","position":2,"name":"\u00d61 der Kultursender"}]},{"@type":"WebSite","@id":"https:\/\/www.creativeaustria.at\/#website","url":"https:\/\/www.creativeaustria.at\/","name":"CREATIVE AUSTRIA \u2013 Contemporary Culture","description":"Austrias Magazine for Contemporary Culture","potentialAction":[{"@type":"SearchAction","target":{"@type":"EntryPoint","urlTemplate":"https:\/\/www.creativeaustria.at\/?s={search_term_string}"},"query-input":{"@type":"PropertyValueSpecification","valueRequired":true,"valueName":"search_term_string"}}],"inLanguage":"en-US"},{"@type":"Person","@id":"https:\/\/www.creativeaustria.at\/#\/schema\/person\/2ef270c3dee27d6c0ec621fe9330173e","name":"CREATIVE AUSTRIA","image":{"@type":"ImageObject","inLanguage":"en-US","@id":"https:\/\/www.creativeaustria.at\/#\/schema\/person\/image\/","url":"https:\/\/secure.gravatar.com\/avatar\/684a70572f233313686e8858b8b6ca7b?s=96&d=mm&r=g","contentUrl":"https:\/\/secure.gravatar.com\/avatar\/684a70572f233313686e8858b8b6ca7b?s=96&d=mm&r=g","caption":"CREATIVE AUSTRIA"},"sameAs":["http:\/\/www.creativeaustria.at"],"url":"https:\/\/www.creativeaustria.at\/en\/author\/creative-austria-redaktion\/"}]}},"jetpack_featured_media_url":"https:\/\/www.creativeaustria.at\/wp-content\/uploads\/2020\/03\/500px-\u00d6sterreich_1_2017_logo.svg_.png","jetpack_sharing_enabled":true,"jetpack_shortlink":"https:\/\/wp.me\/p9E1qX-6Xq","_links":{"self":[{"href":"https:\/\/www.creativeaustria.at\/en\/wp-json\/wp\/v2\/posts\/26748"}],"collection":[{"href":"https:\/\/www.creativeaustria.at\/en\/wp-json\/wp\/v2\/posts"}],"about":[{"href":"https:\/\/www.creativeaustria.at\/en\/wp-json\/wp\/v2\/types\/post"}],"author":[{"embeddable":true,"href":"https:\/\/www.creativeaustria.at\/en\/wp-json\/wp\/v2\/users\/2"}],"replies":[{"embeddable":true,"href":"https:\/\/www.creativeaustria.at\/en\/wp-json\/wp\/v2\/comments?post=26748"}],"version-history":[{"count":2,"href":"https:\/\/www.creativeaustria.at\/en\/wp-json\/wp\/v2\/posts\/26748\/revisions"}],"predecessor-version":[{"id":26750,"href":"https:\/\/www.creativeaustria.at\/en\/wp-json\/wp\/v2\/posts\/26748\/revisions\/26750"}],"wp:featuredmedia":[{"embeddable":true,"href":"https:\/\/www.creativeaustria.at\/en\/wp-json\/wp\/v2\/media\/25033"}],"wp:attachment":[{"href":"https:\/\/www.creativeaustria.at\/en\/wp-json\/wp\/v2\/media?parent=26748"}],"wp:term":[{"taxonomy":"category","embeddable":true,"href":"https:\/\/www.creativeaustria.at\/en\/wp-json\/wp\/v2\/categories?post=26748"},{"taxonomy":"post_tag","embeddable":true,"href":"https:\/\/www.creativeaustria.at\/en\/wp-json\/wp\/v2\/tags?post=26748"}],"curies":[{"name":"wp","href":"https:\/\/api.w.org\/{rel}","templated":true}]}}