{"id":28958,"date":"2020-07-30T09:13:53","date_gmt":"2020-07-30T09:13:53","guid":{"rendered":"https:\/\/www.creativeaustria.at\/2020\/07\/30\/winterfest-2020-festival-fuer-zeitgenoessische-circus-volksgarten-salzburg\/"},"modified":"2020-11-24T08:42:39","modified_gmt":"2020-11-24T08:42:39","slug":"winterfest-2020-festival-fuer-zeitgenoessische-circus-volksgarten-salzburg","status":"publish","type":"post","link":"https:\/\/www.creativeaustria.at\/en\/2020\/07\/30\/winterfest-2020-festival-fuer-zeitgenoessische-circus-volksgarten-salzburg\/","title":{"rendered":"Winterfest 2020 &#8211; Festival f\u00fcr zeitgen\u00f6ssische Circus \/ Volksgarten Salzburg"},"content":{"rendered":"\n<p>>> abgesagt &lt;&lt; <strong>26.11. &#8211; 06.01.2021<\/strong>. <br><br><br>Ab Ende November hei\u00dft es wieder \u201eManege frei\u201c beim gr\u00f6\u00dften Festival f\u00fcr zeitgen\u00f6ssische Circuskunst im deutschsprachigen Raum.<br><br>Auch in diesem Jahr erwartet das Publikum wieder sechs Wochen voller Akrobatik, Ausstellungen, Workshops und Kulinarik. Im vergangenen Jahr wurden Akrobaten aus Kanada, Frankreich, Australien, Finnland, Deutschland, der Schweiz und \u00d6sterreich begr\u00fc\u00dft. Neben den Vorf\u00fchrungen kann man ein umfangreiches Rahmenprogramm genie\u00dfen mit Literatur Matineen, Film Nachmittagen und vielem mehr.\u00a0<br><br><br><br><br><strong>Winterfest 2020<\/strong><br>>> abgesagt &lt;&lt; <strong><br>Festival f\u00fcr zeitgen\u00f6ssische Circus<br><\/strong>26.11. &#8211; 06.01.2021<br>Volksgarten<br>Hermann-Bahr-Promenade<br>5020 Salzburg<br><a href=\"https:\/\/www.winterfest.at\/\">www.winterfest.at<\/a><br><\/p>\n","protected":false},"excerpt":{"rendered":"<p>>> abgesagt &lt;&lt; 26.11. &#8211; 06.01.2021. Ab Ende November hei\u00dft es wieder \u201eManege frei\u201c beim gr\u00f6\u00dften Festival f\u00fcr zeitgen\u00f6ssische Circuskunst im deutschsprachigen Raum. Auch in diesem Jahr erwartet das Publikum wieder sechs Wochen voller Akrobatik, Ausstellungen, Workshops und Kulinarik. Im vergangenen Jahr wurden Akrobaten aus Kanada, Frankreich, Australien, Finnland, Deutschland, der Schweiz und \u00d6sterreich begr\u00fc\u00dft. [&hellip;]<\/p>\n","protected":false},"author":2,"featured_media":28955,"comment_status":"open","ping_status":"open","sticky":false,"template":"","format":"standard","meta":{"jetpack_post_was_ever_published":false,"_jetpack_newsletter_access":"","_jetpack_dont_email_post_to_subs":false,"_jetpack_newsletter_tier_id":0,"_jetpack_memberships_contains_paywalled_content":false,"_jetpack_memberships_contains_paid_content":false,"footnotes":"","jetpack_publicize_message":"","jetpack_publicize_feature_enabled":true,"jetpack_social_post_already_shared":true,"jetpack_social_options":{"image_generator_settings":{"template":"highway","enabled":false},"version":2}},"categories":[77,229,254,336,343],"tags":[],"class_list":{"0":"post-28958","1":"post","2":"type-post","3":"status-publish","4":"format-standard","5":"has-post-thumbnail","7":"category-gegenwartskultur-en","8":"category-on-stage","9":"category-preview-7","10":"category-preview-3","11":"category-salzburg-en"},"jetpack_publicize_connections":[],"yoast_head":"<!-- This site is optimized with the Yoast SEO plugin v23.9 - https:\/\/yoast.com\/wordpress\/plugins\/seo\/ -->\n<title>Winterfest 2020 - Festival f\u00fcr zeitgen\u00f6ssische Circus \/ Volksgarten Salzburg &#187; CREATIVE AUSTRIA \u2013 Contemporary Culture<\/title>\n<meta name=\"robots\" content=\"index, follow, max-snippet:-1, max-image-preview:large, max-video-preview:-1\" \/>\n<link rel=\"canonical\" href=\"https:\/\/www.creativeaustria.at\/en\/2020\/07\/30\/winterfest-2020-festival-fuer-zeitgenoessische-circus-volksgarten-salzburg\/\" \/>\n<meta property=\"og:locale\" content=\"en_US\" \/>\n<meta property=\"og:type\" content=\"article\" \/>\n<meta property=\"og:title\" content=\"Winterfest 2020 - Festival f\u00fcr zeitgen\u00f6ssische Circus \/ Volksgarten Salzburg &#187; CREATIVE AUSTRIA \u2013 Contemporary Culture\" \/>\n<meta property=\"og:description\" content=\"&gt;&gt; abgesagt &lt;&lt; 26.11. &#8211; 06.01.2021. Ab Ende November hei\u00dft es wieder \u201eManege frei\u201c beim gr\u00f6\u00dften Festival f\u00fcr zeitgen\u00f6ssische Circuskunst im deutschsprachigen Raum. Auch in diesem Jahr erwartet das Publikum wieder sechs Wochen voller Akrobatik, Ausstellungen, Workshops und Kulinarik. Im vergangenen Jahr wurden Akrobaten aus Kanada, Frankreich, Australien, Finnland, Deutschland, der Schweiz und \u00d6sterreich begr\u00fc\u00dft. [&hellip;]\" \/>\n<meta property=\"og:url\" content=\"https:\/\/www.creativeaustria.at\/en\/2020\/07\/30\/winterfest-2020-festival-fuer-zeitgenoessische-circus-volksgarten-salzburg\/\" \/>\n<meta property=\"og:site_name\" content=\"CREATIVE AUSTRIA \u2013 Contemporary Culture\" \/>\n<meta property=\"article:publisher\" content=\"https:\/\/www.facebook.com\/creativeaustria\" \/>\n<meta property=\"article:published_time\" content=\"2020-07-30T09:13:53+00:00\" \/>\n<meta property=\"article:modified_time\" content=\"2020-11-24T08:42:39+00:00\" \/>\n<meta property=\"og:image\" content=\"https:\/\/www.creativeaustria.at\/wp-content\/uploads\/2020\/07\/2019-Akoreacro-c-Erika-Mayer8-scaled-1.jpg\" \/>\n\t<meta property=\"og:image:width\" content=\"2560\" \/>\n\t<meta property=\"og:image:height\" content=\"1707\" \/>\n\t<meta property=\"og:image:type\" content=\"image\/jpeg\" \/>\n<meta name=\"author\" content=\"CREATIVE AUSTRIA\" \/>\n<meta name=\"twitter:card\" content=\"summary_large_image\" \/>\n<meta name=\"twitter:label1\" content=\"Written by\" \/>\n\t<meta name=\"twitter:data1\" content=\"CREATIVE AUSTRIA\" \/>\n<script type=\"application\/ld+json\" class=\"yoast-schema-graph\">{\"@context\":\"https:\/\/schema.org\",\"@graph\":[{\"@type\":\"WebPage\",\"@id\":\"https:\/\/www.creativeaustria.at\/en\/2020\/07\/30\/winterfest-2020-festival-fuer-zeitgenoessische-circus-volksgarten-salzburg\/\",\"url\":\"https:\/\/www.creativeaustria.at\/en\/2020\/07\/30\/winterfest-2020-festival-fuer-zeitgenoessische-circus-volksgarten-salzburg\/\",\"name\":\"Winterfest 2020 - Festival f\u00fcr zeitgen\u00f6ssische Circus \/ Volksgarten Salzburg &#187; CREATIVE AUSTRIA \u2013 Contemporary Culture\",\"isPartOf\":{\"@id\":\"https:\/\/www.creativeaustria.at\/#website\"},\"primaryImageOfPage\":{\"@id\":\"https:\/\/www.creativeaustria.at\/en\/2020\/07\/30\/winterfest-2020-festival-fuer-zeitgenoessische-circus-volksgarten-salzburg\/#primaryimage\"},\"image\":{\"@id\":\"https:\/\/www.creativeaustria.at\/en\/2020\/07\/30\/winterfest-2020-festival-fuer-zeitgenoessische-circus-volksgarten-salzburg\/#primaryimage\"},\"thumbnailUrl\":\"https:\/\/www.creativeaustria.at\/wp-content\/uploads\/2020\/07\/2019-Akoreacro-c-Erika-Mayer8-scaled-1.jpg\",\"datePublished\":\"2020-07-30T09:13:53+00:00\",\"dateModified\":\"2020-11-24T08:42:39+00:00\",\"author\":{\"@id\":\"https:\/\/www.creativeaustria.at\/#\/schema\/person\/2ef270c3dee27d6c0ec621fe9330173e\"},\"breadcrumb\":{\"@id\":\"https:\/\/www.creativeaustria.at\/en\/2020\/07\/30\/winterfest-2020-festival-fuer-zeitgenoessische-circus-volksgarten-salzburg\/#breadcrumb\"},\"inLanguage\":\"en-US\",\"potentialAction\":[{\"@type\":\"ReadAction\",\"target\":[\"https:\/\/www.creativeaustria.at\/en\/2020\/07\/30\/winterfest-2020-festival-fuer-zeitgenoessische-circus-volksgarten-salzburg\/\"]}]},{\"@type\":\"ImageObject\",\"inLanguage\":\"en-US\",\"@id\":\"https:\/\/www.creativeaustria.at\/en\/2020\/07\/30\/winterfest-2020-festival-fuer-zeitgenoessische-circus-volksgarten-salzburg\/#primaryimage\",\"url\":\"https:\/\/www.creativeaustria.at\/wp-content\/uploads\/2020\/07\/2019-Akoreacro-c-Erika-Mayer8-scaled-1.jpg\",\"contentUrl\":\"https:\/\/www.creativeaustria.at\/wp-content\/uploads\/2020\/07\/2019-Akoreacro-c-Erika-Mayer8-scaled-1.jpg\",\"width\":2560,\"height\":1707,\"caption\":\"(c) Akoreacro, Erika Mayer 2019\"},{\"@type\":\"BreadcrumbList\",\"@id\":\"https:\/\/www.creativeaustria.at\/en\/2020\/07\/30\/winterfest-2020-festival-fuer-zeitgenoessische-circus-volksgarten-salzburg\/#breadcrumb\",\"itemListElement\":[{\"@type\":\"ListItem\",\"position\":1,\"name\":\"Startseite\",\"item\":\"https:\/\/www.creativeaustria.at\/en\/\"},{\"@type\":\"ListItem\",\"position\":2,\"name\":\"Winterfest 2020 &#8211; Festival f\u00fcr zeitgen\u00f6ssische Circus \/ Volksgarten Salzburg\"}]},{\"@type\":\"WebSite\",\"@id\":\"https:\/\/www.creativeaustria.at\/#website\",\"url\":\"https:\/\/www.creativeaustria.at\/\",\"name\":\"CREATIVE AUSTRIA \u2013 Contemporary Culture\",\"description\":\"Austrias Magazine for Contemporary Culture\",\"potentialAction\":[{\"@type\":\"SearchAction\",\"target\":{\"@type\":\"EntryPoint\",\"urlTemplate\":\"https:\/\/www.creativeaustria.at\/?s={search_term_string}\"},\"query-input\":{\"@type\":\"PropertyValueSpecification\",\"valueRequired\":true,\"valueName\":\"search_term_string\"}}],\"inLanguage\":\"en-US\"},{\"@type\":\"Person\",\"@id\":\"https:\/\/www.creativeaustria.at\/#\/schema\/person\/2ef270c3dee27d6c0ec621fe9330173e\",\"name\":\"CREATIVE AUSTRIA\",\"image\":{\"@type\":\"ImageObject\",\"inLanguage\":\"en-US\",\"@id\":\"https:\/\/www.creativeaustria.at\/#\/schema\/person\/image\/\",\"url\":\"https:\/\/secure.gravatar.com\/avatar\/684a70572f233313686e8858b8b6ca7b?s=96&d=mm&r=g\",\"contentUrl\":\"https:\/\/secure.gravatar.com\/avatar\/684a70572f233313686e8858b8b6ca7b?s=96&d=mm&r=g\",\"caption\":\"CREATIVE AUSTRIA\"},\"sameAs\":[\"http:\/\/www.creativeaustria.at\"],\"url\":\"https:\/\/www.creativeaustria.at\/en\/author\/creative-austria-redaktion\/\"}]}<\/script>\n<!-- \/ Yoast SEO plugin. -->","yoast_head_json":{"title":"Winterfest 2020 - Festival f\u00fcr zeitgen\u00f6ssische Circus \/ Volksgarten Salzburg &#187; CREATIVE AUSTRIA \u2013 Contemporary Culture","robots":{"index":"index","follow":"follow","max-snippet":"max-snippet:-1","max-image-preview":"max-image-preview:large","max-video-preview":"max-video-preview:-1"},"canonical":"https:\/\/www.creativeaustria.at\/en\/2020\/07\/30\/winterfest-2020-festival-fuer-zeitgenoessische-circus-volksgarten-salzburg\/","og_locale":"en_US","og_type":"article","og_title":"Winterfest 2020 - Festival f\u00fcr zeitgen\u00f6ssische Circus \/ Volksgarten Salzburg &#187; CREATIVE AUSTRIA \u2013 Contemporary Culture","og_description":">> abgesagt &lt;&lt; 26.11. &#8211; 06.01.2021. Ab Ende November hei\u00dft es wieder \u201eManege frei\u201c beim gr\u00f6\u00dften Festival f\u00fcr zeitgen\u00f6ssische Circuskunst im deutschsprachigen Raum. Auch in diesem Jahr erwartet das Publikum wieder sechs Wochen voller Akrobatik, Ausstellungen, Workshops und Kulinarik. Im vergangenen Jahr wurden Akrobaten aus Kanada, Frankreich, Australien, Finnland, Deutschland, der Schweiz und \u00d6sterreich begr\u00fc\u00dft. [&hellip;]","og_url":"https:\/\/www.creativeaustria.at\/en\/2020\/07\/30\/winterfest-2020-festival-fuer-zeitgenoessische-circus-volksgarten-salzburg\/","og_site_name":"CREATIVE AUSTRIA \u2013 Contemporary Culture","article_publisher":"https:\/\/www.facebook.com\/creativeaustria","article_published_time":"2020-07-30T09:13:53+00:00","article_modified_time":"2020-11-24T08:42:39+00:00","og_image":[{"width":2560,"height":1707,"url":"https:\/\/www.creativeaustria.at\/wp-content\/uploads\/2020\/07\/2019-Akoreacro-c-Erika-Mayer8-scaled-1.jpg","type":"image\/jpeg"}],"author":"CREATIVE AUSTRIA","twitter_card":"summary_large_image","twitter_misc":{"Written by":"CREATIVE AUSTRIA"},"schema":{"@context":"https:\/\/schema.org","@graph":[{"@type":"WebPage","@id":"https:\/\/www.creativeaustria.at\/en\/2020\/07\/30\/winterfest-2020-festival-fuer-zeitgenoessische-circus-volksgarten-salzburg\/","url":"https:\/\/www.creativeaustria.at\/en\/2020\/07\/30\/winterfest-2020-festival-fuer-zeitgenoessische-circus-volksgarten-salzburg\/","name":"Winterfest 2020 - Festival f\u00fcr zeitgen\u00f6ssische Circus \/ Volksgarten Salzburg &#187; CREATIVE AUSTRIA \u2013 Contemporary Culture","isPartOf":{"@id":"https:\/\/www.creativeaustria.at\/#website"},"primaryImageOfPage":{"@id":"https:\/\/www.creativeaustria.at\/en\/2020\/07\/30\/winterfest-2020-festival-fuer-zeitgenoessische-circus-volksgarten-salzburg\/#primaryimage"},"image":{"@id":"https:\/\/www.creativeaustria.at\/en\/2020\/07\/30\/winterfest-2020-festival-fuer-zeitgenoessische-circus-volksgarten-salzburg\/#primaryimage"},"thumbnailUrl":"https:\/\/www.creativeaustria.at\/wp-content\/uploads\/2020\/07\/2019-Akoreacro-c-Erika-Mayer8-scaled-1.jpg","datePublished":"2020-07-30T09:13:53+00:00","dateModified":"2020-11-24T08:42:39+00:00","author":{"@id":"https:\/\/www.creativeaustria.at\/#\/schema\/person\/2ef270c3dee27d6c0ec621fe9330173e"},"breadcrumb":{"@id":"https:\/\/www.creativeaustria.at\/en\/2020\/07\/30\/winterfest-2020-festival-fuer-zeitgenoessische-circus-volksgarten-salzburg\/#breadcrumb"},"inLanguage":"en-US","potentialAction":[{"@type":"ReadAction","target":["https:\/\/www.creativeaustria.at\/en\/2020\/07\/30\/winterfest-2020-festival-fuer-zeitgenoessische-circus-volksgarten-salzburg\/"]}]},{"@type":"ImageObject","inLanguage":"en-US","@id":"https:\/\/www.creativeaustria.at\/en\/2020\/07\/30\/winterfest-2020-festival-fuer-zeitgenoessische-circus-volksgarten-salzburg\/#primaryimage","url":"https:\/\/www.creativeaustria.at\/wp-content\/uploads\/2020\/07\/2019-Akoreacro-c-Erika-Mayer8-scaled-1.jpg","contentUrl":"https:\/\/www.creativeaustria.at\/wp-content\/uploads\/2020\/07\/2019-Akoreacro-c-Erika-Mayer8-scaled-1.jpg","width":2560,"height":1707,"caption":"(c) Akoreacro, Erika Mayer 2019"},{"@type":"BreadcrumbList","@id":"https:\/\/www.creativeaustria.at\/en\/2020\/07\/30\/winterfest-2020-festival-fuer-zeitgenoessische-circus-volksgarten-salzburg\/#breadcrumb","itemListElement":[{"@type":"ListItem","position":1,"name":"Startseite","item":"https:\/\/www.creativeaustria.at\/en\/"},{"@type":"ListItem","position":2,"name":"Winterfest 2020 &#8211; Festival f\u00fcr zeitgen\u00f6ssische Circus \/ Volksgarten Salzburg"}]},{"@type":"WebSite","@id":"https:\/\/www.creativeaustria.at\/#website","url":"https:\/\/www.creativeaustria.at\/","name":"CREATIVE AUSTRIA \u2013 Contemporary Culture","description":"Austrias Magazine for Contemporary Culture","potentialAction":[{"@type":"SearchAction","target":{"@type":"EntryPoint","urlTemplate":"https:\/\/www.creativeaustria.at\/?s={search_term_string}"},"query-input":{"@type":"PropertyValueSpecification","valueRequired":true,"valueName":"search_term_string"}}],"inLanguage":"en-US"},{"@type":"Person","@id":"https:\/\/www.creativeaustria.at\/#\/schema\/person\/2ef270c3dee27d6c0ec621fe9330173e","name":"CREATIVE AUSTRIA","image":{"@type":"ImageObject","inLanguage":"en-US","@id":"https:\/\/www.creativeaustria.at\/#\/schema\/person\/image\/","url":"https:\/\/secure.gravatar.com\/avatar\/684a70572f233313686e8858b8b6ca7b?s=96&d=mm&r=g","contentUrl":"https:\/\/secure.gravatar.com\/avatar\/684a70572f233313686e8858b8b6ca7b?s=96&d=mm&r=g","caption":"CREATIVE AUSTRIA"},"sameAs":["http:\/\/www.creativeaustria.at"],"url":"https:\/\/www.creativeaustria.at\/en\/author\/creative-austria-redaktion\/"}]}},"jetpack_featured_media_url":"https:\/\/www.creativeaustria.at\/wp-content\/uploads\/2020\/07\/2019-Akoreacro-c-Erika-Mayer8-scaled-1.jpg","jetpack_sharing_enabled":true,"jetpack_shortlink":"https:\/\/wp.me\/p9E1qX-7x4","_links":{"self":[{"href":"https:\/\/www.creativeaustria.at\/en\/wp-json\/wp\/v2\/posts\/28958"}],"collection":[{"href":"https:\/\/www.creativeaustria.at\/en\/wp-json\/wp\/v2\/posts"}],"about":[{"href":"https:\/\/www.creativeaustria.at\/en\/wp-json\/wp\/v2\/types\/post"}],"author":[{"embeddable":true,"href":"https:\/\/www.creativeaustria.at\/en\/wp-json\/wp\/v2\/users\/2"}],"replies":[{"embeddable":true,"href":"https:\/\/www.creativeaustria.at\/en\/wp-json\/wp\/v2\/comments?post=28958"}],"version-history":[{"count":3,"href":"https:\/\/www.creativeaustria.at\/en\/wp-json\/wp\/v2\/posts\/28958\/revisions"}],"predecessor-version":[{"id":30518,"href":"https:\/\/www.creativeaustria.at\/en\/wp-json\/wp\/v2\/posts\/28958\/revisions\/30518"}],"wp:featuredmedia":[{"embeddable":true,"href":"https:\/\/www.creativeaustria.at\/en\/wp-json\/wp\/v2\/media\/28955"}],"wp:attachment":[{"href":"https:\/\/www.creativeaustria.at\/en\/wp-json\/wp\/v2\/media?parent=28958"}],"wp:term":[{"taxonomy":"category","embeddable":true,"href":"https:\/\/www.creativeaustria.at\/en\/wp-json\/wp\/v2\/categories?post=28958"},{"taxonomy":"post_tag","embeddable":true,"href":"https:\/\/www.creativeaustria.at\/en\/wp-json\/wp\/v2\/tags?post=28958"}],"curies":[{"name":"wp","href":"https:\/\/api.w.org\/{rel}","templated":true}]}}