{"id":3000,"date":"2017-03-20T09:29:10","date_gmt":"2017-03-20T09:29:10","guid":{"rendered":"http:\/\/www.creativeaustria.at\/2017\/03\/20\/faq-bregenzerwald\/"},"modified":"2018-08-31T09:33:35","modified_gmt":"2018-08-31T09:33:35","slug":"faq-bregenzerwald","status":"publish","type":"post","link":"https:\/\/www.creativeaustria.at\/en\/2017\/03\/20\/faq-bregenzerwald\/","title":{"rendered":"&#8220;FAQ Bregenzerwald&#8221; \/ Vorarlberg 2017"},"content":{"rendered":"<h1>07.09 \u2013 10.09.2017; Bregenzerwald.<br \/>\nFAQ \u2013 Bregenzerwald is a forum in festival-style that caters to gourmands\u2019 needs and deals with \u201cFrequently Asked Questions\u201d.<\/h1>\n<p>The answers to these common questions \u2013 answers that change over time \u2013 are formulated by people from diff erent disciplines, such as economy, design, craft or philosophy. FAQ &#8211; Bregenzerwald includes different event formats, such as talks, discussions and concerts, all of which invite the audience to think on their feet and join in.<\/p>\n<p><strong><br \/>\nFAQ Bregenzerwald<\/strong><br \/>\n07.09 \u2013 10.09.2017<br \/>\nVarious locations<br \/>\n<a href=\"https:\/\/www.dropbox.com\/referrer_cleansing_redirect?hmac=TWkP2OuC80hsO30ofKz4XLzX4HXydLdVbxxQdA%2BdDdQ%3D&amp;url=http%3A%2F%2Fwww.faq-bregenzerwald.com\" target=\"_blank\" rel=\"noopener\">www.faq-bregenzerwald.com<\/a><\/p>\n","protected":false},"excerpt":{"rendered":"<p>07.09 \u2013 10.09.2017; Bregenzerwald. FAQ \u2013 Bregenzerwald is a forum in festival-style that caters to gourmands\u2019 needs and deals with \u201cFrequently Asked Questions\u201d. The answers to these common questions \u2013 answers that change over time \u2013 are formulated by people from diff erent disciplines, such as economy, design, craft or philosophy. FAQ &#8211; Bregenzerwald includes [&hellip;]<\/p>\n","protected":false},"author":2,"featured_media":2998,"comment_status":"open","ping_status":"open","sticky":false,"template":"","format":"standard","meta":{"jetpack_post_was_ever_published":false,"_jetpack_newsletter_access":"","_jetpack_dont_email_post_to_subs":false,"_jetpack_newsletter_tier_id":0,"_jetpack_memberships_contains_paywalled_content":false,"_jetpack_memberships_contains_paid_content":false,"footnotes":"","jetpack_publicize_message":"","jetpack_publicize_feature_enabled":true,"jetpack_social_post_already_shared":true,"jetpack_social_options":{"image_generator_settings":{"template":"highway","enabled":false},"version":2}},"categories":[230,226,231,196],"tags":[392,394,383],"class_list":{"0":"post-3000","1":"post","2":"type-post","3":"status-publish","4":"format-standard","5":"has-post-thumbnail","7":"category-crossover-en","8":"category-events-7-en","9":"category-festivals-en","10":"category-vorarlberg-en","11":"tag-crossover-en","12":"tag-diskurs-en","13":"tag-vorarlberg-en"},"jetpack_publicize_connections":[],"yoast_head":"<!-- This site is optimized with the Yoast SEO plugin v23.9 - https:\/\/yoast.com\/wordpress\/plugins\/seo\/ -->\n<title>&quot;FAQ Bregenzerwald&quot; \/ Vorarlberg 2017 &#187; CREATIVE AUSTRIA \u2013 Contemporary Culture<\/title>\n<meta name=\"robots\" content=\"index, follow, max-snippet:-1, max-image-preview:large, max-video-preview:-1\" \/>\n<link rel=\"canonical\" href=\"https:\/\/www.creativeaustria.at\/en\/2017\/03\/20\/faq-bregenzerwald\/\" \/>\n<meta property=\"og:locale\" content=\"en_US\" \/>\n<meta property=\"og:type\" content=\"article\" \/>\n<meta property=\"og:title\" content=\"&quot;FAQ Bregenzerwald&quot; \/ Vorarlberg 2017 &#187; CREATIVE AUSTRIA \u2013 Contemporary Culture\" \/>\n<meta property=\"og:description\" content=\"07.09 \u2013 10.09.2017; Bregenzerwald. FAQ \u2013 Bregenzerwald is a forum in festival-style that caters to gourmands\u2019 needs and deals with \u201cFrequently Asked Questions\u201d. The answers to these common questions \u2013 answers that change over time \u2013 are formulated by people from diff erent disciplines, such as economy, design, craft or philosophy. FAQ &#8211; Bregenzerwald includes [&hellip;]\" \/>\n<meta property=\"og:url\" content=\"https:\/\/www.creativeaustria.at\/en\/2017\/03\/20\/faq-bregenzerwald\/\" \/>\n<meta property=\"og:site_name\" content=\"CREATIVE AUSTRIA \u2013 Contemporary Culture\" \/>\n<meta property=\"article:publisher\" content=\"https:\/\/www.facebook.com\/creativeaustria\" \/>\n<meta property=\"article:published_time\" content=\"2017-03-20T09:29:10+00:00\" \/>\n<meta property=\"article:modified_time\" content=\"2018-08-31T09:33:35+00:00\" \/>\n<meta property=\"og:image\" content=\"https:\/\/www.creativeaustria.at\/wp-content\/uploads\/2018\/01\/FAQ_Bregenzerwald_2016_by-Ian-Ehm_Friendship_is.jpg\" \/>\n\t<meta property=\"og:image:width\" content=\"900\" \/>\n\t<meta property=\"og:image:height\" content=\"549\" \/>\n\t<meta property=\"og:image:type\" content=\"image\/jpeg\" \/>\n<meta name=\"author\" content=\"CREATIVE AUSTRIA\" \/>\n<meta name=\"twitter:card\" content=\"summary_large_image\" \/>\n<meta name=\"twitter:label1\" content=\"Written by\" \/>\n\t<meta name=\"twitter:data1\" content=\"CREATIVE AUSTRIA\" \/>\n<script type=\"application\/ld+json\" class=\"yoast-schema-graph\">{\"@context\":\"https:\/\/schema.org\",\"@graph\":[{\"@type\":\"WebPage\",\"@id\":\"https:\/\/www.creativeaustria.at\/en\/2017\/03\/20\/faq-bregenzerwald\/\",\"url\":\"https:\/\/www.creativeaustria.at\/en\/2017\/03\/20\/faq-bregenzerwald\/\",\"name\":\"\\\"FAQ Bregenzerwald\\\" \/ Vorarlberg 2017 &#187; CREATIVE AUSTRIA \u2013 Contemporary Culture\",\"isPartOf\":{\"@id\":\"https:\/\/www.creativeaustria.at\/#website\"},\"primaryImageOfPage\":{\"@id\":\"https:\/\/www.creativeaustria.at\/en\/2017\/03\/20\/faq-bregenzerwald\/#primaryimage\"},\"image\":{\"@id\":\"https:\/\/www.creativeaustria.at\/en\/2017\/03\/20\/faq-bregenzerwald\/#primaryimage\"},\"thumbnailUrl\":\"https:\/\/www.creativeaustria.at\/wp-content\/uploads\/2018\/01\/FAQ_Bregenzerwald_2016_by-Ian-Ehm_Friendship_is.jpg\",\"datePublished\":\"2017-03-20T09:29:10+00:00\",\"dateModified\":\"2018-08-31T09:33:35+00:00\",\"author\":{\"@id\":\"https:\/\/www.creativeaustria.at\/#\/schema\/person\/2ef270c3dee27d6c0ec621fe9330173e\"},\"breadcrumb\":{\"@id\":\"https:\/\/www.creativeaustria.at\/en\/2017\/03\/20\/faq-bregenzerwald\/#breadcrumb\"},\"inLanguage\":\"en-US\",\"potentialAction\":[{\"@type\":\"ReadAction\",\"target\":[\"https:\/\/www.creativeaustria.at\/en\/2017\/03\/20\/faq-bregenzerwald\/\"]}]},{\"@type\":\"ImageObject\",\"inLanguage\":\"en-US\",\"@id\":\"https:\/\/www.creativeaustria.at\/en\/2017\/03\/20\/faq-bregenzerwald\/#primaryimage\",\"url\":\"https:\/\/www.creativeaustria.at\/wp-content\/uploads\/2018\/01\/FAQ_Bregenzerwald_2016_by-Ian-Ehm_Friendship_is.jpg\",\"contentUrl\":\"https:\/\/www.creativeaustria.at\/wp-content\/uploads\/2018\/01\/FAQ_Bregenzerwald_2016_by-Ian-Ehm_Friendship_is.jpg\",\"width\":900,\"height\":549,\"caption\":\"Besch\u00e4ftigung mit h\u00e4ufigen Fragen an ungew\u00f6hnlichen Orten\"},{\"@type\":\"BreadcrumbList\",\"@id\":\"https:\/\/www.creativeaustria.at\/en\/2017\/03\/20\/faq-bregenzerwald\/#breadcrumb\",\"itemListElement\":[{\"@type\":\"ListItem\",\"position\":1,\"name\":\"Startseite\",\"item\":\"https:\/\/www.creativeaustria.at\/en\/\"},{\"@type\":\"ListItem\",\"position\":2,\"name\":\"&#8220;FAQ Bregenzerwald&#8221; \/ Vorarlberg 2017\"}]},{\"@type\":\"WebSite\",\"@id\":\"https:\/\/www.creativeaustria.at\/#website\",\"url\":\"https:\/\/www.creativeaustria.at\/\",\"name\":\"CREATIVE AUSTRIA \u2013 Contemporary Culture\",\"description\":\"Austrias Magazine for Contemporary Culture\",\"potentialAction\":[{\"@type\":\"SearchAction\",\"target\":{\"@type\":\"EntryPoint\",\"urlTemplate\":\"https:\/\/www.creativeaustria.at\/?s={search_term_string}\"},\"query-input\":{\"@type\":\"PropertyValueSpecification\",\"valueRequired\":true,\"valueName\":\"search_term_string\"}}],\"inLanguage\":\"en-US\"},{\"@type\":\"Person\",\"@id\":\"https:\/\/www.creativeaustria.at\/#\/schema\/person\/2ef270c3dee27d6c0ec621fe9330173e\",\"name\":\"CREATIVE AUSTRIA\",\"image\":{\"@type\":\"ImageObject\",\"inLanguage\":\"en-US\",\"@id\":\"https:\/\/www.creativeaustria.at\/#\/schema\/person\/image\/\",\"url\":\"https:\/\/secure.gravatar.com\/avatar\/684a70572f233313686e8858b8b6ca7b?s=96&d=mm&r=g\",\"contentUrl\":\"https:\/\/secure.gravatar.com\/avatar\/684a70572f233313686e8858b8b6ca7b?s=96&d=mm&r=g\",\"caption\":\"CREATIVE AUSTRIA\"},\"sameAs\":[\"http:\/\/www.creativeaustria.at\"],\"url\":\"https:\/\/www.creativeaustria.at\/en\/author\/creative-austria-redaktion\/\"}]}<\/script>\n<!-- \/ Yoast SEO plugin. -->","yoast_head_json":{"title":"\"FAQ Bregenzerwald\" \/ Vorarlberg 2017 &#187; CREATIVE AUSTRIA \u2013 Contemporary Culture","robots":{"index":"index","follow":"follow","max-snippet":"max-snippet:-1","max-image-preview":"max-image-preview:large","max-video-preview":"max-video-preview:-1"},"canonical":"https:\/\/www.creativeaustria.at\/en\/2017\/03\/20\/faq-bregenzerwald\/","og_locale":"en_US","og_type":"article","og_title":"\"FAQ Bregenzerwald\" \/ Vorarlberg 2017 &#187; CREATIVE AUSTRIA \u2013 Contemporary Culture","og_description":"07.09 \u2013 10.09.2017; Bregenzerwald. FAQ \u2013 Bregenzerwald is a forum in festival-style that caters to gourmands\u2019 needs and deals with \u201cFrequently Asked Questions\u201d. The answers to these common questions \u2013 answers that change over time \u2013 are formulated by people from diff erent disciplines, such as economy, design, craft or philosophy. FAQ &#8211; Bregenzerwald includes [&hellip;]","og_url":"https:\/\/www.creativeaustria.at\/en\/2017\/03\/20\/faq-bregenzerwald\/","og_site_name":"CREATIVE AUSTRIA \u2013 Contemporary Culture","article_publisher":"https:\/\/www.facebook.com\/creativeaustria","article_published_time":"2017-03-20T09:29:10+00:00","article_modified_time":"2018-08-31T09:33:35+00:00","og_image":[{"width":900,"height":549,"url":"https:\/\/www.creativeaustria.at\/wp-content\/uploads\/2018\/01\/FAQ_Bregenzerwald_2016_by-Ian-Ehm_Friendship_is.jpg","type":"image\/jpeg"}],"author":"CREATIVE AUSTRIA","twitter_card":"summary_large_image","twitter_misc":{"Written by":"CREATIVE AUSTRIA"},"schema":{"@context":"https:\/\/schema.org","@graph":[{"@type":"WebPage","@id":"https:\/\/www.creativeaustria.at\/en\/2017\/03\/20\/faq-bregenzerwald\/","url":"https:\/\/www.creativeaustria.at\/en\/2017\/03\/20\/faq-bregenzerwald\/","name":"\"FAQ Bregenzerwald\" \/ Vorarlberg 2017 &#187; CREATIVE AUSTRIA \u2013 Contemporary Culture","isPartOf":{"@id":"https:\/\/www.creativeaustria.at\/#website"},"primaryImageOfPage":{"@id":"https:\/\/www.creativeaustria.at\/en\/2017\/03\/20\/faq-bregenzerwald\/#primaryimage"},"image":{"@id":"https:\/\/www.creativeaustria.at\/en\/2017\/03\/20\/faq-bregenzerwald\/#primaryimage"},"thumbnailUrl":"https:\/\/www.creativeaustria.at\/wp-content\/uploads\/2018\/01\/FAQ_Bregenzerwald_2016_by-Ian-Ehm_Friendship_is.jpg","datePublished":"2017-03-20T09:29:10+00:00","dateModified":"2018-08-31T09:33:35+00:00","author":{"@id":"https:\/\/www.creativeaustria.at\/#\/schema\/person\/2ef270c3dee27d6c0ec621fe9330173e"},"breadcrumb":{"@id":"https:\/\/www.creativeaustria.at\/en\/2017\/03\/20\/faq-bregenzerwald\/#breadcrumb"},"inLanguage":"en-US","potentialAction":[{"@type":"ReadAction","target":["https:\/\/www.creativeaustria.at\/en\/2017\/03\/20\/faq-bregenzerwald\/"]}]},{"@type":"ImageObject","inLanguage":"en-US","@id":"https:\/\/www.creativeaustria.at\/en\/2017\/03\/20\/faq-bregenzerwald\/#primaryimage","url":"https:\/\/www.creativeaustria.at\/wp-content\/uploads\/2018\/01\/FAQ_Bregenzerwald_2016_by-Ian-Ehm_Friendship_is.jpg","contentUrl":"https:\/\/www.creativeaustria.at\/wp-content\/uploads\/2018\/01\/FAQ_Bregenzerwald_2016_by-Ian-Ehm_Friendship_is.jpg","width":900,"height":549,"caption":"Besch\u00e4ftigung mit h\u00e4ufigen Fragen an ungew\u00f6hnlichen Orten"},{"@type":"BreadcrumbList","@id":"https:\/\/www.creativeaustria.at\/en\/2017\/03\/20\/faq-bregenzerwald\/#breadcrumb","itemListElement":[{"@type":"ListItem","position":1,"name":"Startseite","item":"https:\/\/www.creativeaustria.at\/en\/"},{"@type":"ListItem","position":2,"name":"&#8220;FAQ Bregenzerwald&#8221; \/ Vorarlberg 2017"}]},{"@type":"WebSite","@id":"https:\/\/www.creativeaustria.at\/#website","url":"https:\/\/www.creativeaustria.at\/","name":"CREATIVE AUSTRIA \u2013 Contemporary Culture","description":"Austrias Magazine for Contemporary Culture","potentialAction":[{"@type":"SearchAction","target":{"@type":"EntryPoint","urlTemplate":"https:\/\/www.creativeaustria.at\/?s={search_term_string}"},"query-input":{"@type":"PropertyValueSpecification","valueRequired":true,"valueName":"search_term_string"}}],"inLanguage":"en-US"},{"@type":"Person","@id":"https:\/\/www.creativeaustria.at\/#\/schema\/person\/2ef270c3dee27d6c0ec621fe9330173e","name":"CREATIVE AUSTRIA","image":{"@type":"ImageObject","inLanguage":"en-US","@id":"https:\/\/www.creativeaustria.at\/#\/schema\/person\/image\/","url":"https:\/\/secure.gravatar.com\/avatar\/684a70572f233313686e8858b8b6ca7b?s=96&d=mm&r=g","contentUrl":"https:\/\/secure.gravatar.com\/avatar\/684a70572f233313686e8858b8b6ca7b?s=96&d=mm&r=g","caption":"CREATIVE AUSTRIA"},"sameAs":["http:\/\/www.creativeaustria.at"],"url":"https:\/\/www.creativeaustria.at\/en\/author\/creative-austria-redaktion\/"}]}},"jetpack_featured_media_url":"https:\/\/www.creativeaustria.at\/wp-content\/uploads\/2018\/01\/FAQ_Bregenzerwald_2016_by-Ian-Ehm_Friendship_is.jpg","jetpack_sharing_enabled":true,"jetpack_shortlink":"https:\/\/wp.me\/p9E1qX-Mo","_links":{"self":[{"href":"https:\/\/www.creativeaustria.at\/en\/wp-json\/wp\/v2\/posts\/3000"}],"collection":[{"href":"https:\/\/www.creativeaustria.at\/en\/wp-json\/wp\/v2\/posts"}],"about":[{"href":"https:\/\/www.creativeaustria.at\/en\/wp-json\/wp\/v2\/types\/post"}],"author":[{"embeddable":true,"href":"https:\/\/www.creativeaustria.at\/en\/wp-json\/wp\/v2\/users\/2"}],"replies":[{"embeddable":true,"href":"https:\/\/www.creativeaustria.at\/en\/wp-json\/wp\/v2\/comments?post=3000"}],"version-history":[{"count":5,"href":"https:\/\/www.creativeaustria.at\/en\/wp-json\/wp\/v2\/posts\/3000\/revisions"}],"predecessor-version":[{"id":6059,"href":"https:\/\/www.creativeaustria.at\/en\/wp-json\/wp\/v2\/posts\/3000\/revisions\/6059"}],"wp:featuredmedia":[{"embeddable":true,"href":"https:\/\/www.creativeaustria.at\/en\/wp-json\/wp\/v2\/media\/2998"}],"wp:attachment":[{"href":"https:\/\/www.creativeaustria.at\/en\/wp-json\/wp\/v2\/media?parent=3000"}],"wp:term":[{"taxonomy":"category","embeddable":true,"href":"https:\/\/www.creativeaustria.at\/en\/wp-json\/wp\/v2\/categories?post=3000"},{"taxonomy":"post_tag","embeddable":true,"href":"https:\/\/www.creativeaustria.at\/en\/wp-json\/wp\/v2\/tags?post=3000"}],"curies":[{"name":"wp","href":"https:\/\/api.w.org\/{rel}","templated":true}]}}