{"id":31230,"date":"2020-12-28T16:54:02","date_gmt":"2020-12-28T16:54:02","guid":{"rendered":"https:\/\/www.creativeaustria.at\/?p=31230"},"modified":"2020-12-28T16:54:02","modified_gmt":"2020-12-28T16:54:02","slug":"alles-farbe-open-house-kunsthaus-graz","status":"publish","type":"post","link":"https:\/\/www.creativeaustria.at\/en\/2020\/12\/28\/alles-farbe-open-house-kunsthaus-graz\/","title":{"rendered":"Alles Farbe! Open House \/ Kunsthaus Graz"},"content":{"rendered":"\n<h3 class=\"wp-block-heading\">06.02.-07.02.2021. Kunst erleben und selber machen bei der Open House Reihe des Kunsthaus Graz.<\/h3>\n\n\n\n<p>Das Open House  ist eine Reihe von Projekten, die sich ganz den Themen Partizipation, Material und Technik widmen. Im Zentrum steht ein Programm mit spannenden Ankn\u00fcpfungspunkten zu aktuellen Ausstellungen im Kunsthaus Graz, das zum Mitmachen und Weiterdenken anregt. Willkommen sind alle Neugierigen von 4 bis 99 Jahren, die Lust darauf haben, ein abwechslungsreiches Programm rund um die Kunst zu erleben, und selber gern kreativ sind. Angeboten werden Workshops zum Mitmachen, vielf\u00e4ltige Gelegenheiten zum Ausprobieren k\u00fcnstlerischer Techniken sowie informative Gespr\u00e4che und Dialogm\u00f6glichkeiten. 2021 nehmen wir die Ausstellung&nbsp;<em>Herbert Brandl. MORGEN<\/em>&nbsp;zum Anlass, um die Pinsel auszupacken und uns anzusehen, wie Malerei abseits von Staffelei und Leinwand noch gedacht werden kann.<\/p>\n\n\n\n<p>Mit K\u00fcnstler*innen aus Graz und der Steiermark, lokalen Initiativen, die in Graz in diesem Themenbereich nicht wegzudenken sind, sowie dem Team der Kunstvermittlung.<\/p>\n\n\n\n<p><strong>Alles Farbe! powered by UNIQA<\/strong><br>Aus der Reihe \u201eOpen House\u201d<br>06.02.-07.02.2021<br>Kunsthaus Graz<br>Lendkai 1, 8020 Graz<br><a href=\"https:\/\/www.museum-joanneum.at\/presse\/aktuelle-projekte\/events\/event\/8944\/alles-farbe-powered-by-uniqa\" target=\"_blank\" rel=\"noreferrer noopener\">www.museum-joanneum.at<\/a><\/p>\n","protected":false},"excerpt":{"rendered":"<p>06.02.-07.02.2021. Kunst erleben und selber machen bei der Open House Reihe des Kunsthaus Graz. Das Open House ist eine Reihe von Projekten, die sich ganz den Themen Partizipation, Material und Technik widmen. Im Zentrum steht ein Programm mit spannenden Ankn\u00fcpfungspunkten zu aktuellen Ausstellungen im Kunsthaus Graz, das zum Mitmachen und Weiterdenken anregt. Willkommen sind alle [&hellip;]<\/p>\n","protected":false},"author":17,"featured_media":31228,"comment_status":"open","ping_status":"open","sticky":false,"template":"","format":"standard","meta":{"jetpack_post_was_ever_published":false,"_jetpack_newsletter_access":"","_jetpack_dont_email_post_to_subs":false,"_jetpack_newsletter_tier_id":0,"_jetpack_memberships_contains_paywalled_content":false,"_jetpack_memberships_contains_paid_content":false,"footnotes":"","jetpack_publicize_message":"","jetpack_publicize_feature_enabled":true,"jetpack_social_post_already_shared":true,"jetpack_social_options":{"image_generator_settings":{"template":"highway","enabled":false},"version":2}},"categories":[80,76,77,78,254,334],"tags":[],"class_list":{"0":"post-31230","1":"post","2":"type-post","3":"status-publish","4":"format-standard","5":"has-post-thumbnail","7":"category-art-7","8":"category-art","9":"category-gegenwartskultur-en","10":"category-graz-en","11":"category-preview-7","12":"category-preview"},"jetpack_publicize_connections":[],"yoast_head":"<!-- This site is optimized with the Yoast SEO plugin v23.9 - https:\/\/yoast.com\/wordpress\/plugins\/seo\/ -->\n<title>Alles Farbe! Open House \/ Kunsthaus Graz &#187; CREATIVE AUSTRIA \u2013 Contemporary Culture<\/title>\n<meta name=\"robots\" content=\"index, follow, max-snippet:-1, max-image-preview:large, max-video-preview:-1\" \/>\n<link rel=\"canonical\" href=\"https:\/\/www.creativeaustria.at\/en\/2020\/12\/28\/alles-farbe-open-house-kunsthaus-graz\/\" \/>\n<meta property=\"og:locale\" content=\"en_US\" \/>\n<meta property=\"og:type\" content=\"article\" \/>\n<meta property=\"og:title\" content=\"Alles Farbe! Open House \/ Kunsthaus Graz &#187; CREATIVE AUSTRIA \u2013 Contemporary Culture\" \/>\n<meta property=\"og:description\" content=\"06.02.-07.02.2021. Kunst erleben und selber machen bei der Open House Reihe des Kunsthaus Graz. Das Open House ist eine Reihe von Projekten, die sich ganz den Themen Partizipation, Material und Technik widmen. Im Zentrum steht ein Programm mit spannenden Ankn\u00fcpfungspunkten zu aktuellen Ausstellungen im Kunsthaus Graz, das zum Mitmachen und Weiterdenken anregt. Willkommen sind alle [&hellip;]\" \/>\n<meta property=\"og:url\" content=\"https:\/\/www.creativeaustria.at\/en\/2020\/12\/28\/alles-farbe-open-house-kunsthaus-graz\/\" \/>\n<meta property=\"og:site_name\" content=\"CREATIVE AUSTRIA \u2013 Contemporary Culture\" \/>\n<meta property=\"article:publisher\" content=\"https:\/\/www.facebook.com\/creativeaustria\" \/>\n<meta property=\"article:published_time\" content=\"2020-12-28T16:54:02+00:00\" \/>\n<meta property=\"og:image\" content=\"https:\/\/www.creativeaustria.at\/wp-content\/uploads\/2020\/12\/Alles-Farbe.jpg\" \/>\n\t<meta property=\"og:image:width\" content=\"2126\" \/>\n\t<meta property=\"og:image:height\" content=\"1594\" \/>\n\t<meta property=\"og:image:type\" content=\"image\/jpeg\" \/>\n<meta name=\"author\" content=\"Elisabeth K\u00f6berl\" \/>\n<meta name=\"twitter:card\" content=\"summary_large_image\" \/>\n<meta name=\"twitter:label1\" content=\"Written by\" \/>\n\t<meta name=\"twitter:data1\" content=\"Elisabeth K\u00f6berl\" \/>\n\t<meta name=\"twitter:label2\" content=\"Est. reading time\" \/>\n\t<meta name=\"twitter:data2\" content=\"1 minute\" \/>\n<script type=\"application\/ld+json\" class=\"yoast-schema-graph\">{\"@context\":\"https:\/\/schema.org\",\"@graph\":[{\"@type\":\"WebPage\",\"@id\":\"https:\/\/www.creativeaustria.at\/en\/2020\/12\/28\/alles-farbe-open-house-kunsthaus-graz\/\",\"url\":\"https:\/\/www.creativeaustria.at\/en\/2020\/12\/28\/alles-farbe-open-house-kunsthaus-graz\/\",\"name\":\"Alles Farbe! Open House \/ Kunsthaus Graz &#187; CREATIVE AUSTRIA \u2013 Contemporary Culture\",\"isPartOf\":{\"@id\":\"https:\/\/www.creativeaustria.at\/#website\"},\"primaryImageOfPage\":{\"@id\":\"https:\/\/www.creativeaustria.at\/en\/2020\/12\/28\/alles-farbe-open-house-kunsthaus-graz\/#primaryimage\"},\"image\":{\"@id\":\"https:\/\/www.creativeaustria.at\/en\/2020\/12\/28\/alles-farbe-open-house-kunsthaus-graz\/#primaryimage\"},\"thumbnailUrl\":\"https:\/\/www.creativeaustria.at\/wp-content\/uploads\/2020\/12\/Alles-Farbe.jpg\",\"datePublished\":\"2020-12-28T16:54:02+00:00\",\"dateModified\":\"2020-12-28T16:54:02+00:00\",\"author\":{\"@id\":\"https:\/\/www.creativeaustria.at\/#\/schema\/person\/9c11986beae1ad4a6044276510c04834\"},\"breadcrumb\":{\"@id\":\"https:\/\/www.creativeaustria.at\/en\/2020\/12\/28\/alles-farbe-open-house-kunsthaus-graz\/#breadcrumb\"},\"inLanguage\":\"en-US\",\"potentialAction\":[{\"@type\":\"ReadAction\",\"target\":[\"https:\/\/www.creativeaustria.at\/en\/2020\/12\/28\/alles-farbe-open-house-kunsthaus-graz\/\"]}]},{\"@type\":\"ImageObject\",\"inLanguage\":\"en-US\",\"@id\":\"https:\/\/www.creativeaustria.at\/en\/2020\/12\/28\/alles-farbe-open-house-kunsthaus-graz\/#primaryimage\",\"url\":\"https:\/\/www.creativeaustria.at\/wp-content\/uploads\/2020\/12\/Alles-Farbe.jpg\",\"contentUrl\":\"https:\/\/www.creativeaustria.at\/wp-content\/uploads\/2020\/12\/Alles-Farbe.jpg\",\"width\":2126,\"height\":1594,\"caption\":\"Everything Colour! at the Open House 2020 in the Kunsthaus Graz, Photo: Universalmuseum Joanneum\/Kunstvermittlung\"},{\"@type\":\"BreadcrumbList\",\"@id\":\"https:\/\/www.creativeaustria.at\/en\/2020\/12\/28\/alles-farbe-open-house-kunsthaus-graz\/#breadcrumb\",\"itemListElement\":[{\"@type\":\"ListItem\",\"position\":1,\"name\":\"Startseite\",\"item\":\"https:\/\/www.creativeaustria.at\/en\/\"},{\"@type\":\"ListItem\",\"position\":2,\"name\":\"Alles Farbe! Open House \/ Kunsthaus Graz\"}]},{\"@type\":\"WebSite\",\"@id\":\"https:\/\/www.creativeaustria.at\/#website\",\"url\":\"https:\/\/www.creativeaustria.at\/\",\"name\":\"CREATIVE AUSTRIA \u2013 Contemporary Culture\",\"description\":\"Austrias Magazine for Contemporary Culture\",\"potentialAction\":[{\"@type\":\"SearchAction\",\"target\":{\"@type\":\"EntryPoint\",\"urlTemplate\":\"https:\/\/www.creativeaustria.at\/?s={search_term_string}\"},\"query-input\":{\"@type\":\"PropertyValueSpecification\",\"valueRequired\":true,\"valueName\":\"search_term_string\"}}],\"inLanguage\":\"en-US\"},{\"@type\":\"Person\",\"@id\":\"https:\/\/www.creativeaustria.at\/#\/schema\/person\/9c11986beae1ad4a6044276510c04834\",\"name\":\"Elisabeth K\u00f6berl\",\"image\":{\"@type\":\"ImageObject\",\"inLanguage\":\"en-US\",\"@id\":\"https:\/\/www.creativeaustria.at\/#\/schema\/person\/image\/\",\"url\":\"https:\/\/secure.gravatar.com\/avatar\/145f78c5f0cac582d981bd386911cb4e?s=96&d=mm&r=g\",\"contentUrl\":\"https:\/\/secure.gravatar.com\/avatar\/145f78c5f0cac582d981bd386911cb4e?s=96&d=mm&r=g\",\"caption\":\"Elisabeth K\u00f6berl\"},\"url\":\"https:\/\/www.creativeaustria.at\/en\/author\/redaktion-10\/\"}]}<\/script>\n<!-- \/ Yoast SEO plugin. -->","yoast_head_json":{"title":"Alles Farbe! Open House \/ Kunsthaus Graz &#187; CREATIVE AUSTRIA \u2013 Contemporary Culture","robots":{"index":"index","follow":"follow","max-snippet":"max-snippet:-1","max-image-preview":"max-image-preview:large","max-video-preview":"max-video-preview:-1"},"canonical":"https:\/\/www.creativeaustria.at\/en\/2020\/12\/28\/alles-farbe-open-house-kunsthaus-graz\/","og_locale":"en_US","og_type":"article","og_title":"Alles Farbe! Open House \/ Kunsthaus Graz &#187; CREATIVE AUSTRIA \u2013 Contemporary Culture","og_description":"06.02.-07.02.2021. Kunst erleben und selber machen bei der Open House Reihe des Kunsthaus Graz. Das Open House ist eine Reihe von Projekten, die sich ganz den Themen Partizipation, Material und Technik widmen. Im Zentrum steht ein Programm mit spannenden Ankn\u00fcpfungspunkten zu aktuellen Ausstellungen im Kunsthaus Graz, das zum Mitmachen und Weiterdenken anregt. Willkommen sind alle [&hellip;]","og_url":"https:\/\/www.creativeaustria.at\/en\/2020\/12\/28\/alles-farbe-open-house-kunsthaus-graz\/","og_site_name":"CREATIVE AUSTRIA \u2013 Contemporary Culture","article_publisher":"https:\/\/www.facebook.com\/creativeaustria","article_published_time":"2020-12-28T16:54:02+00:00","og_image":[{"width":2126,"height":1594,"url":"https:\/\/www.creativeaustria.at\/wp-content\/uploads\/2020\/12\/Alles-Farbe.jpg","type":"image\/jpeg"}],"author":"Elisabeth K\u00f6berl","twitter_card":"summary_large_image","twitter_misc":{"Written by":"Elisabeth K\u00f6berl","Est. reading time":"1 minute"},"schema":{"@context":"https:\/\/schema.org","@graph":[{"@type":"WebPage","@id":"https:\/\/www.creativeaustria.at\/en\/2020\/12\/28\/alles-farbe-open-house-kunsthaus-graz\/","url":"https:\/\/www.creativeaustria.at\/en\/2020\/12\/28\/alles-farbe-open-house-kunsthaus-graz\/","name":"Alles Farbe! Open House \/ Kunsthaus Graz &#187; CREATIVE AUSTRIA \u2013 Contemporary Culture","isPartOf":{"@id":"https:\/\/www.creativeaustria.at\/#website"},"primaryImageOfPage":{"@id":"https:\/\/www.creativeaustria.at\/en\/2020\/12\/28\/alles-farbe-open-house-kunsthaus-graz\/#primaryimage"},"image":{"@id":"https:\/\/www.creativeaustria.at\/en\/2020\/12\/28\/alles-farbe-open-house-kunsthaus-graz\/#primaryimage"},"thumbnailUrl":"https:\/\/www.creativeaustria.at\/wp-content\/uploads\/2020\/12\/Alles-Farbe.jpg","datePublished":"2020-12-28T16:54:02+00:00","dateModified":"2020-12-28T16:54:02+00:00","author":{"@id":"https:\/\/www.creativeaustria.at\/#\/schema\/person\/9c11986beae1ad4a6044276510c04834"},"breadcrumb":{"@id":"https:\/\/www.creativeaustria.at\/en\/2020\/12\/28\/alles-farbe-open-house-kunsthaus-graz\/#breadcrumb"},"inLanguage":"en-US","potentialAction":[{"@type":"ReadAction","target":["https:\/\/www.creativeaustria.at\/en\/2020\/12\/28\/alles-farbe-open-house-kunsthaus-graz\/"]}]},{"@type":"ImageObject","inLanguage":"en-US","@id":"https:\/\/www.creativeaustria.at\/en\/2020\/12\/28\/alles-farbe-open-house-kunsthaus-graz\/#primaryimage","url":"https:\/\/www.creativeaustria.at\/wp-content\/uploads\/2020\/12\/Alles-Farbe.jpg","contentUrl":"https:\/\/www.creativeaustria.at\/wp-content\/uploads\/2020\/12\/Alles-Farbe.jpg","width":2126,"height":1594,"caption":"Everything Colour! at the Open House 2020 in the Kunsthaus Graz, Photo: Universalmuseum Joanneum\/Kunstvermittlung"},{"@type":"BreadcrumbList","@id":"https:\/\/www.creativeaustria.at\/en\/2020\/12\/28\/alles-farbe-open-house-kunsthaus-graz\/#breadcrumb","itemListElement":[{"@type":"ListItem","position":1,"name":"Startseite","item":"https:\/\/www.creativeaustria.at\/en\/"},{"@type":"ListItem","position":2,"name":"Alles Farbe! Open House \/ Kunsthaus Graz"}]},{"@type":"WebSite","@id":"https:\/\/www.creativeaustria.at\/#website","url":"https:\/\/www.creativeaustria.at\/","name":"CREATIVE AUSTRIA \u2013 Contemporary Culture","description":"Austrias Magazine for Contemporary Culture","potentialAction":[{"@type":"SearchAction","target":{"@type":"EntryPoint","urlTemplate":"https:\/\/www.creativeaustria.at\/?s={search_term_string}"},"query-input":{"@type":"PropertyValueSpecification","valueRequired":true,"valueName":"search_term_string"}}],"inLanguage":"en-US"},{"@type":"Person","@id":"https:\/\/www.creativeaustria.at\/#\/schema\/person\/9c11986beae1ad4a6044276510c04834","name":"Elisabeth K\u00f6berl","image":{"@type":"ImageObject","inLanguage":"en-US","@id":"https:\/\/www.creativeaustria.at\/#\/schema\/person\/image\/","url":"https:\/\/secure.gravatar.com\/avatar\/145f78c5f0cac582d981bd386911cb4e?s=96&d=mm&r=g","contentUrl":"https:\/\/secure.gravatar.com\/avatar\/145f78c5f0cac582d981bd386911cb4e?s=96&d=mm&r=g","caption":"Elisabeth K\u00f6berl"},"url":"https:\/\/www.creativeaustria.at\/en\/author\/redaktion-10\/"}]}},"jetpack_featured_media_url":"https:\/\/www.creativeaustria.at\/wp-content\/uploads\/2020\/12\/Alles-Farbe.jpg","jetpack_sharing_enabled":true,"jetpack_shortlink":"https:\/\/wp.me\/p9E1qX-87I","_links":{"self":[{"href":"https:\/\/www.creativeaustria.at\/en\/wp-json\/wp\/v2\/posts\/31230"}],"collection":[{"href":"https:\/\/www.creativeaustria.at\/en\/wp-json\/wp\/v2\/posts"}],"about":[{"href":"https:\/\/www.creativeaustria.at\/en\/wp-json\/wp\/v2\/types\/post"}],"author":[{"embeddable":true,"href":"https:\/\/www.creativeaustria.at\/en\/wp-json\/wp\/v2\/users\/17"}],"replies":[{"embeddable":true,"href":"https:\/\/www.creativeaustria.at\/en\/wp-json\/wp\/v2\/comments?post=31230"}],"version-history":[{"count":2,"href":"https:\/\/www.creativeaustria.at\/en\/wp-json\/wp\/v2\/posts\/31230\/revisions"}],"predecessor-version":[{"id":31233,"href":"https:\/\/www.creativeaustria.at\/en\/wp-json\/wp\/v2\/posts\/31230\/revisions\/31233"}],"wp:featuredmedia":[{"embeddable":true,"href":"https:\/\/www.creativeaustria.at\/en\/wp-json\/wp\/v2\/media\/31228"}],"wp:attachment":[{"href":"https:\/\/www.creativeaustria.at\/en\/wp-json\/wp\/v2\/media?parent=31230"}],"wp:term":[{"taxonomy":"category","embeddable":true,"href":"https:\/\/www.creativeaustria.at\/en\/wp-json\/wp\/v2\/categories?post=31230"},{"taxonomy":"post_tag","embeddable":true,"href":"https:\/\/www.creativeaustria.at\/en\/wp-json\/wp\/v2\/tags?post=31230"}],"curies":[{"name":"wp","href":"https:\/\/api.w.org\/{rel}","templated":true}]}}