{"id":31870,"date":"2021-03-09T11:37:47","date_gmt":"2021-03-09T11:37:47","guid":{"rendered":"https:\/\/www.creativeaustria.at\/2021\/03\/09\/tage-der-utopie-2021-goetizs-vorarlberg\/"},"modified":"2021-03-09T12:22:07","modified_gmt":"2021-03-09T12:22:07","slug":"tage-der-utopie-2021-goetizs-vorarlberg","status":"publish","type":"post","link":"https:\/\/www.creativeaustria.at\/en\/2021\/03\/09\/tage-der-utopie-2021-goetizs-vorarlberg\/","title":{"rendered":"Tage der Utopie 2021 \/ G\u00f6tzis, Vorarlberg"},"content":{"rendered":"\n<p><strong>26.04. \u2013 01.05.2021. <\/strong><\/p>\n\n\n\n<p><br><\/p>\n\n\n\n<p>This year the &#8220;Tage der Utopie&#8221; will take place again in G\u00f6tzis, Vorarlberg. The biennial festival for &#8220;a good future&#8221; presents again this year lectures, discussions and concerts, this year on &amp; offline. Interested parties can purchase tickets online this year and follow the main lectures in the form of a live stream. In the event of another lockdown, tickets already purchased for face-to-face events will simply be converted into online passes.<\/p>\n\n\n\n<p>Speakers include: Lasse Rheingans (The 5 Hour Day), Matthias Glaubrecht (The End of the End of Biodiversity), Ariadne von Schirach (How We Overcome Fear and Powerlessness), Ilya Trajanov (Stories That Transform), Reiner Nagel (KinderLandStadt) and Nora Wilhelm (Strategies of Change). Music comes from the duo Juri de Marco &amp; Christoph Reuter.<\/p>\n\n\n\n<p><br><\/p>\n\n\n\n<p><strong>Tage der Utopie 2021<\/strong><br>26.04. \u2013 01.05.2021<br>Kulturb\u00fchne Ambach und Arbogast in G\u00f6tzis<br>Am Bach 10<br>6840 G\u00f6tzis<br><a rel=\"noreferrer noopener\" href=\"http:\/\/www.tagederutopie.org\" target=\"_blank\">www.tagederutopie.org<\/a><\/p>\n","protected":false},"excerpt":{"rendered":"<p>26.04. \u2013 01.05.2021. This year the &#8220;Tage der Utopie&#8221; will take place again in G\u00f6tzis, Vorarlberg. The biennial festival for &#8220;a good future&#8221; presents again this year lectures, discussions and concerts, this year on &amp; offline. Interested parties can purchase tickets online this year and follow the main lectures in the form of a live [&hellip;]<\/p>\n","protected":false},"author":2,"featured_media":31843,"comment_status":"open","ping_status":"open","sticky":false,"template":"","format":"standard","meta":{"jetpack_post_was_ever_published":false,"_jetpack_newsletter_access":"","_jetpack_dont_email_post_to_subs":false,"_jetpack_newsletter_tier_id":0,"_jetpack_memberships_contains_paywalled_content":false,"_jetpack_memberships_contains_paid_content":false,"footnotes":"","jetpack_publicize_message":"","jetpack_publicize_feature_enabled":true,"jetpack_social_post_already_shared":true,"jetpack_social_options":{"image_generator_settings":{"template":"highway","enabled":false},"version":2}},"categories":[77,430,341,231,233,433,435,229,254,337,196],"tags":[],"class_list":{"0":"post-31870","1":"post","2":"type-post","3":"status-publish","4":"format-standard","5":"has-post-thumbnail","7":"category-gegenwartskultur-en","8":"category-creativeonline-en","9":"category-events-4-en","10":"category-festivals-en","11":"category-literature","12":"category-literatureon","13":"category-musicon","14":"category-on-stage","15":"category-preview-7","16":"category-preview-4","17":"category-vorarlberg-en"},"jetpack_publicize_connections":[],"yoast_head":"<!-- This site is optimized with the Yoast SEO plugin v23.9 - https:\/\/yoast.com\/wordpress\/plugins\/seo\/ -->\n<title>Tage der Utopie 2021 \/ G\u00f6tzis, Vorarlberg &#187; CREATIVE AUSTRIA \u2013 Contemporary Culture<\/title>\n<meta name=\"robots\" content=\"index, follow, max-snippet:-1, max-image-preview:large, max-video-preview:-1\" \/>\n<link rel=\"canonical\" href=\"https:\/\/www.creativeaustria.at\/en\/2021\/03\/09\/tage-der-utopie-2021-goetizs-vorarlberg\/\" \/>\n<meta property=\"og:locale\" content=\"en_US\" \/>\n<meta property=\"og:type\" content=\"article\" \/>\n<meta property=\"og:title\" content=\"Tage der Utopie 2021 \/ G\u00f6tzis, Vorarlberg &#187; CREATIVE AUSTRIA \u2013 Contemporary Culture\" \/>\n<meta property=\"og:description\" content=\"26.04. \u2013 01.05.2021. This year the &#8220;Tage der Utopie&#8221; will take place again in G\u00f6tzis, Vorarlberg. The biennial festival for &#8220;a good future&#8221; presents again this year lectures, discussions and concerts, this year on &amp; offline. Interested parties can purchase tickets online this year and follow the main lectures in the form of a live [&hellip;]\" \/>\n<meta property=\"og:url\" content=\"https:\/\/www.creativeaustria.at\/en\/2021\/03\/09\/tage-der-utopie-2021-goetizs-vorarlberg\/\" \/>\n<meta property=\"og:site_name\" content=\"CREATIVE AUSTRIA \u2013 Contemporary Culture\" \/>\n<meta property=\"article:publisher\" content=\"https:\/\/www.facebook.com\/creativeaustria\" \/>\n<meta property=\"article:published_time\" content=\"2021-03-09T11:37:47+00:00\" \/>\n<meta property=\"article:modified_time\" content=\"2021-03-09T12:22:07+00:00\" \/>\n<meta property=\"og:image\" content=\"https:\/\/www.creativeaustria.at\/wp-content\/uploads\/2021\/03\/pexels-swapnil-sharma-729086.jpg\" \/>\n\t<meta property=\"og:image:width\" content=\"2560\" \/>\n\t<meta property=\"og:image:height\" content=\"1541\" \/>\n\t<meta property=\"og:image:type\" content=\"image\/jpeg\" \/>\n<meta name=\"author\" content=\"CREATIVE AUSTRIA\" \/>\n<meta name=\"twitter:card\" content=\"summary_large_image\" \/>\n<meta name=\"twitter:label1\" content=\"Written by\" \/>\n\t<meta name=\"twitter:data1\" content=\"CREATIVE AUSTRIA\" \/>\n\t<meta name=\"twitter:label2\" content=\"Est. reading time\" \/>\n\t<meta name=\"twitter:data2\" content=\"1 minute\" \/>\n<script type=\"application\/ld+json\" class=\"yoast-schema-graph\">{\"@context\":\"https:\/\/schema.org\",\"@graph\":[{\"@type\":\"WebPage\",\"@id\":\"https:\/\/www.creativeaustria.at\/en\/2021\/03\/09\/tage-der-utopie-2021-goetizs-vorarlberg\/\",\"url\":\"https:\/\/www.creativeaustria.at\/en\/2021\/03\/09\/tage-der-utopie-2021-goetizs-vorarlberg\/\",\"name\":\"Tage der Utopie 2021 \/ G\u00f6tzis, Vorarlberg &#187; CREATIVE AUSTRIA \u2013 Contemporary Culture\",\"isPartOf\":{\"@id\":\"https:\/\/www.creativeaustria.at\/#website\"},\"primaryImageOfPage\":{\"@id\":\"https:\/\/www.creativeaustria.at\/en\/2021\/03\/09\/tage-der-utopie-2021-goetizs-vorarlberg\/#primaryimage\"},\"image\":{\"@id\":\"https:\/\/www.creativeaustria.at\/en\/2021\/03\/09\/tage-der-utopie-2021-goetizs-vorarlberg\/#primaryimage\"},\"thumbnailUrl\":\"https:\/\/www.creativeaustria.at\/wp-content\/uploads\/2021\/03\/pexels-swapnil-sharma-729086.jpg\",\"datePublished\":\"2021-03-09T11:37:47+00:00\",\"dateModified\":\"2021-03-09T12:22:07+00:00\",\"author\":{\"@id\":\"https:\/\/www.creativeaustria.at\/#\/schema\/person\/2ef270c3dee27d6c0ec621fe9330173e\"},\"breadcrumb\":{\"@id\":\"https:\/\/www.creativeaustria.at\/en\/2021\/03\/09\/tage-der-utopie-2021-goetizs-vorarlberg\/#breadcrumb\"},\"inLanguage\":\"en-US\",\"potentialAction\":[{\"@type\":\"ReadAction\",\"target\":[\"https:\/\/www.creativeaustria.at\/en\/2021\/03\/09\/tage-der-utopie-2021-goetizs-vorarlberg\/\"]}]},{\"@type\":\"ImageObject\",\"inLanguage\":\"en-US\",\"@id\":\"https:\/\/www.creativeaustria.at\/en\/2021\/03\/09\/tage-der-utopie-2021-goetizs-vorarlberg\/#primaryimage\",\"url\":\"https:\/\/www.creativeaustria.at\/wp-content\/uploads\/2021\/03\/pexels-swapnil-sharma-729086.jpg\",\"contentUrl\":\"https:\/\/www.creativeaustria.at\/wp-content\/uploads\/2021\/03\/pexels-swapnil-sharma-729086.jpg\",\"width\":2560,\"height\":1541,\"caption\":\"(c) pexels\"},{\"@type\":\"BreadcrumbList\",\"@id\":\"https:\/\/www.creativeaustria.at\/en\/2021\/03\/09\/tage-der-utopie-2021-goetizs-vorarlberg\/#breadcrumb\",\"itemListElement\":[{\"@type\":\"ListItem\",\"position\":1,\"name\":\"Startseite\",\"item\":\"https:\/\/www.creativeaustria.at\/en\/\"},{\"@type\":\"ListItem\",\"position\":2,\"name\":\"Tage der Utopie 2021 \/ G\u00f6tzis, Vorarlberg\"}]},{\"@type\":\"WebSite\",\"@id\":\"https:\/\/www.creativeaustria.at\/#website\",\"url\":\"https:\/\/www.creativeaustria.at\/\",\"name\":\"CREATIVE AUSTRIA \u2013 Contemporary Culture\",\"description\":\"Austrias Magazine for Contemporary Culture\",\"potentialAction\":[{\"@type\":\"SearchAction\",\"target\":{\"@type\":\"EntryPoint\",\"urlTemplate\":\"https:\/\/www.creativeaustria.at\/?s={search_term_string}\"},\"query-input\":{\"@type\":\"PropertyValueSpecification\",\"valueRequired\":true,\"valueName\":\"search_term_string\"}}],\"inLanguage\":\"en-US\"},{\"@type\":\"Person\",\"@id\":\"https:\/\/www.creativeaustria.at\/#\/schema\/person\/2ef270c3dee27d6c0ec621fe9330173e\",\"name\":\"CREATIVE AUSTRIA\",\"image\":{\"@type\":\"ImageObject\",\"inLanguage\":\"en-US\",\"@id\":\"https:\/\/www.creativeaustria.at\/#\/schema\/person\/image\/\",\"url\":\"https:\/\/secure.gravatar.com\/avatar\/684a70572f233313686e8858b8b6ca7b?s=96&d=mm&r=g\",\"contentUrl\":\"https:\/\/secure.gravatar.com\/avatar\/684a70572f233313686e8858b8b6ca7b?s=96&d=mm&r=g\",\"caption\":\"CREATIVE AUSTRIA\"},\"sameAs\":[\"http:\/\/www.creativeaustria.at\"],\"url\":\"https:\/\/www.creativeaustria.at\/en\/author\/creative-austria-redaktion\/\"}]}<\/script>\n<!-- \/ Yoast SEO plugin. -->","yoast_head_json":{"title":"Tage der Utopie 2021 \/ G\u00f6tzis, Vorarlberg &#187; CREATIVE AUSTRIA \u2013 Contemporary Culture","robots":{"index":"index","follow":"follow","max-snippet":"max-snippet:-1","max-image-preview":"max-image-preview:large","max-video-preview":"max-video-preview:-1"},"canonical":"https:\/\/www.creativeaustria.at\/en\/2021\/03\/09\/tage-der-utopie-2021-goetizs-vorarlberg\/","og_locale":"en_US","og_type":"article","og_title":"Tage der Utopie 2021 \/ G\u00f6tzis, Vorarlberg &#187; CREATIVE AUSTRIA \u2013 Contemporary Culture","og_description":"26.04. \u2013 01.05.2021. This year the &#8220;Tage der Utopie&#8221; will take place again in G\u00f6tzis, Vorarlberg. The biennial festival for &#8220;a good future&#8221; presents again this year lectures, discussions and concerts, this year on &amp; offline. Interested parties can purchase tickets online this year and follow the main lectures in the form of a live [&hellip;]","og_url":"https:\/\/www.creativeaustria.at\/en\/2021\/03\/09\/tage-der-utopie-2021-goetizs-vorarlberg\/","og_site_name":"CREATIVE AUSTRIA \u2013 Contemporary Culture","article_publisher":"https:\/\/www.facebook.com\/creativeaustria","article_published_time":"2021-03-09T11:37:47+00:00","article_modified_time":"2021-03-09T12:22:07+00:00","og_image":[{"width":2560,"height":1541,"url":"https:\/\/www.creativeaustria.at\/wp-content\/uploads\/2021\/03\/pexels-swapnil-sharma-729086.jpg","type":"image\/jpeg"}],"author":"CREATIVE AUSTRIA","twitter_card":"summary_large_image","twitter_misc":{"Written by":"CREATIVE AUSTRIA","Est. reading time":"1 minute"},"schema":{"@context":"https:\/\/schema.org","@graph":[{"@type":"WebPage","@id":"https:\/\/www.creativeaustria.at\/en\/2021\/03\/09\/tage-der-utopie-2021-goetizs-vorarlberg\/","url":"https:\/\/www.creativeaustria.at\/en\/2021\/03\/09\/tage-der-utopie-2021-goetizs-vorarlberg\/","name":"Tage der Utopie 2021 \/ G\u00f6tzis, Vorarlberg &#187; CREATIVE AUSTRIA \u2013 Contemporary Culture","isPartOf":{"@id":"https:\/\/www.creativeaustria.at\/#website"},"primaryImageOfPage":{"@id":"https:\/\/www.creativeaustria.at\/en\/2021\/03\/09\/tage-der-utopie-2021-goetizs-vorarlberg\/#primaryimage"},"image":{"@id":"https:\/\/www.creativeaustria.at\/en\/2021\/03\/09\/tage-der-utopie-2021-goetizs-vorarlberg\/#primaryimage"},"thumbnailUrl":"https:\/\/www.creativeaustria.at\/wp-content\/uploads\/2021\/03\/pexels-swapnil-sharma-729086.jpg","datePublished":"2021-03-09T11:37:47+00:00","dateModified":"2021-03-09T12:22:07+00:00","author":{"@id":"https:\/\/www.creativeaustria.at\/#\/schema\/person\/2ef270c3dee27d6c0ec621fe9330173e"},"breadcrumb":{"@id":"https:\/\/www.creativeaustria.at\/en\/2021\/03\/09\/tage-der-utopie-2021-goetizs-vorarlberg\/#breadcrumb"},"inLanguage":"en-US","potentialAction":[{"@type":"ReadAction","target":["https:\/\/www.creativeaustria.at\/en\/2021\/03\/09\/tage-der-utopie-2021-goetizs-vorarlberg\/"]}]},{"@type":"ImageObject","inLanguage":"en-US","@id":"https:\/\/www.creativeaustria.at\/en\/2021\/03\/09\/tage-der-utopie-2021-goetizs-vorarlberg\/#primaryimage","url":"https:\/\/www.creativeaustria.at\/wp-content\/uploads\/2021\/03\/pexels-swapnil-sharma-729086.jpg","contentUrl":"https:\/\/www.creativeaustria.at\/wp-content\/uploads\/2021\/03\/pexels-swapnil-sharma-729086.jpg","width":2560,"height":1541,"caption":"(c) pexels"},{"@type":"BreadcrumbList","@id":"https:\/\/www.creativeaustria.at\/en\/2021\/03\/09\/tage-der-utopie-2021-goetizs-vorarlberg\/#breadcrumb","itemListElement":[{"@type":"ListItem","position":1,"name":"Startseite","item":"https:\/\/www.creativeaustria.at\/en\/"},{"@type":"ListItem","position":2,"name":"Tage der Utopie 2021 \/ G\u00f6tzis, Vorarlberg"}]},{"@type":"WebSite","@id":"https:\/\/www.creativeaustria.at\/#website","url":"https:\/\/www.creativeaustria.at\/","name":"CREATIVE AUSTRIA \u2013 Contemporary Culture","description":"Austrias Magazine for Contemporary Culture","potentialAction":[{"@type":"SearchAction","target":{"@type":"EntryPoint","urlTemplate":"https:\/\/www.creativeaustria.at\/?s={search_term_string}"},"query-input":{"@type":"PropertyValueSpecification","valueRequired":true,"valueName":"search_term_string"}}],"inLanguage":"en-US"},{"@type":"Person","@id":"https:\/\/www.creativeaustria.at\/#\/schema\/person\/2ef270c3dee27d6c0ec621fe9330173e","name":"CREATIVE AUSTRIA","image":{"@type":"ImageObject","inLanguage":"en-US","@id":"https:\/\/www.creativeaustria.at\/#\/schema\/person\/image\/","url":"https:\/\/secure.gravatar.com\/avatar\/684a70572f233313686e8858b8b6ca7b?s=96&d=mm&r=g","contentUrl":"https:\/\/secure.gravatar.com\/avatar\/684a70572f233313686e8858b8b6ca7b?s=96&d=mm&r=g","caption":"CREATIVE AUSTRIA"},"sameAs":["http:\/\/www.creativeaustria.at"],"url":"https:\/\/www.creativeaustria.at\/en\/author\/creative-austria-redaktion\/"}]}},"jetpack_featured_media_url":"https:\/\/www.creativeaustria.at\/wp-content\/uploads\/2021\/03\/pexels-swapnil-sharma-729086.jpg","jetpack_sharing_enabled":true,"jetpack_shortlink":"https:\/\/wp.me\/p9E1qX-8i2","_links":{"self":[{"href":"https:\/\/www.creativeaustria.at\/en\/wp-json\/wp\/v2\/posts\/31870"}],"collection":[{"href":"https:\/\/www.creativeaustria.at\/en\/wp-json\/wp\/v2\/posts"}],"about":[{"href":"https:\/\/www.creativeaustria.at\/en\/wp-json\/wp\/v2\/types\/post"}],"author":[{"embeddable":true,"href":"https:\/\/www.creativeaustria.at\/en\/wp-json\/wp\/v2\/users\/2"}],"replies":[{"embeddable":true,"href":"https:\/\/www.creativeaustria.at\/en\/wp-json\/wp\/v2\/comments?post=31870"}],"version-history":[{"count":1,"href":"https:\/\/www.creativeaustria.at\/en\/wp-json\/wp\/v2\/posts\/31870\/revisions"}],"predecessor-version":[{"id":31871,"href":"https:\/\/www.creativeaustria.at\/en\/wp-json\/wp\/v2\/posts\/31870\/revisions\/31871"}],"wp:featuredmedia":[{"embeddable":true,"href":"https:\/\/www.creativeaustria.at\/en\/wp-json\/wp\/v2\/media\/31843"}],"wp:attachment":[{"href":"https:\/\/www.creativeaustria.at\/en\/wp-json\/wp\/v2\/media?parent=31870"}],"wp:term":[{"taxonomy":"category","embeddable":true,"href":"https:\/\/www.creativeaustria.at\/en\/wp-json\/wp\/v2\/categories?post=31870"},{"taxonomy":"post_tag","embeddable":true,"href":"https:\/\/www.creativeaustria.at\/en\/wp-json\/wp\/v2\/tags?post=31870"}],"curies":[{"name":"wp","href":"https:\/\/api.w.org\/{rel}","templated":true}]}}