{"id":32645,"date":"2021-04-19T12:42:42","date_gmt":"2021-04-19T12:42:42","guid":{"rendered":"https:\/\/www.creativeaustria.at\/2021\/04\/19\/social-design-online-panel-diskussion-unesco-city-of-design-subnetwork-meeting-2020\/"},"modified":"2021-04-26T10:25:05","modified_gmt":"2021-04-26T10:25:05","slug":"social-design-online-panel-diskussion-unesco-city-of-design-subnetwork-meeting-2020","status":"publish","type":"post","link":"https:\/\/www.creativeaustria.at\/en\/2021\/04\/19\/social-design-online-panel-diskussion-unesco-city-of-design-subnetwork-meeting-2020\/","title":{"rendered":"Social Design: Online Panel Diskussion | UNESCO City of Design Subnetwork Meeting 2020"},"content":{"rendered":"\n<p><strong>UNESCO City of Design Subnetwork Meeting 2020 Day 1: Online Panel Diskussion about Social Design, 5. Oktober 2020 <br><\/strong><br><\/p>\n\n\n\n<p>Which instruments and processes can be used to positively influence the social fabric in a city in terms of social design? On the first day of the UNESCO City of Design panel discussions, international experts want to find out how social design can help to shape social interaction and the quality of life in a city.<\/p>\n\n\n\n<p>Keynote speaker Andrea Paoletti, architect and social designer from Italy, will talk about &#8220;The relational age &#8211; Design to connect things, people and places.&#8221;<\/p>\n\n\n\n<p>Panelists: Sofija Kaljevic, Architect &amp; Educator, Geelong \/ Australia Karl Stocker, Historian and Professor of Design and Communication, Graz \/ Austria Rainer Rosegger, Sociologist, Graz \/ Austria<\/p>\n\n\n\n<p>Best Practice Examples of UNESCO Cities of Design: Kris Dekeyzer, Project manager &#8220;TRIPOD&#8221; Urban design in public space, Kortrijk \/ Belgium Erica Elk, The Better Living Challenge, Capetown \/ South Africa<\/p>\n\n\n\n<p>Moderator Hansj\u00fcrgen Schm\u00f6lzer will accompany the program. UNESCO City of Design Subnetwork Meeting 2020 hosted by Graz in cooperation with Saint \u00c9tienne October 5 &#8211; 7, 2020 SOCIAL &#8211; SMART &#8211; SUSTAINABLE<\/p>\n","protected":false},"excerpt":{"rendered":"<p>UNESCO City of Design Subnetwork Meeting 2020 Day 1: Online Panel Diskussion about Social Design, 5. Oktober 2020 Which instruments and processes can be used to positively influence the social fabric in a city in terms of social design? On the first day of the UNESCO City of Design panel discussions, international experts want to [&hellip;]<\/p>\n","protected":false},"author":2,"featured_media":32425,"comment_status":"open","ping_status":"open","sticky":false,"template":"","format":"video","meta":{"jetpack_post_was_ever_published":false,"_jetpack_newsletter_access":"","_jetpack_dont_email_post_to_subs":false,"_jetpack_newsletter_tier_id":0,"_jetpack_memberships_contains_paywalled_content":false,"_jetpack_memberships_contains_paid_content":false,"footnotes":"","jetpack_publicize_message":"","jetpack_publicize_feature_enabled":true,"jetpack_social_post_already_shared":true,"jetpack_social_options":{"image_generator_settings":{"template":"highway","enabled":false},"version":2}},"categories":[77,286,78,471,592],"tags":[81,504,473],"class_list":{"0":"post-32645","1":"post","2":"type-post","3":"status-publish","4":"format-video","5":"has-post-thumbnail","7":"category-gegenwartskultur-en","8":"category-current","9":"category-graz-en","10":"category-life","11":"category-social-en","12":"tag-graz-en","13":"tag-social-design-en","14":"tag-unesco-city-of-design-en","15":"post_format-post-format-video"},"jetpack_publicize_connections":[],"yoast_head":"<!-- This site is optimized with the Yoast SEO plugin v23.9 - https:\/\/yoast.com\/wordpress\/plugins\/seo\/ -->\n<title>Social Design: Online Panel Diskussion | UNESCO City of Design Subnetwork Meeting 2020 &#187; CREATIVE AUSTRIA \u2013 Contemporary Culture<\/title>\n<meta name=\"robots\" content=\"index, follow, max-snippet:-1, max-image-preview:large, max-video-preview:-1\" \/>\n<link rel=\"canonical\" href=\"https:\/\/www.creativeaustria.at\/en\/2021\/04\/19\/social-design-online-panel-diskussion-unesco-city-of-design-subnetwork-meeting-2020\/\" \/>\n<meta property=\"og:locale\" content=\"en_US\" \/>\n<meta property=\"og:type\" content=\"article\" \/>\n<meta property=\"og:title\" content=\"Social Design: Online Panel Diskussion | UNESCO City of Design Subnetwork Meeting 2020 &#187; CREATIVE AUSTRIA \u2013 Contemporary Culture\" \/>\n<meta property=\"og:description\" content=\"UNESCO City of Design Subnetwork Meeting 2020 Day 1: Online Panel Diskussion about Social Design, 5. Oktober 2020 Which instruments and processes can be used to positively influence the social fabric in a city in terms of social design? On the first day of the UNESCO City of Design panel discussions, international experts want to [&hellip;]\" \/>\n<meta property=\"og:url\" content=\"https:\/\/www.creativeaustria.at\/en\/2021\/04\/19\/social-design-online-panel-diskussion-unesco-city-of-design-subnetwork-meeting-2020\/\" \/>\n<meta property=\"og:site_name\" content=\"CREATIVE AUSTRIA \u2013 Contemporary Culture\" \/>\n<meta property=\"article:publisher\" content=\"https:\/\/www.facebook.com\/creativeaustria\" \/>\n<meta property=\"article:published_time\" content=\"2021-04-19T12:42:42+00:00\" \/>\n<meta property=\"article:modified_time\" content=\"2021-04-26T10:25:05+00:00\" \/>\n<meta property=\"og:image\" content=\"https:\/\/www.creativeaustria.at\/wp-content\/uploads\/2021\/04\/maxresdefault.jpg\" \/>\n\t<meta property=\"og:image:width\" content=\"1280\" \/>\n\t<meta property=\"og:image:height\" content=\"720\" \/>\n\t<meta property=\"og:image:type\" content=\"image\/jpeg\" \/>\n<meta name=\"author\" content=\"CREATIVE AUSTRIA\" \/>\n<meta name=\"twitter:card\" content=\"summary_large_image\" \/>\n<meta name=\"twitter:label1\" content=\"Written by\" \/>\n\t<meta name=\"twitter:data1\" content=\"CREATIVE AUSTRIA\" \/>\n\t<meta name=\"twitter:label2\" content=\"Est. reading time\" \/>\n\t<meta name=\"twitter:data2\" content=\"1 minute\" \/>\n<script type=\"application\/ld+json\" class=\"yoast-schema-graph\">{\"@context\":\"https:\/\/schema.org\",\"@graph\":[{\"@type\":\"WebPage\",\"@id\":\"https:\/\/www.creativeaustria.at\/en\/2021\/04\/19\/social-design-online-panel-diskussion-unesco-city-of-design-subnetwork-meeting-2020\/\",\"url\":\"https:\/\/www.creativeaustria.at\/en\/2021\/04\/19\/social-design-online-panel-diskussion-unesco-city-of-design-subnetwork-meeting-2020\/\",\"name\":\"Social Design: Online Panel Diskussion | UNESCO City of Design Subnetwork Meeting 2020 &#187; CREATIVE AUSTRIA \u2013 Contemporary Culture\",\"isPartOf\":{\"@id\":\"https:\/\/www.creativeaustria.at\/#website\"},\"primaryImageOfPage\":{\"@id\":\"https:\/\/www.creativeaustria.at\/en\/2021\/04\/19\/social-design-online-panel-diskussion-unesco-city-of-design-subnetwork-meeting-2020\/#primaryimage\"},\"image\":{\"@id\":\"https:\/\/www.creativeaustria.at\/en\/2021\/04\/19\/social-design-online-panel-diskussion-unesco-city-of-design-subnetwork-meeting-2020\/#primaryimage\"},\"thumbnailUrl\":\"https:\/\/www.creativeaustria.at\/wp-content\/uploads\/2021\/04\/maxresdefault.jpg\",\"datePublished\":\"2021-04-19T12:42:42+00:00\",\"dateModified\":\"2021-04-26T10:25:05+00:00\",\"author\":{\"@id\":\"https:\/\/www.creativeaustria.at\/#\/schema\/person\/2ef270c3dee27d6c0ec621fe9330173e\"},\"breadcrumb\":{\"@id\":\"https:\/\/www.creativeaustria.at\/en\/2021\/04\/19\/social-design-online-panel-diskussion-unesco-city-of-design-subnetwork-meeting-2020\/#breadcrumb\"},\"inLanguage\":\"en-US\",\"potentialAction\":[{\"@type\":\"ReadAction\",\"target\":[\"https:\/\/www.creativeaustria.at\/en\/2021\/04\/19\/social-design-online-panel-diskussion-unesco-city-of-design-subnetwork-meeting-2020\/\"]}]},{\"@type\":\"ImageObject\",\"inLanguage\":\"en-US\",\"@id\":\"https:\/\/www.creativeaustria.at\/en\/2021\/04\/19\/social-design-online-panel-diskussion-unesco-city-of-design-subnetwork-meeting-2020\/#primaryimage\",\"url\":\"https:\/\/www.creativeaustria.at\/wp-content\/uploads\/2021\/04\/maxresdefault.jpg\",\"contentUrl\":\"https:\/\/www.creativeaustria.at\/wp-content\/uploads\/2021\/04\/maxresdefault.jpg\",\"width\":1280,\"height\":720},{\"@type\":\"BreadcrumbList\",\"@id\":\"https:\/\/www.creativeaustria.at\/en\/2021\/04\/19\/social-design-online-panel-diskussion-unesco-city-of-design-subnetwork-meeting-2020\/#breadcrumb\",\"itemListElement\":[{\"@type\":\"ListItem\",\"position\":1,\"name\":\"Startseite\",\"item\":\"https:\/\/www.creativeaustria.at\/en\/\"},{\"@type\":\"ListItem\",\"position\":2,\"name\":\"Social Design: Online Panel Diskussion | UNESCO City of Design Subnetwork Meeting 2020\"}]},{\"@type\":\"WebSite\",\"@id\":\"https:\/\/www.creativeaustria.at\/#website\",\"url\":\"https:\/\/www.creativeaustria.at\/\",\"name\":\"CREATIVE AUSTRIA \u2013 Contemporary Culture\",\"description\":\"Austrias Magazine for Contemporary Culture\",\"potentialAction\":[{\"@type\":\"SearchAction\",\"target\":{\"@type\":\"EntryPoint\",\"urlTemplate\":\"https:\/\/www.creativeaustria.at\/?s={search_term_string}\"},\"query-input\":{\"@type\":\"PropertyValueSpecification\",\"valueRequired\":true,\"valueName\":\"search_term_string\"}}],\"inLanguage\":\"en-US\"},{\"@type\":\"Person\",\"@id\":\"https:\/\/www.creativeaustria.at\/#\/schema\/person\/2ef270c3dee27d6c0ec621fe9330173e\",\"name\":\"CREATIVE AUSTRIA\",\"image\":{\"@type\":\"ImageObject\",\"inLanguage\":\"en-US\",\"@id\":\"https:\/\/www.creativeaustria.at\/#\/schema\/person\/image\/\",\"url\":\"https:\/\/secure.gravatar.com\/avatar\/684a70572f233313686e8858b8b6ca7b?s=96&d=mm&r=g\",\"contentUrl\":\"https:\/\/secure.gravatar.com\/avatar\/684a70572f233313686e8858b8b6ca7b?s=96&d=mm&r=g\",\"caption\":\"CREATIVE AUSTRIA\"},\"sameAs\":[\"http:\/\/www.creativeaustria.at\"],\"url\":\"https:\/\/www.creativeaustria.at\/en\/author\/creative-austria-redaktion\/\"}]}<\/script>\n<!-- \/ Yoast SEO plugin. -->","yoast_head_json":{"title":"Social Design: Online Panel Diskussion | UNESCO City of Design Subnetwork Meeting 2020 &#187; CREATIVE AUSTRIA \u2013 Contemporary Culture","robots":{"index":"index","follow":"follow","max-snippet":"max-snippet:-1","max-image-preview":"max-image-preview:large","max-video-preview":"max-video-preview:-1"},"canonical":"https:\/\/www.creativeaustria.at\/en\/2021\/04\/19\/social-design-online-panel-diskussion-unesco-city-of-design-subnetwork-meeting-2020\/","og_locale":"en_US","og_type":"article","og_title":"Social Design: Online Panel Diskussion | UNESCO City of Design Subnetwork Meeting 2020 &#187; CREATIVE AUSTRIA \u2013 Contemporary Culture","og_description":"UNESCO City of Design Subnetwork Meeting 2020 Day 1: Online Panel Diskussion about Social Design, 5. Oktober 2020 Which instruments and processes can be used to positively influence the social fabric in a city in terms of social design? On the first day of the UNESCO City of Design panel discussions, international experts want to [&hellip;]","og_url":"https:\/\/www.creativeaustria.at\/en\/2021\/04\/19\/social-design-online-panel-diskussion-unesco-city-of-design-subnetwork-meeting-2020\/","og_site_name":"CREATIVE AUSTRIA \u2013 Contemporary Culture","article_publisher":"https:\/\/www.facebook.com\/creativeaustria","article_published_time":"2021-04-19T12:42:42+00:00","article_modified_time":"2021-04-26T10:25:05+00:00","og_image":[{"width":1280,"height":720,"url":"https:\/\/www.creativeaustria.at\/wp-content\/uploads\/2021\/04\/maxresdefault.jpg","type":"image\/jpeg"}],"author":"CREATIVE AUSTRIA","twitter_card":"summary_large_image","twitter_misc":{"Written by":"CREATIVE AUSTRIA","Est. reading time":"1 minute"},"schema":{"@context":"https:\/\/schema.org","@graph":[{"@type":"WebPage","@id":"https:\/\/www.creativeaustria.at\/en\/2021\/04\/19\/social-design-online-panel-diskussion-unesco-city-of-design-subnetwork-meeting-2020\/","url":"https:\/\/www.creativeaustria.at\/en\/2021\/04\/19\/social-design-online-panel-diskussion-unesco-city-of-design-subnetwork-meeting-2020\/","name":"Social Design: Online Panel Diskussion | UNESCO City of Design Subnetwork Meeting 2020 &#187; CREATIVE AUSTRIA \u2013 Contemporary Culture","isPartOf":{"@id":"https:\/\/www.creativeaustria.at\/#website"},"primaryImageOfPage":{"@id":"https:\/\/www.creativeaustria.at\/en\/2021\/04\/19\/social-design-online-panel-diskussion-unesco-city-of-design-subnetwork-meeting-2020\/#primaryimage"},"image":{"@id":"https:\/\/www.creativeaustria.at\/en\/2021\/04\/19\/social-design-online-panel-diskussion-unesco-city-of-design-subnetwork-meeting-2020\/#primaryimage"},"thumbnailUrl":"https:\/\/www.creativeaustria.at\/wp-content\/uploads\/2021\/04\/maxresdefault.jpg","datePublished":"2021-04-19T12:42:42+00:00","dateModified":"2021-04-26T10:25:05+00:00","author":{"@id":"https:\/\/www.creativeaustria.at\/#\/schema\/person\/2ef270c3dee27d6c0ec621fe9330173e"},"breadcrumb":{"@id":"https:\/\/www.creativeaustria.at\/en\/2021\/04\/19\/social-design-online-panel-diskussion-unesco-city-of-design-subnetwork-meeting-2020\/#breadcrumb"},"inLanguage":"en-US","potentialAction":[{"@type":"ReadAction","target":["https:\/\/www.creativeaustria.at\/en\/2021\/04\/19\/social-design-online-panel-diskussion-unesco-city-of-design-subnetwork-meeting-2020\/"]}]},{"@type":"ImageObject","inLanguage":"en-US","@id":"https:\/\/www.creativeaustria.at\/en\/2021\/04\/19\/social-design-online-panel-diskussion-unesco-city-of-design-subnetwork-meeting-2020\/#primaryimage","url":"https:\/\/www.creativeaustria.at\/wp-content\/uploads\/2021\/04\/maxresdefault.jpg","contentUrl":"https:\/\/www.creativeaustria.at\/wp-content\/uploads\/2021\/04\/maxresdefault.jpg","width":1280,"height":720},{"@type":"BreadcrumbList","@id":"https:\/\/www.creativeaustria.at\/en\/2021\/04\/19\/social-design-online-panel-diskussion-unesco-city-of-design-subnetwork-meeting-2020\/#breadcrumb","itemListElement":[{"@type":"ListItem","position":1,"name":"Startseite","item":"https:\/\/www.creativeaustria.at\/en\/"},{"@type":"ListItem","position":2,"name":"Social Design: Online Panel Diskussion | UNESCO City of Design Subnetwork Meeting 2020"}]},{"@type":"WebSite","@id":"https:\/\/www.creativeaustria.at\/#website","url":"https:\/\/www.creativeaustria.at\/","name":"CREATIVE AUSTRIA \u2013 Contemporary Culture","description":"Austrias Magazine for Contemporary Culture","potentialAction":[{"@type":"SearchAction","target":{"@type":"EntryPoint","urlTemplate":"https:\/\/www.creativeaustria.at\/?s={search_term_string}"},"query-input":{"@type":"PropertyValueSpecification","valueRequired":true,"valueName":"search_term_string"}}],"inLanguage":"en-US"},{"@type":"Person","@id":"https:\/\/www.creativeaustria.at\/#\/schema\/person\/2ef270c3dee27d6c0ec621fe9330173e","name":"CREATIVE AUSTRIA","image":{"@type":"ImageObject","inLanguage":"en-US","@id":"https:\/\/www.creativeaustria.at\/#\/schema\/person\/image\/","url":"https:\/\/secure.gravatar.com\/avatar\/684a70572f233313686e8858b8b6ca7b?s=96&d=mm&r=g","contentUrl":"https:\/\/secure.gravatar.com\/avatar\/684a70572f233313686e8858b8b6ca7b?s=96&d=mm&r=g","caption":"CREATIVE AUSTRIA"},"sameAs":["http:\/\/www.creativeaustria.at"],"url":"https:\/\/www.creativeaustria.at\/en\/author\/creative-austria-redaktion\/"}]}},"jetpack_featured_media_url":"https:\/\/www.creativeaustria.at\/wp-content\/uploads\/2021\/04\/maxresdefault.jpg","jetpack_sharing_enabled":true,"jetpack_shortlink":"https:\/\/wp.me\/p9E1qX-8ux","_links":{"self":[{"href":"https:\/\/www.creativeaustria.at\/en\/wp-json\/wp\/v2\/posts\/32645"}],"collection":[{"href":"https:\/\/www.creativeaustria.at\/en\/wp-json\/wp\/v2\/posts"}],"about":[{"href":"https:\/\/www.creativeaustria.at\/en\/wp-json\/wp\/v2\/types\/post"}],"author":[{"embeddable":true,"href":"https:\/\/www.creativeaustria.at\/en\/wp-json\/wp\/v2\/users\/2"}],"replies":[{"embeddable":true,"href":"https:\/\/www.creativeaustria.at\/en\/wp-json\/wp\/v2\/comments?post=32645"}],"version-history":[{"count":1,"href":"https:\/\/www.creativeaustria.at\/en\/wp-json\/wp\/v2\/posts\/32645\/revisions"}],"predecessor-version":[{"id":32646,"href":"https:\/\/www.creativeaustria.at\/en\/wp-json\/wp\/v2\/posts\/32645\/revisions\/32646"}],"wp:featuredmedia":[{"embeddable":true,"href":"https:\/\/www.creativeaustria.at\/en\/wp-json\/wp\/v2\/media\/32425"}],"wp:attachment":[{"href":"https:\/\/www.creativeaustria.at\/en\/wp-json\/wp\/v2\/media?parent=32645"}],"wp:term":[{"taxonomy":"category","embeddable":true,"href":"https:\/\/www.creativeaustria.at\/en\/wp-json\/wp\/v2\/categories?post=32645"},{"taxonomy":"post_tag","embeddable":true,"href":"https:\/\/www.creativeaustria.at\/en\/wp-json\/wp\/v2\/tags?post=32645"}],"curies":[{"name":"wp","href":"https:\/\/api.w.org\/{rel}","templated":true}]}}