{"id":33363,"date":"2021-06-02T10:09:29","date_gmt":"2021-06-02T10:09:29","guid":{"rendered":"https:\/\/www.creativeaustria.at\/2021\/06\/02\/montafoner-resonanzen-21-montafon-vorarlberg\/"},"modified":"2021-06-02T11:16:18","modified_gmt":"2021-06-02T11:16:18","slug":"montafoner-resonanzen-21-montafon-vorarlberg","status":"publish","type":"post","link":"https:\/\/www.creativeaustria.at\/en\/2021\/06\/02\/montafoner-resonanzen-21-montafon-vorarlberg\/","title":{"rendered":"Montafoner Resonanzen &#8217;21 \/ Montafon, Vorarlberg"},"content":{"rendered":"\n<p><strong>05.08. \u2013 17.09.2021. <\/strong><\/p>\n\n\n\n<p>Jazz, chamber music, cross over, organ, wind and folk music &#8211; concerts at unusual venues and musicians of distinction bring the music festival to the valley. A wide variety of styles will be heard, from wind instruments and chamber music to jazz and folk music, cross over and organ, there should be something for everyone. All concerts are performed at special, the music corresponding authentic places such as among other things the mountain railroads Gargellen, Gaschurn-Partenen or in Schruns-Tschagguns. Participating artists are Triolounge, the Imperial Jazzband, German Hornsound, the Symphonic Wind Ensemble, NA+5, Trio D&#8217;Iroise, the Esm\u00e9 Quartet, Marais Consort, Martin Heini and Vincent Th\u00e9venaz, Alain Dobler, the Apero Cooltett, Trio Nautico, J\u00fcri, the Rheingold Quartet.<br><br><br><strong>Montafoner Resonanzen<\/strong><br>05.08. \u2013 17.09.2021<\/p>\n\n\n\n<p>various locations<br><a href=\"http:\/\/www.montafon.at\/montafoner-resonanzen\">www.montafon.at\/montafoner-resonanzen<\/a><\/p>\n","protected":false},"excerpt":{"rendered":"<p>05.08. \u2013 17.09.2021. Jazz, chamber music, cross over, organ, wind and folk music &#8211; concerts at unusual venues and musicians of distinction bring the music festival to the valley. A wide variety of styles will be heard, from wind instruments and chamber music to jazz and folk music, cross over and organ, there should be [&hellip;]<\/p>\n","protected":false},"author":2,"featured_media":33346,"comment_status":"open","ping_status":"open","sticky":false,"template":"","format":"standard","meta":{"jetpack_post_was_ever_published":false,"_jetpack_newsletter_access":"","_jetpack_dont_email_post_to_subs":false,"_jetpack_newsletter_tier_id":0,"_jetpack_memberships_contains_paywalled_content":false,"_jetpack_memberships_contains_paid_content":false,"footnotes":"","jetpack_publicize_message":"","jetpack_publicize_feature_enabled":true,"jetpack_social_post_already_shared":true,"jetpack_social_options":{"image_generator_settings":{"template":"highway","enabled":false},"version":2}},"categories":[77,234,254,337,196],"tags":[567,388,383],"class_list":{"0":"post-33363","1":"post","2":"type-post","3":"status-publish","4":"format-standard","5":"has-post-thumbnail","7":"category-gegenwartskultur-en","8":"category-music","9":"category-preview-7","10":"category-preview-4","11":"category-vorarlberg-en","12":"tag-montafon-en","13":"tag-musik-en","14":"tag-vorarlberg-en"},"jetpack_publicize_connections":[],"yoast_head":"<!-- This site is optimized with the Yoast SEO plugin v23.9 - https:\/\/yoast.com\/wordpress\/plugins\/seo\/ -->\n<title>Montafoner Resonanzen &#039;21 \/ Montafon, Vorarlberg &#187; CREATIVE AUSTRIA \u2013 Contemporary Culture<\/title>\n<meta name=\"robots\" content=\"index, follow, max-snippet:-1, max-image-preview:large, max-video-preview:-1\" \/>\n<link rel=\"canonical\" href=\"https:\/\/www.creativeaustria.at\/en\/2021\/06\/02\/montafoner-resonanzen-21-montafon-vorarlberg\/\" \/>\n<meta property=\"og:locale\" content=\"en_US\" \/>\n<meta property=\"og:type\" content=\"article\" \/>\n<meta property=\"og:title\" content=\"Montafoner Resonanzen &#039;21 \/ Montafon, Vorarlberg &#187; CREATIVE AUSTRIA \u2013 Contemporary Culture\" \/>\n<meta property=\"og:description\" content=\"05.08. \u2013 17.09.2021. Jazz, chamber music, cross over, organ, wind and folk music &#8211; concerts at unusual venues and musicians of distinction bring the music festival to the valley. A wide variety of styles will be heard, from wind instruments and chamber music to jazz and folk music, cross over and organ, there should be [&hellip;]\" \/>\n<meta property=\"og:url\" content=\"https:\/\/www.creativeaustria.at\/en\/2021\/06\/02\/montafoner-resonanzen-21-montafon-vorarlberg\/\" \/>\n<meta property=\"og:site_name\" content=\"CREATIVE AUSTRIA \u2013 Contemporary Culture\" \/>\n<meta property=\"article:publisher\" content=\"https:\/\/www.facebook.com\/creativeaustria\" \/>\n<meta property=\"article:published_time\" content=\"2021-06-02T10:09:29+00:00\" \/>\n<meta property=\"article:modified_time\" content=\"2021-06-02T11:16:18+00:00\" \/>\n<meta property=\"og:image\" content=\"https:\/\/www.creativeaustria.at\/wp-content\/uploads\/2021\/06\/pexels-lucas-allmann-442540.jpg\" \/>\n\t<meta property=\"og:image:width\" content=\"2560\" \/>\n\t<meta property=\"og:image:height\" content=\"1709\" \/>\n\t<meta property=\"og:image:type\" content=\"image\/jpeg\" \/>\n<meta name=\"author\" content=\"CREATIVE AUSTRIA\" \/>\n<meta name=\"twitter:card\" content=\"summary_large_image\" \/>\n<meta name=\"twitter:label1\" content=\"Written by\" \/>\n\t<meta name=\"twitter:data1\" content=\"CREATIVE AUSTRIA\" \/>\n\t<meta name=\"twitter:label2\" content=\"Est. reading time\" \/>\n\t<meta name=\"twitter:data2\" content=\"1 minute\" \/>\n<script type=\"application\/ld+json\" class=\"yoast-schema-graph\">{\"@context\":\"https:\/\/schema.org\",\"@graph\":[{\"@type\":\"WebPage\",\"@id\":\"https:\/\/www.creativeaustria.at\/en\/2021\/06\/02\/montafoner-resonanzen-21-montafon-vorarlberg\/\",\"url\":\"https:\/\/www.creativeaustria.at\/en\/2021\/06\/02\/montafoner-resonanzen-21-montafon-vorarlberg\/\",\"name\":\"Montafoner Resonanzen '21 \/ Montafon, Vorarlberg &#187; CREATIVE AUSTRIA \u2013 Contemporary Culture\",\"isPartOf\":{\"@id\":\"https:\/\/www.creativeaustria.at\/#website\"},\"primaryImageOfPage\":{\"@id\":\"https:\/\/www.creativeaustria.at\/en\/2021\/06\/02\/montafoner-resonanzen-21-montafon-vorarlberg\/#primaryimage\"},\"image\":{\"@id\":\"https:\/\/www.creativeaustria.at\/en\/2021\/06\/02\/montafoner-resonanzen-21-montafon-vorarlberg\/#primaryimage\"},\"thumbnailUrl\":\"https:\/\/www.creativeaustria.at\/wp-content\/uploads\/2021\/06\/pexels-lucas-allmann-442540.jpg\",\"datePublished\":\"2021-06-02T10:09:29+00:00\",\"dateModified\":\"2021-06-02T11:16:18+00:00\",\"author\":{\"@id\":\"https:\/\/www.creativeaustria.at\/#\/schema\/person\/2ef270c3dee27d6c0ec621fe9330173e\"},\"breadcrumb\":{\"@id\":\"https:\/\/www.creativeaustria.at\/en\/2021\/06\/02\/montafoner-resonanzen-21-montafon-vorarlberg\/#breadcrumb\"},\"inLanguage\":\"en-US\",\"potentialAction\":[{\"@type\":\"ReadAction\",\"target\":[\"https:\/\/www.creativeaustria.at\/en\/2021\/06\/02\/montafoner-resonanzen-21-montafon-vorarlberg\/\"]}]},{\"@type\":\"ImageObject\",\"inLanguage\":\"en-US\",\"@id\":\"https:\/\/www.creativeaustria.at\/en\/2021\/06\/02\/montafoner-resonanzen-21-montafon-vorarlberg\/#primaryimage\",\"url\":\"https:\/\/www.creativeaustria.at\/wp-content\/uploads\/2021\/06\/pexels-lucas-allmann-442540.jpg\",\"contentUrl\":\"https:\/\/www.creativeaustria.at\/wp-content\/uploads\/2021\/06\/pexels-lucas-allmann-442540.jpg\",\"width\":2560,\"height\":1709,\"caption\":\"(c) pexels\"},{\"@type\":\"BreadcrumbList\",\"@id\":\"https:\/\/www.creativeaustria.at\/en\/2021\/06\/02\/montafoner-resonanzen-21-montafon-vorarlberg\/#breadcrumb\",\"itemListElement\":[{\"@type\":\"ListItem\",\"position\":1,\"name\":\"Startseite\",\"item\":\"https:\/\/www.creativeaustria.at\/en\/\"},{\"@type\":\"ListItem\",\"position\":2,\"name\":\"Montafoner Resonanzen &#8217;21 \/ Montafon, Vorarlberg\"}]},{\"@type\":\"WebSite\",\"@id\":\"https:\/\/www.creativeaustria.at\/#website\",\"url\":\"https:\/\/www.creativeaustria.at\/\",\"name\":\"CREATIVE AUSTRIA \u2013 Contemporary Culture\",\"description\":\"Austrias Magazine for Contemporary Culture\",\"potentialAction\":[{\"@type\":\"SearchAction\",\"target\":{\"@type\":\"EntryPoint\",\"urlTemplate\":\"https:\/\/www.creativeaustria.at\/?s={search_term_string}\"},\"query-input\":{\"@type\":\"PropertyValueSpecification\",\"valueRequired\":true,\"valueName\":\"search_term_string\"}}],\"inLanguage\":\"en-US\"},{\"@type\":\"Person\",\"@id\":\"https:\/\/www.creativeaustria.at\/#\/schema\/person\/2ef270c3dee27d6c0ec621fe9330173e\",\"name\":\"CREATIVE AUSTRIA\",\"image\":{\"@type\":\"ImageObject\",\"inLanguage\":\"en-US\",\"@id\":\"https:\/\/www.creativeaustria.at\/#\/schema\/person\/image\/\",\"url\":\"https:\/\/secure.gravatar.com\/avatar\/684a70572f233313686e8858b8b6ca7b?s=96&d=mm&r=g\",\"contentUrl\":\"https:\/\/secure.gravatar.com\/avatar\/684a70572f233313686e8858b8b6ca7b?s=96&d=mm&r=g\",\"caption\":\"CREATIVE AUSTRIA\"},\"sameAs\":[\"http:\/\/www.creativeaustria.at\"],\"url\":\"https:\/\/www.creativeaustria.at\/en\/author\/creative-austria-redaktion\/\"}]}<\/script>\n<!-- \/ Yoast SEO plugin. -->","yoast_head_json":{"title":"Montafoner Resonanzen '21 \/ Montafon, Vorarlberg &#187; CREATIVE AUSTRIA \u2013 Contemporary Culture","robots":{"index":"index","follow":"follow","max-snippet":"max-snippet:-1","max-image-preview":"max-image-preview:large","max-video-preview":"max-video-preview:-1"},"canonical":"https:\/\/www.creativeaustria.at\/en\/2021\/06\/02\/montafoner-resonanzen-21-montafon-vorarlberg\/","og_locale":"en_US","og_type":"article","og_title":"Montafoner Resonanzen '21 \/ Montafon, Vorarlberg &#187; CREATIVE AUSTRIA \u2013 Contemporary Culture","og_description":"05.08. \u2013 17.09.2021. Jazz, chamber music, cross over, organ, wind and folk music &#8211; concerts at unusual venues and musicians of distinction bring the music festival to the valley. A wide variety of styles will be heard, from wind instruments and chamber music to jazz and folk music, cross over and organ, there should be [&hellip;]","og_url":"https:\/\/www.creativeaustria.at\/en\/2021\/06\/02\/montafoner-resonanzen-21-montafon-vorarlberg\/","og_site_name":"CREATIVE AUSTRIA \u2013 Contemporary Culture","article_publisher":"https:\/\/www.facebook.com\/creativeaustria","article_published_time":"2021-06-02T10:09:29+00:00","article_modified_time":"2021-06-02T11:16:18+00:00","og_image":[{"width":2560,"height":1709,"url":"https:\/\/www.creativeaustria.at\/wp-content\/uploads\/2021\/06\/pexels-lucas-allmann-442540.jpg","type":"image\/jpeg"}],"author":"CREATIVE AUSTRIA","twitter_card":"summary_large_image","twitter_misc":{"Written by":"CREATIVE AUSTRIA","Est. reading time":"1 minute"},"schema":{"@context":"https:\/\/schema.org","@graph":[{"@type":"WebPage","@id":"https:\/\/www.creativeaustria.at\/en\/2021\/06\/02\/montafoner-resonanzen-21-montafon-vorarlberg\/","url":"https:\/\/www.creativeaustria.at\/en\/2021\/06\/02\/montafoner-resonanzen-21-montafon-vorarlberg\/","name":"Montafoner Resonanzen '21 \/ Montafon, Vorarlberg &#187; CREATIVE AUSTRIA \u2013 Contemporary Culture","isPartOf":{"@id":"https:\/\/www.creativeaustria.at\/#website"},"primaryImageOfPage":{"@id":"https:\/\/www.creativeaustria.at\/en\/2021\/06\/02\/montafoner-resonanzen-21-montafon-vorarlberg\/#primaryimage"},"image":{"@id":"https:\/\/www.creativeaustria.at\/en\/2021\/06\/02\/montafoner-resonanzen-21-montafon-vorarlberg\/#primaryimage"},"thumbnailUrl":"https:\/\/www.creativeaustria.at\/wp-content\/uploads\/2021\/06\/pexels-lucas-allmann-442540.jpg","datePublished":"2021-06-02T10:09:29+00:00","dateModified":"2021-06-02T11:16:18+00:00","author":{"@id":"https:\/\/www.creativeaustria.at\/#\/schema\/person\/2ef270c3dee27d6c0ec621fe9330173e"},"breadcrumb":{"@id":"https:\/\/www.creativeaustria.at\/en\/2021\/06\/02\/montafoner-resonanzen-21-montafon-vorarlberg\/#breadcrumb"},"inLanguage":"en-US","potentialAction":[{"@type":"ReadAction","target":["https:\/\/www.creativeaustria.at\/en\/2021\/06\/02\/montafoner-resonanzen-21-montafon-vorarlberg\/"]}]},{"@type":"ImageObject","inLanguage":"en-US","@id":"https:\/\/www.creativeaustria.at\/en\/2021\/06\/02\/montafoner-resonanzen-21-montafon-vorarlberg\/#primaryimage","url":"https:\/\/www.creativeaustria.at\/wp-content\/uploads\/2021\/06\/pexels-lucas-allmann-442540.jpg","contentUrl":"https:\/\/www.creativeaustria.at\/wp-content\/uploads\/2021\/06\/pexels-lucas-allmann-442540.jpg","width":2560,"height":1709,"caption":"(c) pexels"},{"@type":"BreadcrumbList","@id":"https:\/\/www.creativeaustria.at\/en\/2021\/06\/02\/montafoner-resonanzen-21-montafon-vorarlberg\/#breadcrumb","itemListElement":[{"@type":"ListItem","position":1,"name":"Startseite","item":"https:\/\/www.creativeaustria.at\/en\/"},{"@type":"ListItem","position":2,"name":"Montafoner Resonanzen &#8217;21 \/ Montafon, Vorarlberg"}]},{"@type":"WebSite","@id":"https:\/\/www.creativeaustria.at\/#website","url":"https:\/\/www.creativeaustria.at\/","name":"CREATIVE AUSTRIA \u2013 Contemporary Culture","description":"Austrias Magazine for Contemporary Culture","potentialAction":[{"@type":"SearchAction","target":{"@type":"EntryPoint","urlTemplate":"https:\/\/www.creativeaustria.at\/?s={search_term_string}"},"query-input":{"@type":"PropertyValueSpecification","valueRequired":true,"valueName":"search_term_string"}}],"inLanguage":"en-US"},{"@type":"Person","@id":"https:\/\/www.creativeaustria.at\/#\/schema\/person\/2ef270c3dee27d6c0ec621fe9330173e","name":"CREATIVE AUSTRIA","image":{"@type":"ImageObject","inLanguage":"en-US","@id":"https:\/\/www.creativeaustria.at\/#\/schema\/person\/image\/","url":"https:\/\/secure.gravatar.com\/avatar\/684a70572f233313686e8858b8b6ca7b?s=96&d=mm&r=g","contentUrl":"https:\/\/secure.gravatar.com\/avatar\/684a70572f233313686e8858b8b6ca7b?s=96&d=mm&r=g","caption":"CREATIVE AUSTRIA"},"sameAs":["http:\/\/www.creativeaustria.at"],"url":"https:\/\/www.creativeaustria.at\/en\/author\/creative-austria-redaktion\/"}]}},"jetpack_featured_media_url":"https:\/\/www.creativeaustria.at\/wp-content\/uploads\/2021\/06\/pexels-lucas-allmann-442540.jpg","jetpack_sharing_enabled":true,"jetpack_shortlink":"https:\/\/wp.me\/p9E1qX-8G7","_links":{"self":[{"href":"https:\/\/www.creativeaustria.at\/en\/wp-json\/wp\/v2\/posts\/33363"}],"collection":[{"href":"https:\/\/www.creativeaustria.at\/en\/wp-json\/wp\/v2\/posts"}],"about":[{"href":"https:\/\/www.creativeaustria.at\/en\/wp-json\/wp\/v2\/types\/post"}],"author":[{"embeddable":true,"href":"https:\/\/www.creativeaustria.at\/en\/wp-json\/wp\/v2\/users\/2"}],"replies":[{"embeddable":true,"href":"https:\/\/www.creativeaustria.at\/en\/wp-json\/wp\/v2\/comments?post=33363"}],"version-history":[{"count":1,"href":"https:\/\/www.creativeaustria.at\/en\/wp-json\/wp\/v2\/posts\/33363\/revisions"}],"predecessor-version":[{"id":33364,"href":"https:\/\/www.creativeaustria.at\/en\/wp-json\/wp\/v2\/posts\/33363\/revisions\/33364"}],"wp:featuredmedia":[{"embeddable":true,"href":"https:\/\/www.creativeaustria.at\/en\/wp-json\/wp\/v2\/media\/33346"}],"wp:attachment":[{"href":"https:\/\/www.creativeaustria.at\/en\/wp-json\/wp\/v2\/media?parent=33363"}],"wp:term":[{"taxonomy":"category","embeddable":true,"href":"https:\/\/www.creativeaustria.at\/en\/wp-json\/wp\/v2\/categories?post=33363"},{"taxonomy":"post_tag","embeddable":true,"href":"https:\/\/www.creativeaustria.at\/en\/wp-json\/wp\/v2\/tags?post=33363"}],"curies":[{"name":"wp","href":"https:\/\/api.w.org\/{rel}","templated":true}]}}