{"id":35380,"date":"2021-10-13T09:56:18","date_gmt":"2021-10-13T09:56:18","guid":{"rendered":"https:\/\/www.creativeaustria.at\/2021\/10\/13\/montforter-zwischentoene-2021-feldkirch-vorarlberg\/"},"modified":"2021-10-13T10:00:00","modified_gmt":"2021-10-13T10:00:00","slug":"montforter-zwischentoene-2021-feldkirch-vorarlberg","status":"publish","type":"post","link":"https:\/\/www.creativeaustria.at\/en\/2021\/10\/13\/montforter-zwischentoene-2021-feldkirch-vorarlberg\/","title":{"rendered":"Montforter Zwischent\u00f6ne 2021 \/ Feldkirch, Vorarlberg"},"content":{"rendered":"\n<p><strong>04.11. \u2013 01.12.2021.<\/strong><\/p>\n\n\n\n<p>From ending to beginning!<\/p>\n\n\n\n<p>The Montforter Zwischent\u00f6ne span a wide arc, not only by taking place at a point in time that lies between end and beginning, but also with formats that seek the new and music that can be heard anew.<\/p>\n\n\n\n<p>The two artistic directors Hans-Joachim G\u00f6gl and Folkert Uhde have once again found a dramaturgy of proximity &#8211; to the audience, to the artists and to new formats.<br><br>Among the various focal points that will take place over the course of a month are two large concert evenings at the Montforthaus Feldkirch, the photo exhibition by Orly Zailer at the Palais Liechtenstein, as well as Das Begr\u00e4bnis der Distanz (The Burial of Distance) and the radio show Zwischent\u00f6ne.<br><br>The exact program can be found on the homepage of the Montforter Zwischent\u00f6ne.<\/p>\n\n\n\n<p><strong>Montforter Zwischent\u00f6ne<\/strong><br>04.11. \u2013 01.12.2021<br>various locations<br><a href=\"http:\/\/www.montforter-zwischentoene.at\" target=\"_blank\" rel=\"noreferrer noopener\">www.montforter-zwischentoene.at<\/a><\/p>\n","protected":false},"excerpt":{"rendered":"<p>04.11. \u2013 01.12.2021. From ending to beginning! The Montforter Zwischent\u00f6ne span a wide arc, not only by taking place at a point in time that lies between end and beginning, but also with formats that seek the new and music that can be heard anew. The two artistic directors Hans-Joachim G\u00f6gl and Folkert Uhde have [&hellip;]<\/p>\n","protected":false},"author":24,"featured_media":35379,"comment_status":"open","ping_status":"open","sticky":false,"template":"","format":"standard","meta":{"jetpack_post_was_ever_published":false,"_jetpack_newsletter_access":"","_jetpack_dont_email_post_to_subs":false,"_jetpack_newsletter_tier_id":0,"_jetpack_memberships_contains_paywalled_content":false,"_jetpack_memberships_contains_paid_content":false,"footnotes":"","jetpack_publicize_message":"","jetpack_publicize_feature_enabled":true,"jetpack_social_post_already_shared":true,"jetpack_social_options":{"image_generator_settings":{"template":"highway","enabled":false},"version":2}},"categories":[80,77,341,231,234,79,196],"tags":[82,530,388,383],"class_list":{"0":"post-35380","1":"post","2":"type-post","3":"status-publish","4":"format-standard","5":"has-post-thumbnail","7":"category-art-7","8":"category-gegenwartskultur-en","9":"category-events-4-en","10":"category-festivals-en","11":"category-music","12":"category-kreative-orte-en","13":"category-vorarlberg-en","14":"tag-kunst-en","15":"tag-festival-en","16":"tag-musik-en","17":"tag-vorarlberg-en"},"jetpack_publicize_connections":[],"yoast_head":"<!-- This site is optimized with the Yoast SEO plugin v23.9 - https:\/\/yoast.com\/wordpress\/plugins\/seo\/ -->\n<title>Montforter Zwischent\u00f6ne 2021 \/ Feldkirch, Vorarlberg &#187; CREATIVE AUSTRIA \u2013 Contemporary Culture<\/title>\n<meta name=\"robots\" content=\"index, follow, max-snippet:-1, max-image-preview:large, max-video-preview:-1\" \/>\n<link rel=\"canonical\" href=\"https:\/\/www.creativeaustria.at\/en\/2021\/10\/13\/montforter-zwischentoene-2021-feldkirch-vorarlberg\/\" \/>\n<meta property=\"og:locale\" content=\"en_US\" \/>\n<meta property=\"og:type\" content=\"article\" \/>\n<meta property=\"og:title\" content=\"Montforter Zwischent\u00f6ne 2021 \/ Feldkirch, Vorarlberg &#187; CREATIVE AUSTRIA \u2013 Contemporary Culture\" \/>\n<meta property=\"og:description\" content=\"04.11. \u2013 01.12.2021. From ending to beginning! The Montforter Zwischent\u00f6ne span a wide arc, not only by taking place at a point in time that lies between end and beginning, but also with formats that seek the new and music that can be heard anew. The two artistic directors Hans-Joachim G\u00f6gl and Folkert Uhde have [&hellip;]\" \/>\n<meta property=\"og:url\" content=\"https:\/\/www.creativeaustria.at\/en\/2021\/10\/13\/montforter-zwischentoene-2021-feldkirch-vorarlberg\/\" \/>\n<meta property=\"og:site_name\" content=\"CREATIVE AUSTRIA \u2013 Contemporary Culture\" \/>\n<meta property=\"article:publisher\" content=\"https:\/\/www.facebook.com\/creativeaustria\" \/>\n<meta property=\"article:published_time\" content=\"2021-10-13T09:56:18+00:00\" \/>\n<meta property=\"article:modified_time\" content=\"2021-10-13T10:00:00+00:00\" \/>\n<meta property=\"og:image\" content=\"https:\/\/www.creativeaustria.at\/wp-content\/uploads\/2021\/10\/Montforter-Zwischent\u00f6ne.jpg\" \/>\n\t<meta property=\"og:image:width\" content=\"960\" \/>\n\t<meta property=\"og:image:height\" content=\"960\" \/>\n\t<meta property=\"og:image:type\" content=\"image\/jpeg\" \/>\n<meta name=\"author\" content=\"Nora Theiss\" \/>\n<meta name=\"twitter:card\" content=\"summary_large_image\" \/>\n<meta name=\"twitter:label1\" content=\"Written by\" \/>\n\t<meta name=\"twitter:data1\" content=\"Nora Theiss\" \/>\n\t<meta name=\"twitter:label2\" content=\"Est. reading time\" \/>\n\t<meta name=\"twitter:data2\" content=\"1 minute\" \/>\n<script type=\"application\/ld+json\" class=\"yoast-schema-graph\">{\"@context\":\"https:\/\/schema.org\",\"@graph\":[{\"@type\":\"WebPage\",\"@id\":\"https:\/\/www.creativeaustria.at\/en\/2021\/10\/13\/montforter-zwischentoene-2021-feldkirch-vorarlberg\/\",\"url\":\"https:\/\/www.creativeaustria.at\/en\/2021\/10\/13\/montforter-zwischentoene-2021-feldkirch-vorarlberg\/\",\"name\":\"Montforter Zwischent\u00f6ne 2021 \/ Feldkirch, Vorarlberg &#187; CREATIVE AUSTRIA \u2013 Contemporary Culture\",\"isPartOf\":{\"@id\":\"https:\/\/www.creativeaustria.at\/#website\"},\"primaryImageOfPage\":{\"@id\":\"https:\/\/www.creativeaustria.at\/en\/2021\/10\/13\/montforter-zwischentoene-2021-feldkirch-vorarlberg\/#primaryimage\"},\"image\":{\"@id\":\"https:\/\/www.creativeaustria.at\/en\/2021\/10\/13\/montforter-zwischentoene-2021-feldkirch-vorarlberg\/#primaryimage\"},\"thumbnailUrl\":\"https:\/\/www.creativeaustria.at\/wp-content\/uploads\/2021\/10\/Montforter-Zwischent\u00f6ne.jpg\",\"datePublished\":\"2021-10-13T09:56:18+00:00\",\"dateModified\":\"2021-10-13T10:00:00+00:00\",\"author\":{\"@id\":\"https:\/\/www.creativeaustria.at\/#\/schema\/person\/aec02aeaa090ea5c1945ce2c23fe0fd0\"},\"breadcrumb\":{\"@id\":\"https:\/\/www.creativeaustria.at\/en\/2021\/10\/13\/montforter-zwischentoene-2021-feldkirch-vorarlberg\/#breadcrumb\"},\"inLanguage\":\"en-US\",\"potentialAction\":[{\"@type\":\"ReadAction\",\"target\":[\"https:\/\/www.creativeaustria.at\/en\/2021\/10\/13\/montforter-zwischentoene-2021-feldkirch-vorarlberg\/\"]}]},{\"@type\":\"ImageObject\",\"inLanguage\":\"en-US\",\"@id\":\"https:\/\/www.creativeaustria.at\/en\/2021\/10\/13\/montforter-zwischentoene-2021-feldkirch-vorarlberg\/#primaryimage\",\"url\":\"https:\/\/www.creativeaustria.at\/wp-content\/uploads\/2021\/10\/Montforter-Zwischent\u00f6ne.jpg\",\"contentUrl\":\"https:\/\/www.creativeaustria.at\/wp-content\/uploads\/2021\/10\/Montforter-Zwischent\u00f6ne.jpg\",\"width\":960,\"height\":960,\"caption\":\"(c) Mark Riklin, Innehaltestelle.\"},{\"@type\":\"BreadcrumbList\",\"@id\":\"https:\/\/www.creativeaustria.at\/en\/2021\/10\/13\/montforter-zwischentoene-2021-feldkirch-vorarlberg\/#breadcrumb\",\"itemListElement\":[{\"@type\":\"ListItem\",\"position\":1,\"name\":\"Startseite\",\"item\":\"https:\/\/www.creativeaustria.at\/en\/\"},{\"@type\":\"ListItem\",\"position\":2,\"name\":\"Montforter Zwischent\u00f6ne 2021 \/ Feldkirch, Vorarlberg\"}]},{\"@type\":\"WebSite\",\"@id\":\"https:\/\/www.creativeaustria.at\/#website\",\"url\":\"https:\/\/www.creativeaustria.at\/\",\"name\":\"CREATIVE AUSTRIA \u2013 Contemporary Culture\",\"description\":\"Austrias Magazine for Contemporary Culture\",\"potentialAction\":[{\"@type\":\"SearchAction\",\"target\":{\"@type\":\"EntryPoint\",\"urlTemplate\":\"https:\/\/www.creativeaustria.at\/?s={search_term_string}\"},\"query-input\":{\"@type\":\"PropertyValueSpecification\",\"valueRequired\":true,\"valueName\":\"search_term_string\"}}],\"inLanguage\":\"en-US\"},{\"@type\":\"Person\",\"@id\":\"https:\/\/www.creativeaustria.at\/#\/schema\/person\/aec02aeaa090ea5c1945ce2c23fe0fd0\",\"name\":\"Nora Theiss\",\"image\":{\"@type\":\"ImageObject\",\"inLanguage\":\"en-US\",\"@id\":\"https:\/\/www.creativeaustria.at\/#\/schema\/person\/image\/\",\"url\":\"https:\/\/secure.gravatar.com\/avatar\/df82d002975243b5a19277106a7b90a8?s=96&d=mm&r=g\",\"contentUrl\":\"https:\/\/secure.gravatar.com\/avatar\/df82d002975243b5a19277106a7b90a8?s=96&d=mm&r=g\",\"caption\":\"Nora Theiss\"},\"url\":\"https:\/\/www.creativeaustria.at\/en\/author\/redaktion-9\/\"}]}<\/script>\n<!-- \/ Yoast SEO plugin. -->","yoast_head_json":{"title":"Montforter Zwischent\u00f6ne 2021 \/ Feldkirch, Vorarlberg &#187; CREATIVE AUSTRIA \u2013 Contemporary Culture","robots":{"index":"index","follow":"follow","max-snippet":"max-snippet:-1","max-image-preview":"max-image-preview:large","max-video-preview":"max-video-preview:-1"},"canonical":"https:\/\/www.creativeaustria.at\/en\/2021\/10\/13\/montforter-zwischentoene-2021-feldkirch-vorarlberg\/","og_locale":"en_US","og_type":"article","og_title":"Montforter Zwischent\u00f6ne 2021 \/ Feldkirch, Vorarlberg &#187; CREATIVE AUSTRIA \u2013 Contemporary Culture","og_description":"04.11. \u2013 01.12.2021. From ending to beginning! The Montforter Zwischent\u00f6ne span a wide arc, not only by taking place at a point in time that lies between end and beginning, but also with formats that seek the new and music that can be heard anew. The two artistic directors Hans-Joachim G\u00f6gl and Folkert Uhde have [&hellip;]","og_url":"https:\/\/www.creativeaustria.at\/en\/2021\/10\/13\/montforter-zwischentoene-2021-feldkirch-vorarlberg\/","og_site_name":"CREATIVE AUSTRIA \u2013 Contemporary Culture","article_publisher":"https:\/\/www.facebook.com\/creativeaustria","article_published_time":"2021-10-13T09:56:18+00:00","article_modified_time":"2021-10-13T10:00:00+00:00","og_image":[{"width":960,"height":960,"url":"https:\/\/www.creativeaustria.at\/wp-content\/uploads\/2021\/10\/Montforter-Zwischent\u00f6ne.jpg","type":"image\/jpeg"}],"author":"Nora Theiss","twitter_card":"summary_large_image","twitter_misc":{"Written by":"Nora Theiss","Est. reading time":"1 minute"},"schema":{"@context":"https:\/\/schema.org","@graph":[{"@type":"WebPage","@id":"https:\/\/www.creativeaustria.at\/en\/2021\/10\/13\/montforter-zwischentoene-2021-feldkirch-vorarlberg\/","url":"https:\/\/www.creativeaustria.at\/en\/2021\/10\/13\/montforter-zwischentoene-2021-feldkirch-vorarlberg\/","name":"Montforter Zwischent\u00f6ne 2021 \/ Feldkirch, Vorarlberg &#187; CREATIVE AUSTRIA \u2013 Contemporary Culture","isPartOf":{"@id":"https:\/\/www.creativeaustria.at\/#website"},"primaryImageOfPage":{"@id":"https:\/\/www.creativeaustria.at\/en\/2021\/10\/13\/montforter-zwischentoene-2021-feldkirch-vorarlberg\/#primaryimage"},"image":{"@id":"https:\/\/www.creativeaustria.at\/en\/2021\/10\/13\/montforter-zwischentoene-2021-feldkirch-vorarlberg\/#primaryimage"},"thumbnailUrl":"https:\/\/www.creativeaustria.at\/wp-content\/uploads\/2021\/10\/Montforter-Zwischent\u00f6ne.jpg","datePublished":"2021-10-13T09:56:18+00:00","dateModified":"2021-10-13T10:00:00+00:00","author":{"@id":"https:\/\/www.creativeaustria.at\/#\/schema\/person\/aec02aeaa090ea5c1945ce2c23fe0fd0"},"breadcrumb":{"@id":"https:\/\/www.creativeaustria.at\/en\/2021\/10\/13\/montforter-zwischentoene-2021-feldkirch-vorarlberg\/#breadcrumb"},"inLanguage":"en-US","potentialAction":[{"@type":"ReadAction","target":["https:\/\/www.creativeaustria.at\/en\/2021\/10\/13\/montforter-zwischentoene-2021-feldkirch-vorarlberg\/"]}]},{"@type":"ImageObject","inLanguage":"en-US","@id":"https:\/\/www.creativeaustria.at\/en\/2021\/10\/13\/montforter-zwischentoene-2021-feldkirch-vorarlberg\/#primaryimage","url":"https:\/\/www.creativeaustria.at\/wp-content\/uploads\/2021\/10\/Montforter-Zwischent\u00f6ne.jpg","contentUrl":"https:\/\/www.creativeaustria.at\/wp-content\/uploads\/2021\/10\/Montforter-Zwischent\u00f6ne.jpg","width":960,"height":960,"caption":"(c) Mark Riklin, Innehaltestelle."},{"@type":"BreadcrumbList","@id":"https:\/\/www.creativeaustria.at\/en\/2021\/10\/13\/montforter-zwischentoene-2021-feldkirch-vorarlberg\/#breadcrumb","itemListElement":[{"@type":"ListItem","position":1,"name":"Startseite","item":"https:\/\/www.creativeaustria.at\/en\/"},{"@type":"ListItem","position":2,"name":"Montforter Zwischent\u00f6ne 2021 \/ Feldkirch, Vorarlberg"}]},{"@type":"WebSite","@id":"https:\/\/www.creativeaustria.at\/#website","url":"https:\/\/www.creativeaustria.at\/","name":"CREATIVE AUSTRIA \u2013 Contemporary Culture","description":"Austrias Magazine for Contemporary Culture","potentialAction":[{"@type":"SearchAction","target":{"@type":"EntryPoint","urlTemplate":"https:\/\/www.creativeaustria.at\/?s={search_term_string}"},"query-input":{"@type":"PropertyValueSpecification","valueRequired":true,"valueName":"search_term_string"}}],"inLanguage":"en-US"},{"@type":"Person","@id":"https:\/\/www.creativeaustria.at\/#\/schema\/person\/aec02aeaa090ea5c1945ce2c23fe0fd0","name":"Nora Theiss","image":{"@type":"ImageObject","inLanguage":"en-US","@id":"https:\/\/www.creativeaustria.at\/#\/schema\/person\/image\/","url":"https:\/\/secure.gravatar.com\/avatar\/df82d002975243b5a19277106a7b90a8?s=96&d=mm&r=g","contentUrl":"https:\/\/secure.gravatar.com\/avatar\/df82d002975243b5a19277106a7b90a8?s=96&d=mm&r=g","caption":"Nora Theiss"},"url":"https:\/\/www.creativeaustria.at\/en\/author\/redaktion-9\/"}]}},"jetpack_featured_media_url":"https:\/\/www.creativeaustria.at\/wp-content\/uploads\/2021\/10\/Montforter-Zwischent\u00f6ne.jpg","jetpack_sharing_enabled":true,"jetpack_shortlink":"https:\/\/wp.me\/p9E1qX-9cE","_links":{"self":[{"href":"https:\/\/www.creativeaustria.at\/en\/wp-json\/wp\/v2\/posts\/35380"}],"collection":[{"href":"https:\/\/www.creativeaustria.at\/en\/wp-json\/wp\/v2\/posts"}],"about":[{"href":"https:\/\/www.creativeaustria.at\/en\/wp-json\/wp\/v2\/types\/post"}],"author":[{"embeddable":true,"href":"https:\/\/www.creativeaustria.at\/en\/wp-json\/wp\/v2\/users\/24"}],"replies":[{"embeddable":true,"href":"https:\/\/www.creativeaustria.at\/en\/wp-json\/wp\/v2\/comments?post=35380"}],"version-history":[{"count":1,"href":"https:\/\/www.creativeaustria.at\/en\/wp-json\/wp\/v2\/posts\/35380\/revisions"}],"predecessor-version":[{"id":35381,"href":"https:\/\/www.creativeaustria.at\/en\/wp-json\/wp\/v2\/posts\/35380\/revisions\/35381"}],"wp:featuredmedia":[{"embeddable":true,"href":"https:\/\/www.creativeaustria.at\/en\/wp-json\/wp\/v2\/media\/35379"}],"wp:attachment":[{"href":"https:\/\/www.creativeaustria.at\/en\/wp-json\/wp\/v2\/media?parent=35380"}],"wp:term":[{"taxonomy":"category","embeddable":true,"href":"https:\/\/www.creativeaustria.at\/en\/wp-json\/wp\/v2\/categories?post=35380"},{"taxonomy":"post_tag","embeddable":true,"href":"https:\/\/www.creativeaustria.at\/en\/wp-json\/wp\/v2\/tags?post=35380"}],"curies":[{"name":"wp","href":"https:\/\/api.w.org\/{rel}","templated":true}]}}