{"id":36207,"date":"2021-12-02T10:25:36","date_gmt":"2021-12-02T10:25:36","guid":{"rendered":"https:\/\/www.creativeaustria.at\/2021\/12\/02\/revue-oberoesterreichischer-kunstverein-linz\/"},"modified":"2021-12-14T10:19:01","modified_gmt":"2021-12-14T10:19:01","slug":"revue-oberoesterreichischer-kunstverein-linz","status":"publish","type":"post","link":"https:\/\/www.creativeaustria.at\/en\/2021\/12\/02\/revue-oberoesterreichischer-kunstverein-linz\/","title":{"rendered":"Revue \/ Ober\u00f6sterreichischer Kunstverein, Linz"},"content":{"rendered":"\n<p><strong>02.12.2021 \u2013 20.01.2022.<\/strong><\/p>\n\n\n\n<p>Review and celebrate!<\/p>\n\n\n\n<p>The Upper Austrian Art Association celebrates 170 years of its existence with a group exhibition initiated by Elisabeth Czihak and Maria Hanl.<\/p>\n\n\n\n<p>According to the time, the opening will take place after the end of the lockdown. In the meantime, work is being done on a website that will present the works, interviews with statements by the artists*, which will soon be put online.<\/p>\n\n\n\n<p><strong>Revue<\/strong><br>02.12.2021 \u2013 20.01.2022<br>Ober\u00f6sterreichischer Kunstverein<br>Ursulinenhof im Ober\u00f6sterreichischen Kulturquartier<br>Landstra\u00dfe 31<br>4020 Linz<br><a rel=\"noreferrer noopener\" href=\"http:\/\/www.ooekunstverein.at\" target=\"_blank\">www.ooekunstverein.at<\/a><\/p>\n\n\n\n<p><a href=\"http:\/\/art-for-sale.ooekunstverein.at\" target=\"_blank\" rel=\"noreferrer noopener\">art-for-sale.ooekunstverein.at<\/a><\/p>\n","protected":false},"excerpt":{"rendered":"<p>02.12.2021 \u2013 20.01.2022. Review and celebrate! The Upper Austrian Art Association celebrates 170 years of its existence with a group exhibition initiated by Elisabeth Czihak and Maria Hanl. According to the time, the opening will take place after the end of the lockdown. In the meantime, work is being done on a website that will [&hellip;]<\/p>\n","protected":false},"author":24,"featured_media":36366,"comment_status":"open","ping_status":"open","sticky":false,"template":"","format":"standard","meta":{"jetpack_post_was_ever_published":false,"_jetpack_newsletter_access":"","_jetpack_dont_email_post_to_subs":false,"_jetpack_newsletter_tier_id":0,"_jetpack_memberships_contains_paywalled_content":false,"_jetpack_memberships_contains_paid_content":false,"footnotes":"","jetpack_publicize_message":"","jetpack_publicize_feature_enabled":true,"jetpack_social_post_already_shared":true,"jetpack_social_options":{"image_generator_settings":{"template":"highway","enabled":false},"version":2}},"categories":[302,80,77,297,344],"tags":[82,416,384],"class_list":{"0":"post-36207","1":"post","2":"type-post","3":"status-publish","4":"format-standard","5":"has-post-thumbnail","7":"category-art-2","8":"category-art-7","9":"category-gegenwartskultur-en","10":"category-current-2","11":"category-linz-en","12":"tag-kunst-en","13":"tag-ausstellung-en","14":"tag-linz-en"},"jetpack_publicize_connections":[],"yoast_head":"<!-- This site is optimized with the Yoast SEO plugin v23.9 - https:\/\/yoast.com\/wordpress\/plugins\/seo\/ -->\n<title>Revue \/ Ober\u00f6sterreichischer Kunstverein, Linz &#187; CREATIVE AUSTRIA \u2013 Contemporary Culture<\/title>\n<meta name=\"robots\" content=\"index, follow, max-snippet:-1, max-image-preview:large, max-video-preview:-1\" \/>\n<link rel=\"canonical\" href=\"https:\/\/www.creativeaustria.at\/en\/2021\/12\/02\/revue-oberoesterreichischer-kunstverein-linz\/\" \/>\n<meta property=\"og:locale\" content=\"en_US\" \/>\n<meta property=\"og:type\" content=\"article\" \/>\n<meta property=\"og:title\" content=\"Revue \/ Ober\u00f6sterreichischer Kunstverein, Linz &#187; CREATIVE AUSTRIA \u2013 Contemporary Culture\" \/>\n<meta property=\"og:description\" content=\"02.12.2021 \u2013 20.01.2022. Review and celebrate! The Upper Austrian Art Association celebrates 170 years of its existence with a group exhibition initiated by Elisabeth Czihak and Maria Hanl. According to the time, the opening will take place after the end of the lockdown. In the meantime, work is being done on a website that will [&hellip;]\" \/>\n<meta property=\"og:url\" content=\"https:\/\/www.creativeaustria.at\/en\/2021\/12\/02\/revue-oberoesterreichischer-kunstverein-linz\/\" \/>\n<meta property=\"og:site_name\" content=\"CREATIVE AUSTRIA \u2013 Contemporary Culture\" \/>\n<meta property=\"article:publisher\" content=\"https:\/\/www.facebook.com\/creativeaustria\" \/>\n<meta property=\"article:published_time\" content=\"2021-12-02T10:25:36+00:00\" \/>\n<meta property=\"article:modified_time\" content=\"2021-12-14T10:19:01+00:00\" \/>\n<meta property=\"og:image\" content=\"https:\/\/www.creativeaustria.at\/wp-content\/uploads\/2021\/12\/M.-Bruckmueller_Basilicum_-img814.jpg\" \/>\n\t<meta property=\"og:image:width\" content=\"872\" \/>\n\t<meta property=\"og:image:height\" content=\"1200\" \/>\n\t<meta property=\"og:image:type\" content=\"image\/jpeg\" \/>\n<meta name=\"author\" content=\"Nora Theiss\" \/>\n<meta name=\"twitter:card\" content=\"summary_large_image\" \/>\n<meta name=\"twitter:label1\" content=\"Written by\" \/>\n\t<meta name=\"twitter:data1\" content=\"Nora Theiss\" \/>\n<script type=\"application\/ld+json\" class=\"yoast-schema-graph\">{\"@context\":\"https:\/\/schema.org\",\"@graph\":[{\"@type\":\"WebPage\",\"@id\":\"https:\/\/www.creativeaustria.at\/en\/2021\/12\/02\/revue-oberoesterreichischer-kunstverein-linz\/\",\"url\":\"https:\/\/www.creativeaustria.at\/en\/2021\/12\/02\/revue-oberoesterreichischer-kunstverein-linz\/\",\"name\":\"Revue \/ Ober\u00f6sterreichischer Kunstverein, Linz &#187; CREATIVE AUSTRIA \u2013 Contemporary Culture\",\"isPartOf\":{\"@id\":\"https:\/\/www.creativeaustria.at\/#website\"},\"primaryImageOfPage\":{\"@id\":\"https:\/\/www.creativeaustria.at\/en\/2021\/12\/02\/revue-oberoesterreichischer-kunstverein-linz\/#primaryimage\"},\"image\":{\"@id\":\"https:\/\/www.creativeaustria.at\/en\/2021\/12\/02\/revue-oberoesterreichischer-kunstverein-linz\/#primaryimage\"},\"thumbnailUrl\":\"https:\/\/www.creativeaustria.at\/wp-content\/uploads\/2021\/12\/M.-Bruckmueller_Basilicum_-img814.jpg\",\"datePublished\":\"2021-12-02T10:25:36+00:00\",\"dateModified\":\"2021-12-14T10:19:01+00:00\",\"author\":{\"@id\":\"https:\/\/www.creativeaustria.at\/#\/schema\/person\/aec02aeaa090ea5c1945ce2c23fe0fd0\"},\"breadcrumb\":{\"@id\":\"https:\/\/www.creativeaustria.at\/en\/2021\/12\/02\/revue-oberoesterreichischer-kunstverein-linz\/#breadcrumb\"},\"inLanguage\":\"en-US\",\"potentialAction\":[{\"@type\":\"ReadAction\",\"target\":[\"https:\/\/www.creativeaustria.at\/en\/2021\/12\/02\/revue-oberoesterreichischer-kunstverein-linz\/\"]}]},{\"@type\":\"ImageObject\",\"inLanguage\":\"en-US\",\"@id\":\"https:\/\/www.creativeaustria.at\/en\/2021\/12\/02\/revue-oberoesterreichischer-kunstverein-linz\/#primaryimage\",\"url\":\"https:\/\/www.creativeaustria.at\/wp-content\/uploads\/2021\/12\/M.-Bruckmueller_Basilicum_-img814.jpg\",\"contentUrl\":\"https:\/\/www.creativeaustria.at\/wp-content\/uploads\/2021\/12\/M.-Bruckmueller_Basilicum_-img814.jpg\",\"width\":872,\"height\":1200,\"caption\":\"(c) Michaela Bruckm\u00fcller, Cynara, from the series Radix 2019\u20132020.\"},{\"@type\":\"BreadcrumbList\",\"@id\":\"https:\/\/www.creativeaustria.at\/en\/2021\/12\/02\/revue-oberoesterreichischer-kunstverein-linz\/#breadcrumb\",\"itemListElement\":[{\"@type\":\"ListItem\",\"position\":1,\"name\":\"Startseite\",\"item\":\"https:\/\/www.creativeaustria.at\/en\/\"},{\"@type\":\"ListItem\",\"position\":2,\"name\":\"Revue \/ Ober\u00f6sterreichischer Kunstverein, Linz\"}]},{\"@type\":\"WebSite\",\"@id\":\"https:\/\/www.creativeaustria.at\/#website\",\"url\":\"https:\/\/www.creativeaustria.at\/\",\"name\":\"CREATIVE AUSTRIA \u2013 Contemporary Culture\",\"description\":\"Austrias Magazine for Contemporary Culture\",\"potentialAction\":[{\"@type\":\"SearchAction\",\"target\":{\"@type\":\"EntryPoint\",\"urlTemplate\":\"https:\/\/www.creativeaustria.at\/?s={search_term_string}\"},\"query-input\":{\"@type\":\"PropertyValueSpecification\",\"valueRequired\":true,\"valueName\":\"search_term_string\"}}],\"inLanguage\":\"en-US\"},{\"@type\":\"Person\",\"@id\":\"https:\/\/www.creativeaustria.at\/#\/schema\/person\/aec02aeaa090ea5c1945ce2c23fe0fd0\",\"name\":\"Nora Theiss\",\"image\":{\"@type\":\"ImageObject\",\"inLanguage\":\"en-US\",\"@id\":\"https:\/\/www.creativeaustria.at\/#\/schema\/person\/image\/\",\"url\":\"https:\/\/secure.gravatar.com\/avatar\/df82d002975243b5a19277106a7b90a8?s=96&d=mm&r=g\",\"contentUrl\":\"https:\/\/secure.gravatar.com\/avatar\/df82d002975243b5a19277106a7b90a8?s=96&d=mm&r=g\",\"caption\":\"Nora Theiss\"},\"url\":\"https:\/\/www.creativeaustria.at\/en\/author\/redaktion-9\/\"}]}<\/script>\n<!-- \/ Yoast SEO plugin. -->","yoast_head_json":{"title":"Revue \/ Ober\u00f6sterreichischer Kunstverein, Linz &#187; CREATIVE AUSTRIA \u2013 Contemporary Culture","robots":{"index":"index","follow":"follow","max-snippet":"max-snippet:-1","max-image-preview":"max-image-preview:large","max-video-preview":"max-video-preview:-1"},"canonical":"https:\/\/www.creativeaustria.at\/en\/2021\/12\/02\/revue-oberoesterreichischer-kunstverein-linz\/","og_locale":"en_US","og_type":"article","og_title":"Revue \/ Ober\u00f6sterreichischer Kunstverein, Linz &#187; CREATIVE AUSTRIA \u2013 Contemporary Culture","og_description":"02.12.2021 \u2013 20.01.2022. Review and celebrate! The Upper Austrian Art Association celebrates 170 years of its existence with a group exhibition initiated by Elisabeth Czihak and Maria Hanl. According to the time, the opening will take place after the end of the lockdown. In the meantime, work is being done on a website that will [&hellip;]","og_url":"https:\/\/www.creativeaustria.at\/en\/2021\/12\/02\/revue-oberoesterreichischer-kunstverein-linz\/","og_site_name":"CREATIVE AUSTRIA \u2013 Contemporary Culture","article_publisher":"https:\/\/www.facebook.com\/creativeaustria","article_published_time":"2021-12-02T10:25:36+00:00","article_modified_time":"2021-12-14T10:19:01+00:00","og_image":[{"width":872,"height":1200,"url":"https:\/\/www.creativeaustria.at\/wp-content\/uploads\/2021\/12\/M.-Bruckmueller_Basilicum_-img814.jpg","type":"image\/jpeg"}],"author":"Nora Theiss","twitter_card":"summary_large_image","twitter_misc":{"Written by":"Nora Theiss"},"schema":{"@context":"https:\/\/schema.org","@graph":[{"@type":"WebPage","@id":"https:\/\/www.creativeaustria.at\/en\/2021\/12\/02\/revue-oberoesterreichischer-kunstverein-linz\/","url":"https:\/\/www.creativeaustria.at\/en\/2021\/12\/02\/revue-oberoesterreichischer-kunstverein-linz\/","name":"Revue \/ Ober\u00f6sterreichischer Kunstverein, Linz &#187; CREATIVE AUSTRIA \u2013 Contemporary Culture","isPartOf":{"@id":"https:\/\/www.creativeaustria.at\/#website"},"primaryImageOfPage":{"@id":"https:\/\/www.creativeaustria.at\/en\/2021\/12\/02\/revue-oberoesterreichischer-kunstverein-linz\/#primaryimage"},"image":{"@id":"https:\/\/www.creativeaustria.at\/en\/2021\/12\/02\/revue-oberoesterreichischer-kunstverein-linz\/#primaryimage"},"thumbnailUrl":"https:\/\/www.creativeaustria.at\/wp-content\/uploads\/2021\/12\/M.-Bruckmueller_Basilicum_-img814.jpg","datePublished":"2021-12-02T10:25:36+00:00","dateModified":"2021-12-14T10:19:01+00:00","author":{"@id":"https:\/\/www.creativeaustria.at\/#\/schema\/person\/aec02aeaa090ea5c1945ce2c23fe0fd0"},"breadcrumb":{"@id":"https:\/\/www.creativeaustria.at\/en\/2021\/12\/02\/revue-oberoesterreichischer-kunstverein-linz\/#breadcrumb"},"inLanguage":"en-US","potentialAction":[{"@type":"ReadAction","target":["https:\/\/www.creativeaustria.at\/en\/2021\/12\/02\/revue-oberoesterreichischer-kunstverein-linz\/"]}]},{"@type":"ImageObject","inLanguage":"en-US","@id":"https:\/\/www.creativeaustria.at\/en\/2021\/12\/02\/revue-oberoesterreichischer-kunstverein-linz\/#primaryimage","url":"https:\/\/www.creativeaustria.at\/wp-content\/uploads\/2021\/12\/M.-Bruckmueller_Basilicum_-img814.jpg","contentUrl":"https:\/\/www.creativeaustria.at\/wp-content\/uploads\/2021\/12\/M.-Bruckmueller_Basilicum_-img814.jpg","width":872,"height":1200,"caption":"(c) Michaela Bruckm\u00fcller, Cynara, from the series Radix 2019\u20132020."},{"@type":"BreadcrumbList","@id":"https:\/\/www.creativeaustria.at\/en\/2021\/12\/02\/revue-oberoesterreichischer-kunstverein-linz\/#breadcrumb","itemListElement":[{"@type":"ListItem","position":1,"name":"Startseite","item":"https:\/\/www.creativeaustria.at\/en\/"},{"@type":"ListItem","position":2,"name":"Revue \/ Ober\u00f6sterreichischer Kunstverein, Linz"}]},{"@type":"WebSite","@id":"https:\/\/www.creativeaustria.at\/#website","url":"https:\/\/www.creativeaustria.at\/","name":"CREATIVE AUSTRIA \u2013 Contemporary Culture","description":"Austrias Magazine for Contemporary Culture","potentialAction":[{"@type":"SearchAction","target":{"@type":"EntryPoint","urlTemplate":"https:\/\/www.creativeaustria.at\/?s={search_term_string}"},"query-input":{"@type":"PropertyValueSpecification","valueRequired":true,"valueName":"search_term_string"}}],"inLanguage":"en-US"},{"@type":"Person","@id":"https:\/\/www.creativeaustria.at\/#\/schema\/person\/aec02aeaa090ea5c1945ce2c23fe0fd0","name":"Nora Theiss","image":{"@type":"ImageObject","inLanguage":"en-US","@id":"https:\/\/www.creativeaustria.at\/#\/schema\/person\/image\/","url":"https:\/\/secure.gravatar.com\/avatar\/df82d002975243b5a19277106a7b90a8?s=96&d=mm&r=g","contentUrl":"https:\/\/secure.gravatar.com\/avatar\/df82d002975243b5a19277106a7b90a8?s=96&d=mm&r=g","caption":"Nora Theiss"},"url":"https:\/\/www.creativeaustria.at\/en\/author\/redaktion-9\/"}]}},"jetpack_featured_media_url":"https:\/\/www.creativeaustria.at\/wp-content\/uploads\/2021\/12\/M.-Bruckmueller_Basilicum_-img814.jpg","jetpack_sharing_enabled":true,"jetpack_shortlink":"https:\/\/wp.me\/p9E1qX-9pZ","_links":{"self":[{"href":"https:\/\/www.creativeaustria.at\/en\/wp-json\/wp\/v2\/posts\/36207"}],"collection":[{"href":"https:\/\/www.creativeaustria.at\/en\/wp-json\/wp\/v2\/posts"}],"about":[{"href":"https:\/\/www.creativeaustria.at\/en\/wp-json\/wp\/v2\/types\/post"}],"author":[{"embeddable":true,"href":"https:\/\/www.creativeaustria.at\/en\/wp-json\/wp\/v2\/users\/24"}],"replies":[{"embeddable":true,"href":"https:\/\/www.creativeaustria.at\/en\/wp-json\/wp\/v2\/comments?post=36207"}],"version-history":[{"count":2,"href":"https:\/\/www.creativeaustria.at\/en\/wp-json\/wp\/v2\/posts\/36207\/revisions"}],"predecessor-version":[{"id":36364,"href":"https:\/\/www.creativeaustria.at\/en\/wp-json\/wp\/v2\/posts\/36207\/revisions\/36364"}],"wp:featuredmedia":[{"embeddable":true,"href":"https:\/\/www.creativeaustria.at\/en\/wp-json\/wp\/v2\/media\/36366"}],"wp:attachment":[{"href":"https:\/\/www.creativeaustria.at\/en\/wp-json\/wp\/v2\/media?parent=36207"}],"wp:term":[{"taxonomy":"category","embeddable":true,"href":"https:\/\/www.creativeaustria.at\/en\/wp-json\/wp\/v2\/categories?post=36207"},{"taxonomy":"post_tag","embeddable":true,"href":"https:\/\/www.creativeaustria.at\/en\/wp-json\/wp\/v2\/tags?post=36207"}],"curies":[{"name":"wp","href":"https:\/\/api.w.org\/{rel}","templated":true}]}}