{"id":37612,"date":"2022-04-05T10:33:14","date_gmt":"2022-04-05T10:33:14","guid":{"rendered":"https:\/\/www.creativeaustria.at\/2022\/04\/05\/sommerszene-salzburg-2022\/"},"modified":"2022-04-05T10:36:53","modified_gmt":"2022-04-05T10:36:53","slug":"sommerszene-salzburg-2022","status":"publish","type":"post","link":"https:\/\/www.creativeaustria.at\/en\/2022\/04\/05\/sommerszene-salzburg-2022\/","title":{"rendered":"Sommerszene Salzburg 2022"},"content":{"rendered":"\n<p><strong>09. &#8211; 24.06.2022.<\/strong><\/p>\n\n\n\n<p>International, contemporary, high-profile, virulent, avant-garde, discursive, political: As part of the artistic &#8220;centerpiece&#8221; of SZENE Salzburg, important names and new discoveries from all over the world will be making guest appearances in the city for just under two weeks with their current dance and theater pieces.<\/p>\n\n\n\n<p>&#8220;The response of the visitors to the productions [is] a clear sign that art and culture want and need to be experienced live. Audiences and artists enjoy the immediacy and uniqueness of performative live performances,&#8221; sums up artistic director Angela Glechner.<\/p>\n\n\n\n<p>Once again, the Performing Arts Festival sees itself as a socio-political initiator and presents works by internationally renowned companies and up-and-coming young artists* who represent a diverse range of content-related and aesthetic positions.<\/p>\n\n\n\n<p>With their internationally acclaimed group piece &#8220;F\u00faria&#8221;, Brazilian choreographer Lia Rodrigues and her Companhia de Dan\u00e7as make their first guest appearance at the Summer Scene. &#8220;F\u00faria&#8221; is a hymn to life, a wild, raw, breathtaking celebration of human existence. Scraps of fabric, scraps of plastic, tattered mattresses and all manner of detritus are found on stage, from which figures slowly and painstakingly emerge.<\/p>\n\n\n\n<p>In &#8220;B\u00c9TON BRUT&#8221; the urban dance company Hungry Sharks combines the aesthetics and principles of brutalist architecture with the values and history of the dance style breaking. The revolutionary movement Brutalism enriched the architecture of the 1950s with new values, principles and buildings, which are still visibly present in cityscapes around the globe.<\/p>\n\n\n\n<p>Die Rabtaldirndln are a four-person theater collective from Graz that has been continuously working on its own formal language since 2003. Their productions are urban, often with pop cultural elements, of a great sensitivity and universal validity. Most recently, in their diptych-like piece BETONFIEBER\/BETONGOLD, they brought the red-hot topic of soil sealing to the point. It is precisely this work in the area of tension between urban and rural culture that is the unique selling point of the Rabtaldirndln. In addition, they represent strong feminist attitudes in their productions.<\/p>\n\n\n\n<p><strong>Sommerszene Salzburg<\/strong><br>09. &#8211; 24.06.2022<br>verschiedene Locations<br><a href=\"http:\/\/www.szene-salzburg.at\/sommerszene\" target=\"_blank\" rel=\"noreferrer noopener\">www.szene-salzburg.at\/sommerszene<\/a><\/p>\n","protected":false},"excerpt":{"rendered":"<p>09. &#8211; 24.06.2022. International, contemporary, high-profile, virulent, avant-garde, discursive, political: As part of the artistic &#8220;centerpiece&#8221; of SZENE Salzburg, important names and new discoveries from all over the world will be making guest appearances in the city for just under two weeks with their current dance and theater pieces. &#8220;The response of the visitors to [&hellip;]<\/p>\n","protected":false},"author":24,"featured_media":37609,"comment_status":"open","ping_status":"open","sticky":false,"template":"","format":"standard","meta":{"jetpack_post_was_ever_published":false,"_jetpack_newsletter_access":"","_jetpack_dont_email_post_to_subs":false,"_jetpack_newsletter_tier_id":0,"_jetpack_memberships_contains_paywalled_content":false,"_jetpack_memberships_contains_paid_content":false,"footnotes":"","jetpack_publicize_message":"","jetpack_publicize_feature_enabled":true,"jetpack_social_post_already_shared":true,"jetpack_social_options":{"image_generator_settings":{"template":"highway","enabled":false},"version":2}},"categories":[77,230,340,231,229,79,343],"tags":[385,530,378,521],"class_list":{"0":"post-37612","1":"post","2":"type-post","3":"status-publish","4":"format-standard","5":"has-post-thumbnail","7":"category-gegenwartskultur-en","8":"category-crossover-en","9":"category-events-3-en","10":"category-festivals-en","11":"category-on-stage","12":"category-kreative-orte-en","13":"category-salzburg-en","14":"tag-buehne-en","15":"tag-festival-en","16":"tag-salzburg-en","17":"tag-theater-en"},"jetpack_publicize_connections":[],"yoast_head":"<!-- This site is optimized with the Yoast SEO plugin v23.9 - https:\/\/yoast.com\/wordpress\/plugins\/seo\/ -->\n<title>Sommerszene Salzburg 2022 &#187; CREATIVE AUSTRIA \u2013 Contemporary Culture<\/title>\n<meta name=\"robots\" content=\"index, follow, max-snippet:-1, max-image-preview:large, max-video-preview:-1\" \/>\n<link rel=\"canonical\" href=\"https:\/\/www.creativeaustria.at\/en\/2022\/04\/05\/sommerszene-salzburg-2022\/\" \/>\n<meta property=\"og:locale\" content=\"en_US\" \/>\n<meta property=\"og:type\" content=\"article\" \/>\n<meta property=\"og:title\" content=\"Sommerszene Salzburg 2022 &#187; CREATIVE AUSTRIA \u2013 Contemporary Culture\" \/>\n<meta property=\"og:description\" content=\"09. &#8211; 24.06.2022. International, contemporary, high-profile, virulent, avant-garde, discursive, political: As part of the artistic &#8220;centerpiece&#8221; of SZENE Salzburg, important names and new discoveries from all over the world will be making guest appearances in the city for just under two weeks with their current dance and theater pieces. &#8220;The response of the visitors to [&hellip;]\" \/>\n<meta property=\"og:url\" content=\"https:\/\/www.creativeaustria.at\/en\/2022\/04\/05\/sommerszene-salzburg-2022\/\" \/>\n<meta property=\"og:site_name\" content=\"CREATIVE AUSTRIA \u2013 Contemporary Culture\" \/>\n<meta property=\"article:publisher\" content=\"https:\/\/www.facebook.com\/creativeaustria\" \/>\n<meta property=\"article:published_time\" content=\"2022-04-05T10:33:14+00:00\" \/>\n<meta property=\"article:modified_time\" content=\"2022-04-05T10:36:53+00:00\" \/>\n<meta property=\"og:image\" content=\"https:\/\/www.creativeaustria.at\/wp-content\/uploads\/2022\/04\/SommerSzene2021-CielLaroque@SommerSzene_BernhardMuellerDSC_4373.jpg\" \/>\n\t<meta property=\"og:image:width\" content=\"2244\" \/>\n\t<meta property=\"og:image:height\" content=\"1493\" \/>\n\t<meta property=\"og:image:type\" content=\"image\/jpeg\" \/>\n<meta name=\"author\" content=\"Nora Theiss\" \/>\n<meta name=\"twitter:card\" content=\"summary_large_image\" \/>\n<meta name=\"twitter:label1\" content=\"Written by\" \/>\n\t<meta name=\"twitter:data1\" content=\"Nora Theiss\" \/>\n\t<meta name=\"twitter:label2\" content=\"Est. reading time\" \/>\n\t<meta name=\"twitter:data2\" content=\"2 minutes\" \/>\n<script type=\"application\/ld+json\" class=\"yoast-schema-graph\">{\"@context\":\"https:\/\/schema.org\",\"@graph\":[{\"@type\":\"WebPage\",\"@id\":\"https:\/\/www.creativeaustria.at\/en\/2022\/04\/05\/sommerszene-salzburg-2022\/\",\"url\":\"https:\/\/www.creativeaustria.at\/en\/2022\/04\/05\/sommerszene-salzburg-2022\/\",\"name\":\"Sommerszene Salzburg 2022 &#187; CREATIVE AUSTRIA \u2013 Contemporary Culture\",\"isPartOf\":{\"@id\":\"https:\/\/www.creativeaustria.at\/#website\"},\"primaryImageOfPage\":{\"@id\":\"https:\/\/www.creativeaustria.at\/en\/2022\/04\/05\/sommerszene-salzburg-2022\/#primaryimage\"},\"image\":{\"@id\":\"https:\/\/www.creativeaustria.at\/en\/2022\/04\/05\/sommerszene-salzburg-2022\/#primaryimage\"},\"thumbnailUrl\":\"https:\/\/www.creativeaustria.at\/wp-content\/uploads\/2022\/04\/SommerSzene2021-CielLaroque@SommerSzene_BernhardMuellerDSC_4373.jpg\",\"datePublished\":\"2022-04-05T10:33:14+00:00\",\"dateModified\":\"2022-04-05T10:36:53+00:00\",\"author\":{\"@id\":\"https:\/\/www.creativeaustria.at\/#\/schema\/person\/aec02aeaa090ea5c1945ce2c23fe0fd0\"},\"breadcrumb\":{\"@id\":\"https:\/\/www.creativeaustria.at\/en\/2022\/04\/05\/sommerszene-salzburg-2022\/#breadcrumb\"},\"inLanguage\":\"en-US\",\"potentialAction\":[{\"@type\":\"ReadAction\",\"target\":[\"https:\/\/www.creativeaustria.at\/en\/2022\/04\/05\/sommerszene-salzburg-2022\/\"]}]},{\"@type\":\"ImageObject\",\"inLanguage\":\"en-US\",\"@id\":\"https:\/\/www.creativeaustria.at\/en\/2022\/04\/05\/sommerszene-salzburg-2022\/#primaryimage\",\"url\":\"https:\/\/www.creativeaustria.at\/wp-content\/uploads\/2022\/04\/SommerSzene2021-CielLaroque@SommerSzene_BernhardMuellerDSC_4373.jpg\",\"contentUrl\":\"https:\/\/www.creativeaustria.at\/wp-content\/uploads\/2022\/04\/SommerSzene2021-CielLaroque@SommerSzene_BernhardMuellerDSC_4373.jpg\",\"width\":2244,\"height\":1493,\"caption\":\"(c) CieLaroque\/Helene Weinzierl, Rhythmus und Rausch. \u00a9 Bernhard M\u00fcller.\"},{\"@type\":\"BreadcrumbList\",\"@id\":\"https:\/\/www.creativeaustria.at\/en\/2022\/04\/05\/sommerszene-salzburg-2022\/#breadcrumb\",\"itemListElement\":[{\"@type\":\"ListItem\",\"position\":1,\"name\":\"Startseite\",\"item\":\"https:\/\/www.creativeaustria.at\/en\/\"},{\"@type\":\"ListItem\",\"position\":2,\"name\":\"Sommerszene Salzburg 2022\"}]},{\"@type\":\"WebSite\",\"@id\":\"https:\/\/www.creativeaustria.at\/#website\",\"url\":\"https:\/\/www.creativeaustria.at\/\",\"name\":\"CREATIVE AUSTRIA \u2013 Contemporary Culture\",\"description\":\"Austrias Magazine for Contemporary Culture\",\"potentialAction\":[{\"@type\":\"SearchAction\",\"target\":{\"@type\":\"EntryPoint\",\"urlTemplate\":\"https:\/\/www.creativeaustria.at\/?s={search_term_string}\"},\"query-input\":{\"@type\":\"PropertyValueSpecification\",\"valueRequired\":true,\"valueName\":\"search_term_string\"}}],\"inLanguage\":\"en-US\"},{\"@type\":\"Person\",\"@id\":\"https:\/\/www.creativeaustria.at\/#\/schema\/person\/aec02aeaa090ea5c1945ce2c23fe0fd0\",\"name\":\"Nora Theiss\",\"image\":{\"@type\":\"ImageObject\",\"inLanguage\":\"en-US\",\"@id\":\"https:\/\/www.creativeaustria.at\/#\/schema\/person\/image\/\",\"url\":\"https:\/\/secure.gravatar.com\/avatar\/df82d002975243b5a19277106a7b90a8?s=96&d=mm&r=g\",\"contentUrl\":\"https:\/\/secure.gravatar.com\/avatar\/df82d002975243b5a19277106a7b90a8?s=96&d=mm&r=g\",\"caption\":\"Nora Theiss\"},\"url\":\"https:\/\/www.creativeaustria.at\/en\/author\/redaktion-9\/\"}]}<\/script>\n<!-- \/ Yoast SEO plugin. -->","yoast_head_json":{"title":"Sommerszene Salzburg 2022 &#187; CREATIVE AUSTRIA \u2013 Contemporary Culture","robots":{"index":"index","follow":"follow","max-snippet":"max-snippet:-1","max-image-preview":"max-image-preview:large","max-video-preview":"max-video-preview:-1"},"canonical":"https:\/\/www.creativeaustria.at\/en\/2022\/04\/05\/sommerszene-salzburg-2022\/","og_locale":"en_US","og_type":"article","og_title":"Sommerszene Salzburg 2022 &#187; CREATIVE AUSTRIA \u2013 Contemporary Culture","og_description":"09. &#8211; 24.06.2022. International, contemporary, high-profile, virulent, avant-garde, discursive, political: As part of the artistic &#8220;centerpiece&#8221; of SZENE Salzburg, important names and new discoveries from all over the world will be making guest appearances in the city for just under two weeks with their current dance and theater pieces. &#8220;The response of the visitors to [&hellip;]","og_url":"https:\/\/www.creativeaustria.at\/en\/2022\/04\/05\/sommerszene-salzburg-2022\/","og_site_name":"CREATIVE AUSTRIA \u2013 Contemporary Culture","article_publisher":"https:\/\/www.facebook.com\/creativeaustria","article_published_time":"2022-04-05T10:33:14+00:00","article_modified_time":"2022-04-05T10:36:53+00:00","og_image":[{"width":2244,"height":1493,"url":"https:\/\/www.creativeaustria.at\/wp-content\/uploads\/2022\/04\/SommerSzene2021-CielLaroque@SommerSzene_BernhardMuellerDSC_4373.jpg","type":"image\/jpeg"}],"author":"Nora Theiss","twitter_card":"summary_large_image","twitter_misc":{"Written by":"Nora Theiss","Est. reading time":"2 minutes"},"schema":{"@context":"https:\/\/schema.org","@graph":[{"@type":"WebPage","@id":"https:\/\/www.creativeaustria.at\/en\/2022\/04\/05\/sommerszene-salzburg-2022\/","url":"https:\/\/www.creativeaustria.at\/en\/2022\/04\/05\/sommerszene-salzburg-2022\/","name":"Sommerszene Salzburg 2022 &#187; CREATIVE AUSTRIA \u2013 Contemporary Culture","isPartOf":{"@id":"https:\/\/www.creativeaustria.at\/#website"},"primaryImageOfPage":{"@id":"https:\/\/www.creativeaustria.at\/en\/2022\/04\/05\/sommerszene-salzburg-2022\/#primaryimage"},"image":{"@id":"https:\/\/www.creativeaustria.at\/en\/2022\/04\/05\/sommerszene-salzburg-2022\/#primaryimage"},"thumbnailUrl":"https:\/\/www.creativeaustria.at\/wp-content\/uploads\/2022\/04\/SommerSzene2021-CielLaroque@SommerSzene_BernhardMuellerDSC_4373.jpg","datePublished":"2022-04-05T10:33:14+00:00","dateModified":"2022-04-05T10:36:53+00:00","author":{"@id":"https:\/\/www.creativeaustria.at\/#\/schema\/person\/aec02aeaa090ea5c1945ce2c23fe0fd0"},"breadcrumb":{"@id":"https:\/\/www.creativeaustria.at\/en\/2022\/04\/05\/sommerszene-salzburg-2022\/#breadcrumb"},"inLanguage":"en-US","potentialAction":[{"@type":"ReadAction","target":["https:\/\/www.creativeaustria.at\/en\/2022\/04\/05\/sommerszene-salzburg-2022\/"]}]},{"@type":"ImageObject","inLanguage":"en-US","@id":"https:\/\/www.creativeaustria.at\/en\/2022\/04\/05\/sommerszene-salzburg-2022\/#primaryimage","url":"https:\/\/www.creativeaustria.at\/wp-content\/uploads\/2022\/04\/SommerSzene2021-CielLaroque@SommerSzene_BernhardMuellerDSC_4373.jpg","contentUrl":"https:\/\/www.creativeaustria.at\/wp-content\/uploads\/2022\/04\/SommerSzene2021-CielLaroque@SommerSzene_BernhardMuellerDSC_4373.jpg","width":2244,"height":1493,"caption":"(c) CieLaroque\/Helene Weinzierl, Rhythmus und Rausch. \u00a9 Bernhard M\u00fcller."},{"@type":"BreadcrumbList","@id":"https:\/\/www.creativeaustria.at\/en\/2022\/04\/05\/sommerszene-salzburg-2022\/#breadcrumb","itemListElement":[{"@type":"ListItem","position":1,"name":"Startseite","item":"https:\/\/www.creativeaustria.at\/en\/"},{"@type":"ListItem","position":2,"name":"Sommerszene Salzburg 2022"}]},{"@type":"WebSite","@id":"https:\/\/www.creativeaustria.at\/#website","url":"https:\/\/www.creativeaustria.at\/","name":"CREATIVE AUSTRIA \u2013 Contemporary Culture","description":"Austrias Magazine for Contemporary Culture","potentialAction":[{"@type":"SearchAction","target":{"@type":"EntryPoint","urlTemplate":"https:\/\/www.creativeaustria.at\/?s={search_term_string}"},"query-input":{"@type":"PropertyValueSpecification","valueRequired":true,"valueName":"search_term_string"}}],"inLanguage":"en-US"},{"@type":"Person","@id":"https:\/\/www.creativeaustria.at\/#\/schema\/person\/aec02aeaa090ea5c1945ce2c23fe0fd0","name":"Nora Theiss","image":{"@type":"ImageObject","inLanguage":"en-US","@id":"https:\/\/www.creativeaustria.at\/#\/schema\/person\/image\/","url":"https:\/\/secure.gravatar.com\/avatar\/df82d002975243b5a19277106a7b90a8?s=96&d=mm&r=g","contentUrl":"https:\/\/secure.gravatar.com\/avatar\/df82d002975243b5a19277106a7b90a8?s=96&d=mm&r=g","caption":"Nora Theiss"},"url":"https:\/\/www.creativeaustria.at\/en\/author\/redaktion-9\/"}]}},"jetpack_featured_media_url":"https:\/\/www.creativeaustria.at\/wp-content\/uploads\/2022\/04\/SommerSzene2021-CielLaroque@SommerSzene_BernhardMuellerDSC_4373.jpg","jetpack_sharing_enabled":true,"jetpack_shortlink":"https:\/\/wp.me\/p9E1qX-9ME","_links":{"self":[{"href":"https:\/\/www.creativeaustria.at\/en\/wp-json\/wp\/v2\/posts\/37612"}],"collection":[{"href":"https:\/\/www.creativeaustria.at\/en\/wp-json\/wp\/v2\/posts"}],"about":[{"href":"https:\/\/www.creativeaustria.at\/en\/wp-json\/wp\/v2\/types\/post"}],"author":[{"embeddable":true,"href":"https:\/\/www.creativeaustria.at\/en\/wp-json\/wp\/v2\/users\/24"}],"replies":[{"embeddable":true,"href":"https:\/\/www.creativeaustria.at\/en\/wp-json\/wp\/v2\/comments?post=37612"}],"version-history":[{"count":1,"href":"https:\/\/www.creativeaustria.at\/en\/wp-json\/wp\/v2\/posts\/37612\/revisions"}],"predecessor-version":[{"id":37614,"href":"https:\/\/www.creativeaustria.at\/en\/wp-json\/wp\/v2\/posts\/37612\/revisions\/37614"}],"wp:featuredmedia":[{"embeddable":true,"href":"https:\/\/www.creativeaustria.at\/en\/wp-json\/wp\/v2\/media\/37609"}],"wp:attachment":[{"href":"https:\/\/www.creativeaustria.at\/en\/wp-json\/wp\/v2\/media?parent=37612"}],"wp:term":[{"taxonomy":"category","embeddable":true,"href":"https:\/\/www.creativeaustria.at\/en\/wp-json\/wp\/v2\/categories?post=37612"},{"taxonomy":"post_tag","embeddable":true,"href":"https:\/\/www.creativeaustria.at\/en\/wp-json\/wp\/v2\/tags?post=37612"}],"curies":[{"name":"wp","href":"https:\/\/api.w.org\/{rel}","templated":true}]}}