{"id":39897,"date":"2022-08-23T13:56:54","date_gmt":"2022-08-23T13:56:54","guid":{"rendered":"https:\/\/www.creativeaustria.at\/?p=39897"},"modified":"2022-11-28T09:48:32","modified_gmt":"2022-11-28T09:48:32","slug":"ca-camera-austria-gunther-selichar-graz","status":"publish","type":"post","link":"https:\/\/www.creativeaustria.at\/en\/2022\/08\/23\/ca-camera-austria-gunther-selichar-graz\/","title":{"rendered":"SUB | TEXTE  &#8211; G\u00fcnther Selichar \/ Kunsthaus Graz, CA \u2013 Camera, Graz"},"content":{"rendered":"\n<p><strong>10.12. 2022 \u2013 12.02. 2023<\/strong><\/p>\n\n\n\n<p>The Linz media artist and photographer G\u00fcnther Selichar often deals with the technological aspects of mass media in his work. The focus is often on dealing with the relationship between technology and perception.<\/p>\n\n\n\n<p>Selichar analyzes the interaction between humans and media machines. With both a scientific and a philosophical perspective, the artist observes the perception of reality filtered through the mass media. The screen, which pervades our everyday life and only allows us a supposedly undisguised and unlimited view of what is actually happening, plays an essential role \u2013 as the \u201cwindow on the world\u201d. In addition to the monitor, the media light and the scanner \u2013 as a standardized input medium \u2013 are also at the center of the discussion.<\/p>\n\n\n\n<p>In the formal implementation of his works, G\u00fcnther Selichar works in a reduced and minimalist way and adds a significant medial aspect to the history of abstraction, which has numerous cross-references to painting. Especially today, in an increasingly digitized world, Selichar\u2019s works are more relevant than ever.<\/p>\n\n\n\n<p>CA \u2013 Camera Austria: <strong>G\u00fcnther Selichar<\/strong><br>10.12. 2022 \u2013 12.02. 2023<br>Kunsthaus Graz<br><a href=\"https:\/\/camera-austria.at\/ausstellungen\/ausstellungsprogramm-2022\/\">www.camera-austria.at<\/a><\/p>\n","protected":false},"excerpt":{"rendered":"<p>10.12. 2022 \u2013 12.02. 2023 The Linz media artist and photographer G\u00fcnther Selichar often deals with the technological aspects of mass media in his work. The focus is often on dealing with the relationship between technology and perception. Selichar analyzes the interaction between humans and media machines. With both a scientific and a philosophical perspective, [&hellip;]<\/p>\n","protected":false},"author":2,"featured_media":40770,"comment_status":"open","ping_status":"open","sticky":false,"template":"","format":"standard","meta":{"jetpack_post_was_ever_published":false,"_jetpack_newsletter_access":"","_jetpack_dont_email_post_to_subs":false,"_jetpack_newsletter_tier_id":0,"_jetpack_memberships_contains_paywalled_content":false,"_jetpack_memberships_contains_paid_content":false,"footnotes":"","jetpack_publicize_message":"","jetpack_publicize_feature_enabled":true,"jetpack_social_post_already_shared":true,"jetpack_social_options":{"image_generator_settings":{"template":"highway","enabled":false},"version":2}},"categories":[76,80,77,78,352,79],"tags":[],"class_list":{"0":"post-39897","1":"post","2":"type-post","3":"status-publish","4":"format-standard","5":"has-post-thumbnail","7":"category-art","8":"category-art-7","9":"category-gegenwartskultur-en","10":"category-graz-en","11":"category-media-art-visuals-graphics","12":"category-kreative-orte-en"},"jetpack_publicize_connections":[],"yoast_head":"<!-- This site is optimized with the Yoast SEO plugin v23.9 - https:\/\/yoast.com\/wordpress\/plugins\/seo\/ -->\n<title>SUB | TEXTE - G\u00fcnther Selichar \/ Kunsthaus Graz, CA \u2013 Camera, Graz &#187; CREATIVE AUSTRIA \u2013 Contemporary Culture<\/title>\n<meta name=\"robots\" content=\"index, follow, max-snippet:-1, max-image-preview:large, max-video-preview:-1\" \/>\n<link rel=\"canonical\" href=\"https:\/\/www.creativeaustria.at\/en\/2022\/08\/23\/ca-camera-austria-gunther-selichar-graz\/\" \/>\n<meta property=\"og:locale\" content=\"en_US\" \/>\n<meta property=\"og:type\" content=\"article\" \/>\n<meta property=\"og:title\" content=\"SUB | TEXTE - G\u00fcnther Selichar \/ Kunsthaus Graz, CA \u2013 Camera, Graz &#187; CREATIVE AUSTRIA \u2013 Contemporary Culture\" \/>\n<meta property=\"og:description\" content=\"10.12. 2022 \u2013 12.02. 2023 The Linz media artist and photographer G\u00fcnther Selichar often deals with the technological aspects of mass media in his work. The focus is often on dealing with the relationship between technology and perception. Selichar analyzes the interaction between humans and media machines. With both a scientific and a philosophical perspective, [&hellip;]\" \/>\n<meta property=\"og:url\" content=\"https:\/\/www.creativeaustria.at\/en\/2022\/08\/23\/ca-camera-austria-gunther-selichar-graz\/\" \/>\n<meta property=\"og:site_name\" content=\"CREATIVE AUSTRIA \u2013 Contemporary Culture\" \/>\n<meta property=\"article:publisher\" content=\"https:\/\/www.facebook.com\/creativeaustria\" \/>\n<meta property=\"article:published_time\" content=\"2022-08-23T13:56:54+00:00\" \/>\n<meta property=\"article:modified_time\" content=\"2022-11-28T09:48:32+00:00\" \/>\n<meta property=\"og:image\" content=\"https:\/\/www.creativeaustria.at\/wp-content\/uploads\/2022\/11\/G\u00fcnther-Selichar-aus-N\u00e4chtliches-Realit\u00e4tenb\u00fcro-1981\u20131983.jpg\" \/>\n\t<meta property=\"og:image:width\" content=\"738\" \/>\n\t<meta property=\"og:image:height\" content=\"491\" \/>\n\t<meta property=\"og:image:type\" content=\"image\/jpeg\" \/>\n<meta name=\"author\" content=\"CREATIVE AUSTRIA\" \/>\n<meta name=\"twitter:card\" content=\"summary_large_image\" \/>\n<meta name=\"twitter:label1\" content=\"Written by\" \/>\n\t<meta name=\"twitter:data1\" content=\"CREATIVE AUSTRIA\" \/>\n\t<meta name=\"twitter:label2\" content=\"Est. reading time\" \/>\n\t<meta name=\"twitter:data2\" content=\"1 minute\" \/>\n<script type=\"application\/ld+json\" class=\"yoast-schema-graph\">{\"@context\":\"https:\/\/schema.org\",\"@graph\":[{\"@type\":\"WebPage\",\"@id\":\"https:\/\/www.creativeaustria.at\/en\/2022\/08\/23\/ca-camera-austria-gunther-selichar-graz\/\",\"url\":\"https:\/\/www.creativeaustria.at\/en\/2022\/08\/23\/ca-camera-austria-gunther-selichar-graz\/\",\"name\":\"SUB | TEXTE - G\u00fcnther Selichar \/ Kunsthaus Graz, CA \u2013 Camera, Graz &#187; CREATIVE AUSTRIA \u2013 Contemporary Culture\",\"isPartOf\":{\"@id\":\"https:\/\/www.creativeaustria.at\/#website\"},\"primaryImageOfPage\":{\"@id\":\"https:\/\/www.creativeaustria.at\/en\/2022\/08\/23\/ca-camera-austria-gunther-selichar-graz\/#primaryimage\"},\"image\":{\"@id\":\"https:\/\/www.creativeaustria.at\/en\/2022\/08\/23\/ca-camera-austria-gunther-selichar-graz\/#primaryimage\"},\"thumbnailUrl\":\"https:\/\/www.creativeaustria.at\/wp-content\/uploads\/2022\/11\/G\u00fcnther-Selichar-aus-N\u00e4chtliches-Realit\u00e4tenb\u00fcro-1981\u20131983.jpg\",\"datePublished\":\"2022-08-23T13:56:54+00:00\",\"dateModified\":\"2022-11-28T09:48:32+00:00\",\"author\":{\"@id\":\"https:\/\/www.creativeaustria.at\/#\/schema\/person\/2ef270c3dee27d6c0ec621fe9330173e\"},\"breadcrumb\":{\"@id\":\"https:\/\/www.creativeaustria.at\/en\/2022\/08\/23\/ca-camera-austria-gunther-selichar-graz\/#breadcrumb\"},\"inLanguage\":\"en-US\",\"potentialAction\":[{\"@type\":\"ReadAction\",\"target\":[\"https:\/\/www.creativeaustria.at\/en\/2022\/08\/23\/ca-camera-austria-gunther-selichar-graz\/\"]}]},{\"@type\":\"ImageObject\",\"inLanguage\":\"en-US\",\"@id\":\"https:\/\/www.creativeaustria.at\/en\/2022\/08\/23\/ca-camera-austria-gunther-selichar-graz\/#primaryimage\",\"url\":\"https:\/\/www.creativeaustria.at\/wp-content\/uploads\/2022\/11\/G\u00fcnther-Selichar-aus-N\u00e4chtliches-Realit\u00e4tenb\u00fcro-1981\u20131983.jpg\",\"contentUrl\":\"https:\/\/www.creativeaustria.at\/wp-content\/uploads\/2022\/11\/G\u00fcnther-Selichar-aus-N\u00e4chtliches-Realit\u00e4tenb\u00fcro-1981\u20131983.jpg\",\"width\":738,\"height\":491,\"caption\":\"G\u00fcnther Selichar, aus N\u00e4chtliches Realit\u00e4tenb\u00fcro, 1981\u20131983\"},{\"@type\":\"BreadcrumbList\",\"@id\":\"https:\/\/www.creativeaustria.at\/en\/2022\/08\/23\/ca-camera-austria-gunther-selichar-graz\/#breadcrumb\",\"itemListElement\":[{\"@type\":\"ListItem\",\"position\":1,\"name\":\"Startseite\",\"item\":\"https:\/\/www.creativeaustria.at\/en\/\"},{\"@type\":\"ListItem\",\"position\":2,\"name\":\"SUB | TEXTE &#8211; G\u00fcnther Selichar \/ Kunsthaus Graz, CA \u2013 Camera, Graz\"}]},{\"@type\":\"WebSite\",\"@id\":\"https:\/\/www.creativeaustria.at\/#website\",\"url\":\"https:\/\/www.creativeaustria.at\/\",\"name\":\"CREATIVE AUSTRIA \u2013 Contemporary Culture\",\"description\":\"Austrias Magazine for Contemporary Culture\",\"potentialAction\":[{\"@type\":\"SearchAction\",\"target\":{\"@type\":\"EntryPoint\",\"urlTemplate\":\"https:\/\/www.creativeaustria.at\/?s={search_term_string}\"},\"query-input\":{\"@type\":\"PropertyValueSpecification\",\"valueRequired\":true,\"valueName\":\"search_term_string\"}}],\"inLanguage\":\"en-US\"},{\"@type\":\"Person\",\"@id\":\"https:\/\/www.creativeaustria.at\/#\/schema\/person\/2ef270c3dee27d6c0ec621fe9330173e\",\"name\":\"CREATIVE AUSTRIA\",\"image\":{\"@type\":\"ImageObject\",\"inLanguage\":\"en-US\",\"@id\":\"https:\/\/www.creativeaustria.at\/#\/schema\/person\/image\/\",\"url\":\"https:\/\/secure.gravatar.com\/avatar\/684a70572f233313686e8858b8b6ca7b?s=96&d=mm&r=g\",\"contentUrl\":\"https:\/\/secure.gravatar.com\/avatar\/684a70572f233313686e8858b8b6ca7b?s=96&d=mm&r=g\",\"caption\":\"CREATIVE AUSTRIA\"},\"sameAs\":[\"http:\/\/www.creativeaustria.at\"],\"url\":\"https:\/\/www.creativeaustria.at\/en\/author\/creative-austria-redaktion\/\"}]}<\/script>\n<!-- \/ Yoast SEO plugin. -->","yoast_head_json":{"title":"SUB | TEXTE - G\u00fcnther Selichar \/ Kunsthaus Graz, CA \u2013 Camera, Graz &#187; CREATIVE AUSTRIA \u2013 Contemporary Culture","robots":{"index":"index","follow":"follow","max-snippet":"max-snippet:-1","max-image-preview":"max-image-preview:large","max-video-preview":"max-video-preview:-1"},"canonical":"https:\/\/www.creativeaustria.at\/en\/2022\/08\/23\/ca-camera-austria-gunther-selichar-graz\/","og_locale":"en_US","og_type":"article","og_title":"SUB | TEXTE - G\u00fcnther Selichar \/ Kunsthaus Graz, CA \u2013 Camera, Graz &#187; CREATIVE AUSTRIA \u2013 Contemporary Culture","og_description":"10.12. 2022 \u2013 12.02. 2023 The Linz media artist and photographer G\u00fcnther Selichar often deals with the technological aspects of mass media in his work. The focus is often on dealing with the relationship between technology and perception. Selichar analyzes the interaction between humans and media machines. With both a scientific and a philosophical perspective, [&hellip;]","og_url":"https:\/\/www.creativeaustria.at\/en\/2022\/08\/23\/ca-camera-austria-gunther-selichar-graz\/","og_site_name":"CREATIVE AUSTRIA \u2013 Contemporary Culture","article_publisher":"https:\/\/www.facebook.com\/creativeaustria","article_published_time":"2022-08-23T13:56:54+00:00","article_modified_time":"2022-11-28T09:48:32+00:00","og_image":[{"width":738,"height":491,"url":"https:\/\/www.creativeaustria.at\/wp-content\/uploads\/2022\/11\/G\u00fcnther-Selichar-aus-N\u00e4chtliches-Realit\u00e4tenb\u00fcro-1981\u20131983.jpg","type":"image\/jpeg"}],"author":"CREATIVE AUSTRIA","twitter_card":"summary_large_image","twitter_misc":{"Written by":"CREATIVE AUSTRIA","Est. reading time":"1 minute"},"schema":{"@context":"https:\/\/schema.org","@graph":[{"@type":"WebPage","@id":"https:\/\/www.creativeaustria.at\/en\/2022\/08\/23\/ca-camera-austria-gunther-selichar-graz\/","url":"https:\/\/www.creativeaustria.at\/en\/2022\/08\/23\/ca-camera-austria-gunther-selichar-graz\/","name":"SUB | TEXTE - G\u00fcnther Selichar \/ Kunsthaus Graz, CA \u2013 Camera, Graz &#187; CREATIVE AUSTRIA \u2013 Contemporary Culture","isPartOf":{"@id":"https:\/\/www.creativeaustria.at\/#website"},"primaryImageOfPage":{"@id":"https:\/\/www.creativeaustria.at\/en\/2022\/08\/23\/ca-camera-austria-gunther-selichar-graz\/#primaryimage"},"image":{"@id":"https:\/\/www.creativeaustria.at\/en\/2022\/08\/23\/ca-camera-austria-gunther-selichar-graz\/#primaryimage"},"thumbnailUrl":"https:\/\/www.creativeaustria.at\/wp-content\/uploads\/2022\/11\/G\u00fcnther-Selichar-aus-N\u00e4chtliches-Realit\u00e4tenb\u00fcro-1981\u20131983.jpg","datePublished":"2022-08-23T13:56:54+00:00","dateModified":"2022-11-28T09:48:32+00:00","author":{"@id":"https:\/\/www.creativeaustria.at\/#\/schema\/person\/2ef270c3dee27d6c0ec621fe9330173e"},"breadcrumb":{"@id":"https:\/\/www.creativeaustria.at\/en\/2022\/08\/23\/ca-camera-austria-gunther-selichar-graz\/#breadcrumb"},"inLanguage":"en-US","potentialAction":[{"@type":"ReadAction","target":["https:\/\/www.creativeaustria.at\/en\/2022\/08\/23\/ca-camera-austria-gunther-selichar-graz\/"]}]},{"@type":"ImageObject","inLanguage":"en-US","@id":"https:\/\/www.creativeaustria.at\/en\/2022\/08\/23\/ca-camera-austria-gunther-selichar-graz\/#primaryimage","url":"https:\/\/www.creativeaustria.at\/wp-content\/uploads\/2022\/11\/G\u00fcnther-Selichar-aus-N\u00e4chtliches-Realit\u00e4tenb\u00fcro-1981\u20131983.jpg","contentUrl":"https:\/\/www.creativeaustria.at\/wp-content\/uploads\/2022\/11\/G\u00fcnther-Selichar-aus-N\u00e4chtliches-Realit\u00e4tenb\u00fcro-1981\u20131983.jpg","width":738,"height":491,"caption":"G\u00fcnther Selichar, aus N\u00e4chtliches Realit\u00e4tenb\u00fcro, 1981\u20131983"},{"@type":"BreadcrumbList","@id":"https:\/\/www.creativeaustria.at\/en\/2022\/08\/23\/ca-camera-austria-gunther-selichar-graz\/#breadcrumb","itemListElement":[{"@type":"ListItem","position":1,"name":"Startseite","item":"https:\/\/www.creativeaustria.at\/en\/"},{"@type":"ListItem","position":2,"name":"SUB | TEXTE &#8211; G\u00fcnther Selichar \/ Kunsthaus Graz, CA \u2013 Camera, Graz"}]},{"@type":"WebSite","@id":"https:\/\/www.creativeaustria.at\/#website","url":"https:\/\/www.creativeaustria.at\/","name":"CREATIVE AUSTRIA \u2013 Contemporary Culture","description":"Austrias Magazine for Contemporary Culture","potentialAction":[{"@type":"SearchAction","target":{"@type":"EntryPoint","urlTemplate":"https:\/\/www.creativeaustria.at\/?s={search_term_string}"},"query-input":{"@type":"PropertyValueSpecification","valueRequired":true,"valueName":"search_term_string"}}],"inLanguage":"en-US"},{"@type":"Person","@id":"https:\/\/www.creativeaustria.at\/#\/schema\/person\/2ef270c3dee27d6c0ec621fe9330173e","name":"CREATIVE AUSTRIA","image":{"@type":"ImageObject","inLanguage":"en-US","@id":"https:\/\/www.creativeaustria.at\/#\/schema\/person\/image\/","url":"https:\/\/secure.gravatar.com\/avatar\/684a70572f233313686e8858b8b6ca7b?s=96&d=mm&r=g","contentUrl":"https:\/\/secure.gravatar.com\/avatar\/684a70572f233313686e8858b8b6ca7b?s=96&d=mm&r=g","caption":"CREATIVE AUSTRIA"},"sameAs":["http:\/\/www.creativeaustria.at"],"url":"https:\/\/www.creativeaustria.at\/en\/author\/creative-austria-redaktion\/"}]}},"jetpack_featured_media_url":"https:\/\/www.creativeaustria.at\/wp-content\/uploads\/2022\/11\/G\u00fcnther-Selichar-aus-N\u00e4chtliches-Realit\u00e4tenb\u00fcro-1981\u20131983.jpg","jetpack_sharing_enabled":true,"jetpack_shortlink":"https:\/\/wp.me\/p9E1qX-anv","_links":{"self":[{"href":"https:\/\/www.creativeaustria.at\/en\/wp-json\/wp\/v2\/posts\/39897"}],"collection":[{"href":"https:\/\/www.creativeaustria.at\/en\/wp-json\/wp\/v2\/posts"}],"about":[{"href":"https:\/\/www.creativeaustria.at\/en\/wp-json\/wp\/v2\/types\/post"}],"author":[{"embeddable":true,"href":"https:\/\/www.creativeaustria.at\/en\/wp-json\/wp\/v2\/users\/2"}],"replies":[{"embeddable":true,"href":"https:\/\/www.creativeaustria.at\/en\/wp-json\/wp\/v2\/comments?post=39897"}],"version-history":[{"count":2,"href":"https:\/\/www.creativeaustria.at\/en\/wp-json\/wp\/v2\/posts\/39897\/revisions"}],"predecessor-version":[{"id":40999,"href":"https:\/\/www.creativeaustria.at\/en\/wp-json\/wp\/v2\/posts\/39897\/revisions\/40999"}],"wp:featuredmedia":[{"embeddable":true,"href":"https:\/\/www.creativeaustria.at\/en\/wp-json\/wp\/v2\/media\/40770"}],"wp:attachment":[{"href":"https:\/\/www.creativeaustria.at\/en\/wp-json\/wp\/v2\/media?parent=39897"}],"wp:term":[{"taxonomy":"category","embeddable":true,"href":"https:\/\/www.creativeaustria.at\/en\/wp-json\/wp\/v2\/categories?post=39897"},{"taxonomy":"post_tag","embeddable":true,"href":"https:\/\/www.creativeaustria.at\/en\/wp-json\/wp\/v2\/tags?post=39897"}],"curies":[{"name":"wp","href":"https:\/\/api.w.org\/{rel}","templated":true}]}}