{"id":42027,"date":"2023-03-21T12:33:03","date_gmt":"2023-03-21T12:33:03","guid":{"rendered":"https:\/\/www.creativeaustria.at\/2023\/03\/21\/crossing-europe-filmfestival-2023-various-locations-linz\/"},"modified":"2023-03-21T12:38:17","modified_gmt":"2023-03-21T12:38:17","slug":"crossing-europe-filmfestival-2023-various-locations-linz","status":"publish","type":"post","link":"https:\/\/www.creativeaustria.at\/en\/2023\/03\/21\/crossing-europe-filmfestival-2023-various-locations-linz\/","title":{"rendered":"CROSSING EUROPE Film Festival 2023 \/ various locations, Linz"},"content":{"rendered":"\n<p><strong>26.4.- 1.5.2023<\/strong><\/p>\n\n\n\n<p><strong>Look and listen instead of shouting down: The programme of this year&#8217;s CROSSING EUROPE Film Festival sharpens our senses.<\/strong><\/p>\n\n\n\n<p>How can it happen that young people drift into extremist groups? For her documentary film <em>Polish Prayers<\/em>, which will be screened at this year&#8217;s CROSSING EUROPE Film Festival, the up-and-coming young Polish director Hanka Nobis followed the path of Antek, the main character of her film, over several years. Antek, now 22, grows up in a strict Catholic family in Poland and gets in contact with a Catholic &#8220;brotherhood&#8221; as a teenager. A small, self-contained group of like-minded young men who become increasingly radicalised. Hanka Nobis experiences how Antek enjoys gaining power and importance in the \u201ebrotherhood\u201c. He becomes the spokesman at counter-demonstrations against the Polish rainbow community or at anti-abortion demonstrations. But when Antek meets a girl, he begins to have doubts. With this coming-of-age story, Hanka Nobis makes it clear that it is usually harmless, imperceptible small steps that cause young people to slide into radicalism and society to disintegrate into isolated bubbles incapable of dialogue.<\/p>\n\n\n\n<p>The CROSSING EUROPE Film Festival punctures these bubbles in many places with its programme this year. The programme track <em>Architecture and Society<\/em>, curated by Lotte Schreiber, deals with the question of how it could happen that we could become largely aesthetically insensitive to the profit-maximising urban sprawl with its ugly tin-can architecture. The film <em>Tara<\/em>, by Volker Sattel and Francesca Bertin, documents the architectural and aesthetic transformation of the southern Italian city of Taranto, once a &#8220;pearl of the Mediterranean&#8221; as a result of decades of unscrupulous economic and ecological exploitation. Veronika Li\u0161kov\u00e1&#8217;s N\u00c1V\u0160T\u011aVN\u00cdCI \/ The Visitors traces how the ecological balance in a small town in the spectacular landscape of Spitsbergen could become unbalanced.<\/p>\n\n\n\n<p>Within the framework of <em>YAAAS!<\/em>, the youth section of CROSSING EUROPE, young people interested in film are offered the opportunity to explore the world of film in practical modules and to gain initial experience in filmmaking in various fields such as camera, lighting, animation, sound or directing.&nbsp;<\/p>\n\n\n\n<p>The <em>Tribute<\/em> programme of the CROSSING EUROPE Film Festival is dedicated to the Greek actress Angeliki Papoulia this year. For festival director Sabine Gebetsroither, Papoulia is &#8220;one of the most uncompromising and forceful actresses of contemporary European auteur cinema&#8221;. One of the films presented in this series is <em>Isihia 6-9 \/ Silence 6-9<\/em> by Christos Passalis: in a peculiarly isolated place, antennas are used to pick up the voices of disappeared people. A film that eludes rational narrative logics but instead draws on the wealth of the dreamlike potential of cinema.<\/p>\n\n\n\n<p>Antennas to hear the voices of fellow human beings who have become strangers to us: The CROSSING EUROPE Film Festival has set up a receiving station for this purpose.<\/p>\n\n\n\n<p><strong>CROSSING EUROPE Film Festival 2023<\/strong><br>26.4. &#8211; 1.5.2023<br>various locations, Linz<br><a href=\"http:\/\/www.crossingeurope.at\">www.crossingeurope.at<\/a><\/p>\n","protected":false},"excerpt":{"rendered":"<p>26.4.- 1.5.2023 Look and listen instead of shouting down: The programme of this year&#8217;s CROSSING EUROPE Film Festival sharpens our senses. How can it happen that young people drift into extremist groups? For her documentary film Polish Prayers, which will be screened at this year&#8217;s CROSSING EUROPE Film Festival, the up-and-coming young Polish director Hanka [&hellip;]<\/p>\n","protected":false},"author":3,"featured_media":42025,"comment_status":"open","ping_status":"open","sticky":false,"template":"","format":"standard","meta":{"jetpack_post_was_ever_published":false,"_jetpack_newsletter_access":"","_jetpack_dont_email_post_to_subs":false,"_jetpack_newsletter_tier_id":0,"_jetpack_memberships_contains_paywalled_content":false,"_jetpack_memberships_contains_paid_content":false,"footnotes":"","jetpack_publicize_message":"","jetpack_publicize_feature_enabled":true,"jetpack_social_post_already_shared":true,"jetpack_social_options":{"image_generator_settings":{"template":"highway","enabled":false},"version":2}},"categories":[302,77,231,232,344,79,25],"tags":[],"class_list":{"0":"post-42027","1":"post","2":"type-post","3":"status-publish","4":"format-standard","5":"has-post-thumbnail","7":"category-art-2","8":"category-gegenwartskultur-en","9":"category-festivals-en","10":"category-film-en","11":"category-linz-en","12":"category-kreative-orte-en","13":"category-uncategorized"},"jetpack_publicize_connections":[],"yoast_head":"<!-- This site is optimized with the Yoast SEO plugin v23.9 - https:\/\/yoast.com\/wordpress\/plugins\/seo\/ -->\n<title>CROSSING EUROPE Film Festival 2023 \/ various locations, Linz &#187; CREATIVE AUSTRIA \u2013 Contemporary Culture<\/title>\n<meta name=\"robots\" content=\"index, follow, max-snippet:-1, max-image-preview:large, max-video-preview:-1\" \/>\n<link rel=\"canonical\" href=\"https:\/\/www.creativeaustria.at\/en\/2023\/03\/21\/crossing-europe-filmfestival-2023-various-locations-linz\/\" \/>\n<meta property=\"og:locale\" content=\"en_US\" \/>\n<meta property=\"og:type\" content=\"article\" \/>\n<meta property=\"og:title\" content=\"CROSSING EUROPE Film Festival 2023 \/ various locations, Linz &#187; CREATIVE AUSTRIA \u2013 Contemporary Culture\" \/>\n<meta property=\"og:description\" content=\"26.4.- 1.5.2023 Look and listen instead of shouting down: The programme of this year&#8217;s CROSSING EUROPE Film Festival sharpens our senses. How can it happen that young people drift into extremist groups? For her documentary film Polish Prayers, which will be screened at this year&#8217;s CROSSING EUROPE Film Festival, the up-and-coming young Polish director Hanka [&hellip;]\" \/>\n<meta property=\"og:url\" content=\"https:\/\/www.creativeaustria.at\/en\/2023\/03\/21\/crossing-europe-filmfestival-2023-various-locations-linz\/\" \/>\n<meta property=\"og:site_name\" content=\"CREATIVE AUSTRIA \u2013 Contemporary Culture\" \/>\n<meta property=\"article:publisher\" content=\"https:\/\/www.facebook.com\/creativeaustria\" \/>\n<meta property=\"article:published_time\" content=\"2023-03-21T12:33:03+00:00\" \/>\n<meta property=\"article:modified_time\" content=\"2023-03-21T12:38:17+00:00\" \/>\n<meta property=\"og:image\" content=\"https:\/\/www.creativeaustria.at\/wp-content\/uploads\/2023\/03\/DS_Crossing_Europe_grosses_Bild_Polish_Prayers_c_First_Hand_Films.jpg\" \/>\n\t<meta property=\"og:image:width\" content=\"2000\" \/>\n\t<meta property=\"og:image:height\" content=\"1049\" \/>\n\t<meta property=\"og:image:type\" content=\"image\/jpeg\" \/>\n<meta name=\"author\" content=\"Hansj\u00fcrgen Schm\u00f6lzer\" \/>\n<meta name=\"twitter:card\" content=\"summary_large_image\" \/>\n<meta name=\"twitter:label1\" content=\"Written by\" \/>\n\t<meta name=\"twitter:data1\" content=\"Hansj\u00fcrgen Schm\u00f6lzer\" \/>\n\t<meta name=\"twitter:label2\" content=\"Est. reading time\" \/>\n\t<meta name=\"twitter:data2\" content=\"2 minutes\" \/>\n<script type=\"application\/ld+json\" class=\"yoast-schema-graph\">{\"@context\":\"https:\/\/schema.org\",\"@graph\":[{\"@type\":\"WebPage\",\"@id\":\"https:\/\/www.creativeaustria.at\/en\/2023\/03\/21\/crossing-europe-filmfestival-2023-various-locations-linz\/\",\"url\":\"https:\/\/www.creativeaustria.at\/en\/2023\/03\/21\/crossing-europe-filmfestival-2023-various-locations-linz\/\",\"name\":\"CROSSING EUROPE Film Festival 2023 \/ various locations, Linz &#187; CREATIVE AUSTRIA \u2013 Contemporary Culture\",\"isPartOf\":{\"@id\":\"https:\/\/www.creativeaustria.at\/#website\"},\"primaryImageOfPage\":{\"@id\":\"https:\/\/www.creativeaustria.at\/en\/2023\/03\/21\/crossing-europe-filmfestival-2023-various-locations-linz\/#primaryimage\"},\"image\":{\"@id\":\"https:\/\/www.creativeaustria.at\/en\/2023\/03\/21\/crossing-europe-filmfestival-2023-various-locations-linz\/#primaryimage\"},\"thumbnailUrl\":\"https:\/\/www.creativeaustria.at\/wp-content\/uploads\/2023\/03\/DS_Crossing_Europe_grosses_Bild_Polish_Prayers_c_First_Hand_Films.jpg\",\"datePublished\":\"2023-03-21T12:33:03+00:00\",\"dateModified\":\"2023-03-21T12:38:17+00:00\",\"author\":{\"@id\":\"https:\/\/www.creativeaustria.at\/#\/schema\/person\/f958bccc983ee406b546b6e508c0023e\"},\"breadcrumb\":{\"@id\":\"https:\/\/www.creativeaustria.at\/en\/2023\/03\/21\/crossing-europe-filmfestival-2023-various-locations-linz\/#breadcrumb\"},\"inLanguage\":\"en-US\",\"potentialAction\":[{\"@type\":\"ReadAction\",\"target\":[\"https:\/\/www.creativeaustria.at\/en\/2023\/03\/21\/crossing-europe-filmfestival-2023-various-locations-linz\/\"]}]},{\"@type\":\"ImageObject\",\"inLanguage\":\"en-US\",\"@id\":\"https:\/\/www.creativeaustria.at\/en\/2023\/03\/21\/crossing-europe-filmfestival-2023-various-locations-linz\/#primaryimage\",\"url\":\"https:\/\/www.creativeaustria.at\/wp-content\/uploads\/2023\/03\/DS_Crossing_Europe_grosses_Bild_Polish_Prayers_c_First_Hand_Films.jpg\",\"contentUrl\":\"https:\/\/www.creativeaustria.at\/wp-content\/uploads\/2023\/03\/DS_Crossing_Europe_grosses_Bild_Polish_Prayers_c_First_Hand_Films.jpg\",\"width\":2000,\"height\":1049,\"caption\":\"Wie die Jugend in radikalisierten Blasen landen kann: \\\"Polish Prayers\\\" von Hanka Nobis\u00a9 First Hand Films\"},{\"@type\":\"BreadcrumbList\",\"@id\":\"https:\/\/www.creativeaustria.at\/en\/2023\/03\/21\/crossing-europe-filmfestival-2023-various-locations-linz\/#breadcrumb\",\"itemListElement\":[{\"@type\":\"ListItem\",\"position\":1,\"name\":\"Startseite\",\"item\":\"https:\/\/www.creativeaustria.at\/en\/\"},{\"@type\":\"ListItem\",\"position\":2,\"name\":\"CROSSING EUROPE Film Festival 2023 \/ various locations, Linz\"}]},{\"@type\":\"WebSite\",\"@id\":\"https:\/\/www.creativeaustria.at\/#website\",\"url\":\"https:\/\/www.creativeaustria.at\/\",\"name\":\"CREATIVE AUSTRIA \u2013 Contemporary Culture\",\"description\":\"Austrias Magazine for Contemporary Culture\",\"potentialAction\":[{\"@type\":\"SearchAction\",\"target\":{\"@type\":\"EntryPoint\",\"urlTemplate\":\"https:\/\/www.creativeaustria.at\/?s={search_term_string}\"},\"query-input\":{\"@type\":\"PropertyValueSpecification\",\"valueRequired\":true,\"valueName\":\"search_term_string\"}}],\"inLanguage\":\"en-US\"},{\"@type\":\"Person\",\"@id\":\"https:\/\/www.creativeaustria.at\/#\/schema\/person\/f958bccc983ee406b546b6e508c0023e\",\"name\":\"Hansj\u00fcrgen Schm\u00f6lzer\",\"image\":{\"@type\":\"ImageObject\",\"inLanguage\":\"en-US\",\"@id\":\"https:\/\/www.creativeaustria.at\/#\/schema\/person\/image\/\",\"url\":\"https:\/\/secure.gravatar.com\/avatar\/9519cf01e81699634c7d6b3bfc72ca33?s=96&d=mm&r=g\",\"contentUrl\":\"https:\/\/secure.gravatar.com\/avatar\/9519cf01e81699634c7d6b3bfc72ca33?s=96&d=mm&r=g\",\"caption\":\"Hansj\u00fcrgen Schm\u00f6lzer\"},\"url\":\"https:\/\/www.creativeaustria.at\/en\/author\/redaktion-1\/\"}]}<\/script>\n<!-- \/ Yoast SEO plugin. -->","yoast_head_json":{"title":"CROSSING EUROPE Film Festival 2023 \/ various locations, Linz &#187; CREATIVE AUSTRIA \u2013 Contemporary Culture","robots":{"index":"index","follow":"follow","max-snippet":"max-snippet:-1","max-image-preview":"max-image-preview:large","max-video-preview":"max-video-preview:-1"},"canonical":"https:\/\/www.creativeaustria.at\/en\/2023\/03\/21\/crossing-europe-filmfestival-2023-various-locations-linz\/","og_locale":"en_US","og_type":"article","og_title":"CROSSING EUROPE Film Festival 2023 \/ various locations, Linz &#187; CREATIVE AUSTRIA \u2013 Contemporary Culture","og_description":"26.4.- 1.5.2023 Look and listen instead of shouting down: The programme of this year&#8217;s CROSSING EUROPE Film Festival sharpens our senses. How can it happen that young people drift into extremist groups? For her documentary film Polish Prayers, which will be screened at this year&#8217;s CROSSING EUROPE Film Festival, the up-and-coming young Polish director Hanka [&hellip;]","og_url":"https:\/\/www.creativeaustria.at\/en\/2023\/03\/21\/crossing-europe-filmfestival-2023-various-locations-linz\/","og_site_name":"CREATIVE AUSTRIA \u2013 Contemporary Culture","article_publisher":"https:\/\/www.facebook.com\/creativeaustria","article_published_time":"2023-03-21T12:33:03+00:00","article_modified_time":"2023-03-21T12:38:17+00:00","og_image":[{"width":2000,"height":1049,"url":"https:\/\/www.creativeaustria.at\/wp-content\/uploads\/2023\/03\/DS_Crossing_Europe_grosses_Bild_Polish_Prayers_c_First_Hand_Films.jpg","type":"image\/jpeg"}],"author":"Hansj\u00fcrgen Schm\u00f6lzer","twitter_card":"summary_large_image","twitter_misc":{"Written by":"Hansj\u00fcrgen Schm\u00f6lzer","Est. reading time":"2 minutes"},"schema":{"@context":"https:\/\/schema.org","@graph":[{"@type":"WebPage","@id":"https:\/\/www.creativeaustria.at\/en\/2023\/03\/21\/crossing-europe-filmfestival-2023-various-locations-linz\/","url":"https:\/\/www.creativeaustria.at\/en\/2023\/03\/21\/crossing-europe-filmfestival-2023-various-locations-linz\/","name":"CROSSING EUROPE Film Festival 2023 \/ various locations, Linz &#187; CREATIVE AUSTRIA \u2013 Contemporary Culture","isPartOf":{"@id":"https:\/\/www.creativeaustria.at\/#website"},"primaryImageOfPage":{"@id":"https:\/\/www.creativeaustria.at\/en\/2023\/03\/21\/crossing-europe-filmfestival-2023-various-locations-linz\/#primaryimage"},"image":{"@id":"https:\/\/www.creativeaustria.at\/en\/2023\/03\/21\/crossing-europe-filmfestival-2023-various-locations-linz\/#primaryimage"},"thumbnailUrl":"https:\/\/www.creativeaustria.at\/wp-content\/uploads\/2023\/03\/DS_Crossing_Europe_grosses_Bild_Polish_Prayers_c_First_Hand_Films.jpg","datePublished":"2023-03-21T12:33:03+00:00","dateModified":"2023-03-21T12:38:17+00:00","author":{"@id":"https:\/\/www.creativeaustria.at\/#\/schema\/person\/f958bccc983ee406b546b6e508c0023e"},"breadcrumb":{"@id":"https:\/\/www.creativeaustria.at\/en\/2023\/03\/21\/crossing-europe-filmfestival-2023-various-locations-linz\/#breadcrumb"},"inLanguage":"en-US","potentialAction":[{"@type":"ReadAction","target":["https:\/\/www.creativeaustria.at\/en\/2023\/03\/21\/crossing-europe-filmfestival-2023-various-locations-linz\/"]}]},{"@type":"ImageObject","inLanguage":"en-US","@id":"https:\/\/www.creativeaustria.at\/en\/2023\/03\/21\/crossing-europe-filmfestival-2023-various-locations-linz\/#primaryimage","url":"https:\/\/www.creativeaustria.at\/wp-content\/uploads\/2023\/03\/DS_Crossing_Europe_grosses_Bild_Polish_Prayers_c_First_Hand_Films.jpg","contentUrl":"https:\/\/www.creativeaustria.at\/wp-content\/uploads\/2023\/03\/DS_Crossing_Europe_grosses_Bild_Polish_Prayers_c_First_Hand_Films.jpg","width":2000,"height":1049,"caption":"Wie die Jugend in radikalisierten Blasen landen kann: \"Polish Prayers\" von Hanka Nobis\u00a9 First Hand Films"},{"@type":"BreadcrumbList","@id":"https:\/\/www.creativeaustria.at\/en\/2023\/03\/21\/crossing-europe-filmfestival-2023-various-locations-linz\/#breadcrumb","itemListElement":[{"@type":"ListItem","position":1,"name":"Startseite","item":"https:\/\/www.creativeaustria.at\/en\/"},{"@type":"ListItem","position":2,"name":"CROSSING EUROPE Film Festival 2023 \/ various locations, Linz"}]},{"@type":"WebSite","@id":"https:\/\/www.creativeaustria.at\/#website","url":"https:\/\/www.creativeaustria.at\/","name":"CREATIVE AUSTRIA \u2013 Contemporary Culture","description":"Austrias Magazine for Contemporary Culture","potentialAction":[{"@type":"SearchAction","target":{"@type":"EntryPoint","urlTemplate":"https:\/\/www.creativeaustria.at\/?s={search_term_string}"},"query-input":{"@type":"PropertyValueSpecification","valueRequired":true,"valueName":"search_term_string"}}],"inLanguage":"en-US"},{"@type":"Person","@id":"https:\/\/www.creativeaustria.at\/#\/schema\/person\/f958bccc983ee406b546b6e508c0023e","name":"Hansj\u00fcrgen Schm\u00f6lzer","image":{"@type":"ImageObject","inLanguage":"en-US","@id":"https:\/\/www.creativeaustria.at\/#\/schema\/person\/image\/","url":"https:\/\/secure.gravatar.com\/avatar\/9519cf01e81699634c7d6b3bfc72ca33?s=96&d=mm&r=g","contentUrl":"https:\/\/secure.gravatar.com\/avatar\/9519cf01e81699634c7d6b3bfc72ca33?s=96&d=mm&r=g","caption":"Hansj\u00fcrgen Schm\u00f6lzer"},"url":"https:\/\/www.creativeaustria.at\/en\/author\/redaktion-1\/"}]}},"jetpack_featured_media_url":"https:\/\/www.creativeaustria.at\/wp-content\/uploads\/2023\/03\/DS_Crossing_Europe_grosses_Bild_Polish_Prayers_c_First_Hand_Films.jpg","jetpack_sharing_enabled":true,"jetpack_shortlink":"https:\/\/wp.me\/p9E1qX-aVR","_links":{"self":[{"href":"https:\/\/www.creativeaustria.at\/en\/wp-json\/wp\/v2\/posts\/42027"}],"collection":[{"href":"https:\/\/www.creativeaustria.at\/en\/wp-json\/wp\/v2\/posts"}],"about":[{"href":"https:\/\/www.creativeaustria.at\/en\/wp-json\/wp\/v2\/types\/post"}],"author":[{"embeddable":true,"href":"https:\/\/www.creativeaustria.at\/en\/wp-json\/wp\/v2\/users\/3"}],"replies":[{"embeddable":true,"href":"https:\/\/www.creativeaustria.at\/en\/wp-json\/wp\/v2\/comments?post=42027"}],"version-history":[{"count":2,"href":"https:\/\/www.creativeaustria.at\/en\/wp-json\/wp\/v2\/posts\/42027\/revisions"}],"predecessor-version":[{"id":42030,"href":"https:\/\/www.creativeaustria.at\/en\/wp-json\/wp\/v2\/posts\/42027\/revisions\/42030"}],"wp:featuredmedia":[{"embeddable":true,"href":"https:\/\/www.creativeaustria.at\/en\/wp-json\/wp\/v2\/media\/42025"}],"wp:attachment":[{"href":"https:\/\/www.creativeaustria.at\/en\/wp-json\/wp\/v2\/media?parent=42027"}],"wp:term":[{"taxonomy":"category","embeddable":true,"href":"https:\/\/www.creativeaustria.at\/en\/wp-json\/wp\/v2\/categories?post=42027"},{"taxonomy":"post_tag","embeddable":true,"href":"https:\/\/www.creativeaustria.at\/en\/wp-json\/wp\/v2\/tags?post=42027"}],"curies":[{"name":"wp","href":"https:\/\/api.w.org\/{rel}","templated":true}]}}