{"id":43681,"date":"2023-07-12T06:49:26","date_gmt":"2023-07-12T06:49:26","guid":{"rendered":"https:\/\/www.creativeaustria.at\/?p=43681"},"modified":"2023-07-13T07:45:08","modified_gmt":"2023-07-13T07:45:08","slug":"film-festival-frameout-2023-open-air-cinema-in-the-museumsquartier-vienna","status":"publish","type":"post","link":"https:\/\/www.creativeaustria.at\/en\/2023\/07\/12\/film-festival-frameout-2023-open-air-cinema-in-the-museumsquartier-vienna\/","title":{"rendered":"Film Festival frame[o]ut 2023 \/ Open-air cinema in the Museumsquartier, Vienna"},"content":{"rendered":"\n<p><strong>14.7. &#8211; 2.9.2023<\/strong><\/p>\n\n\n\n<p>Current cinema under the open sky. Selected Austrian and international films are presented: rebelliously loud, withdrawnly quiet, surprising, provocative, humorous and wild.<\/p>\n\n\n\n<p>On 16 play evenings, the festival is dedicated to the motto &#8220;Resilience&#8221;. The mobilisation of forces of resistance and positive prospects for the future are two of the most important capabilities of resilience. The term becomes critical when it is discussed as an interaction between two people and their environment. Finding resilience strategies in a time of upheaval and implementing the resulting best future scenarios is urgent.<\/p>\n\n\n\n<p>Free admission!<\/p>\n\n\n\n<h3 class=\"wp-block-heading\"><strong>Programme in July from 9:30 pm, in August from 8:30 pm:<\/strong><\/h3>\n\n\n\n<p>14 July: &#8220;\u00c1MA GLORIA (FR 2023)&#8221;, Austrian premiere, directed by: Marie Amachoukeli<br>15 July: &#8220;HOW TO BLOW UP A PIPELINE (USA 2023)&#8221;, Austrian premiere, directed by Daniel Goldhaber<\/p>\n\n\n\n<p>21 July: &#8220;DIE VERMIETERIN (AT 2023)&#8221;, Director: Sebastian Brauneis<br>22 July: &#8220;TENGO SUE\u00d1OS EL\u00c9CTRICOS \/ I Have Electric Dreams (CR\/FR 2022)&#8221;, Director: Valentina Maurel<\/p>\n\n\n\n<p>28 July: &#8220;A ROOM OF ONE&#8217;S OWN&#8221;, short film programme<br>29 July: &#8220;NOBODY MEETS YOUR EYES&#8221; (FI 2022), Austrian premiere, director: Jesse Jalonen<\/p>\n\n\n\n<p>04 August: &#8220;MOUNE \u00d4 ( BE\/FR, 2022)&#8221;, Director: Maxime Jean-Baptiste and &#8220;TROPIC FEVER (IDN\/NL 2022)&#8221;, Austrian premiere, directed by: Mahardika Yudha, Robin Hartanto Honggare, Perdana Roswald<br>05 August: &#8220;TR\u00caS TIGRES TRISTES \/ Three Tidy Tigers Tied a Tie Tighter&#8221; (BR 2022), Director: Gustavo Vinagre<\/p>\n\n\n\n<p>11 August: &#8220;UNRELATED (UK, 2007)&#8221;, directed by Joanna Hogg<br>12 August: &#8220;GEOGRAPHIES OF SOLITUDE (CA 2022)&#8221;, directed by Jacquelyn Mills<\/p>\n\n\n\n<p>18 August: &#8220;LE JOUR O\u00d9 J&#8217;AI D\u00c9COUVERT QUE JANE FONDA \u00c9TAIT BRUNE \/ The Day I Discovered that Jane Fonda Was a Brunette (FR 2022)&#8221;, directed by Anna Salzberg<br>19 August: &#8220;BETWEEN REVOLUTIONS (RO\/IQ 2023)&#8221;, Austrian premiere, directed by Vlad Petri<\/p>\n\n\n\n<p>25 August: &#8220;WHERE THE ROAD LEADS&#8221;\/Ovuda \u0107e pro\u0107i put (RS 2023)&#8221;, Austrian premiere, directed by: Nina Ognjanovi\u0107<br>26 August: &#8220;JELLYFISH\/EL ROSTRO DE LA MEDUSA (The Face of a Jellyfish) (R 2022), director: Melisa Liebenthal<\/p>\n\n\n\n<p>01 September: &#8220;CETTE MAISON \/ This House (CA 2022)&#8221;, Director: Miryam Charles<br>02 September: &#8220;TOTAL REFUSAL&#8221;, short film programme<\/p>\n\n\n\n<p><strong>Film Festival frame[o]ut &#8211; Open-air cinema at the MQ<\/strong><br>14.7. &#8211; 2.9.2023<br>MQ courtyard 8, bad weather location: Arena21<br><a href=\"http:\/\/www.frameout.at\" target=\"_blank\" rel=\"noreferrer noopener\">www.frameout.at<\/a><\/p>\n","protected":false},"excerpt":{"rendered":"<p>14.7. &#8211; 2.9.2023 Current cinema under the open sky. Selected Austrian and international films are presented: rebelliously loud, withdrawnly quiet, surprising, provocative, humorous and wild. On 16 play evenings, the festival is dedicated to the motto &#8220;Resilience&#8221;. The mobilisation of forces of resistance and positive prospects for the future are two of the most important [&hellip;]<\/p>\n","protected":false},"author":2,"featured_media":43657,"comment_status":"open","ping_status":"open","sticky":false,"template":"","format":"standard","meta":{"jetpack_post_was_ever_published":false,"_jetpack_newsletter_access":"","_jetpack_dont_email_post_to_subs":false,"_jetpack_newsletter_tier_id":0,"_jetpack_memberships_contains_paywalled_content":false,"_jetpack_memberships_contains_paid_content":false,"footnotes":"","jetpack_publicize_message":"","jetpack_publicize_feature_enabled":true,"jetpack_social_post_already_shared":true,"jetpack_social_options":{"image_generator_settings":{"template":"highway","enabled":false},"version":2}},"categories":[10,117,342,231,27,11,119,24,9],"tags":[],"class_list":{"0":"post-43681","1":"post","2":"type-post","3":"status-publish","4":"format-standard","5":"has-post-thumbnail","7":"category-aktuell-7","8":"category-aktuell-5","9":"category-events-5-en","10":"category-festivals-en","11":"category-film","12":"category-gegenwartskultur","13":"category-kunst-5","14":"category-orte","15":"category-wien"},"jetpack_publicize_connections":[],"yoast_head":"<!-- This site is optimized with the Yoast SEO plugin v23.9 - https:\/\/yoast.com\/wordpress\/plugins\/seo\/ -->\n<title>Film Festival frame[o]ut 2023 \/ Open-air cinema in the Museumsquartier, Vienna &#187; CREATIVE AUSTRIA \u2013 Contemporary Culture<\/title>\n<meta name=\"robots\" content=\"index, follow, max-snippet:-1, max-image-preview:large, max-video-preview:-1\" \/>\n<link rel=\"canonical\" href=\"https:\/\/www.creativeaustria.at\/en\/2023\/07\/12\/film-festival-frameout-2023-open-air-cinema-in-the-museumsquartier-vienna\/\" \/>\n<meta property=\"og:locale\" content=\"en_US\" \/>\n<meta property=\"og:type\" content=\"article\" \/>\n<meta property=\"og:title\" content=\"Film Festival frame[o]ut 2023 \/ Open-air cinema in the Museumsquartier, Vienna &#187; CREATIVE AUSTRIA \u2013 Contemporary Culture\" \/>\n<meta property=\"og:description\" content=\"14.7. &#8211; 2.9.2023 Current cinema under the open sky. Selected Austrian and international films are presented: rebelliously loud, withdrawnly quiet, surprising, provocative, humorous and wild. On 16 play evenings, the festival is dedicated to the motto &#8220;Resilience&#8221;. The mobilisation of forces of resistance and positive prospects for the future are two of the most important [&hellip;]\" \/>\n<meta property=\"og:url\" content=\"https:\/\/www.creativeaustria.at\/en\/2023\/07\/12\/film-festival-frameout-2023-open-air-cinema-in-the-museumsquartier-vienna\/\" \/>\n<meta property=\"og:site_name\" content=\"CREATIVE AUSTRIA \u2013 Contemporary Culture\" \/>\n<meta property=\"article:publisher\" content=\"https:\/\/www.facebook.com\/creativeaustria\" \/>\n<meta property=\"article:published_time\" content=\"2023-07-12T06:49:26+00:00\" \/>\n<meta property=\"article:modified_time\" content=\"2023-07-13T07:45:08+00:00\" \/>\n<meta property=\"og:image\" content=\"https:\/\/www.creativeaustria.at\/wp-content\/uploads\/2023\/07\/WHERE_THE_ROAD_LEADS_\u00a9-Pointless-Film-Production-scaled.jpg\" \/>\n\t<meta property=\"og:image:width\" content=\"2560\" \/>\n\t<meta property=\"og:image:height\" content=\"1440\" \/>\n\t<meta property=\"og:image:type\" content=\"image\/jpeg\" \/>\n<meta name=\"author\" content=\"CREATIVE AUSTRIA\" \/>\n<meta name=\"twitter:card\" content=\"summary_large_image\" \/>\n<meta name=\"twitter:label1\" content=\"Written by\" \/>\n\t<meta name=\"twitter:data1\" content=\"CREATIVE AUSTRIA\" \/>\n\t<meta name=\"twitter:label2\" content=\"Est. reading time\" \/>\n\t<meta name=\"twitter:data2\" content=\"2 minutes\" \/>\n<script type=\"application\/ld+json\" class=\"yoast-schema-graph\">{\"@context\":\"https:\/\/schema.org\",\"@graph\":[{\"@type\":\"WebPage\",\"@id\":\"https:\/\/www.creativeaustria.at\/en\/2023\/07\/12\/film-festival-frameout-2023-open-air-cinema-in-the-museumsquartier-vienna\/\",\"url\":\"https:\/\/www.creativeaustria.at\/en\/2023\/07\/12\/film-festival-frameout-2023-open-air-cinema-in-the-museumsquartier-vienna\/\",\"name\":\"Film Festival frame[o]ut 2023 \/ Open-air cinema in the Museumsquartier, Vienna &#187; CREATIVE AUSTRIA \u2013 Contemporary Culture\",\"isPartOf\":{\"@id\":\"https:\/\/www.creativeaustria.at\/#website\"},\"primaryImageOfPage\":{\"@id\":\"https:\/\/www.creativeaustria.at\/en\/2023\/07\/12\/film-festival-frameout-2023-open-air-cinema-in-the-museumsquartier-vienna\/#primaryimage\"},\"image\":{\"@id\":\"https:\/\/www.creativeaustria.at\/en\/2023\/07\/12\/film-festival-frameout-2023-open-air-cinema-in-the-museumsquartier-vienna\/#primaryimage\"},\"thumbnailUrl\":\"https:\/\/www.creativeaustria.at\/wp-content\/uploads\/2023\/07\/WHERE_THE_ROAD_LEADS_\u00a9-Pointless-Film-Production-scaled.jpg\",\"datePublished\":\"2023-07-12T06:49:26+00:00\",\"dateModified\":\"2023-07-13T07:45:08+00:00\",\"author\":{\"@id\":\"https:\/\/www.creativeaustria.at\/#\/schema\/person\/2ef270c3dee27d6c0ec621fe9330173e\"},\"breadcrumb\":{\"@id\":\"https:\/\/www.creativeaustria.at\/en\/2023\/07\/12\/film-festival-frameout-2023-open-air-cinema-in-the-museumsquartier-vienna\/#breadcrumb\"},\"inLanguage\":\"en-US\",\"potentialAction\":[{\"@type\":\"ReadAction\",\"target\":[\"https:\/\/www.creativeaustria.at\/en\/2023\/07\/12\/film-festival-frameout-2023-open-air-cinema-in-the-museumsquartier-vienna\/\"]}]},{\"@type\":\"ImageObject\",\"inLanguage\":\"en-US\",\"@id\":\"https:\/\/www.creativeaustria.at\/en\/2023\/07\/12\/film-festival-frameout-2023-open-air-cinema-in-the-museumsquartier-vienna\/#primaryimage\",\"url\":\"https:\/\/www.creativeaustria.at\/wp-content\/uploads\/2023\/07\/WHERE_THE_ROAD_LEADS_\u00a9-Pointless-Film-Production-scaled.jpg\",\"contentUrl\":\"https:\/\/www.creativeaustria.at\/wp-content\/uploads\/2023\/07\/WHERE_THE_ROAD_LEADS_\u00a9-Pointless-Film-Production-scaled.jpg\",\"width\":2560,\"height\":1440,\"caption\":\"Where the Road leads \u00a9\"},{\"@type\":\"BreadcrumbList\",\"@id\":\"https:\/\/www.creativeaustria.at\/en\/2023\/07\/12\/film-festival-frameout-2023-open-air-cinema-in-the-museumsquartier-vienna\/#breadcrumb\",\"itemListElement\":[{\"@type\":\"ListItem\",\"position\":1,\"name\":\"Startseite\",\"item\":\"https:\/\/www.creativeaustria.at\/en\/\"},{\"@type\":\"ListItem\",\"position\":2,\"name\":\"Film Festival frame[o]ut 2023 \/ Open-air cinema in the Museumsquartier, Vienna\"}]},{\"@type\":\"WebSite\",\"@id\":\"https:\/\/www.creativeaustria.at\/#website\",\"url\":\"https:\/\/www.creativeaustria.at\/\",\"name\":\"CREATIVE AUSTRIA \u2013 Contemporary Culture\",\"description\":\"Austrias Magazine for Contemporary Culture\",\"potentialAction\":[{\"@type\":\"SearchAction\",\"target\":{\"@type\":\"EntryPoint\",\"urlTemplate\":\"https:\/\/www.creativeaustria.at\/?s={search_term_string}\"},\"query-input\":{\"@type\":\"PropertyValueSpecification\",\"valueRequired\":true,\"valueName\":\"search_term_string\"}}],\"inLanguage\":\"en-US\"},{\"@type\":\"Person\",\"@id\":\"https:\/\/www.creativeaustria.at\/#\/schema\/person\/2ef270c3dee27d6c0ec621fe9330173e\",\"name\":\"CREATIVE AUSTRIA\",\"image\":{\"@type\":\"ImageObject\",\"inLanguage\":\"en-US\",\"@id\":\"https:\/\/www.creativeaustria.at\/#\/schema\/person\/image\/\",\"url\":\"https:\/\/secure.gravatar.com\/avatar\/684a70572f233313686e8858b8b6ca7b?s=96&d=mm&r=g\",\"contentUrl\":\"https:\/\/secure.gravatar.com\/avatar\/684a70572f233313686e8858b8b6ca7b?s=96&d=mm&r=g\",\"caption\":\"CREATIVE AUSTRIA\"},\"sameAs\":[\"http:\/\/www.creativeaustria.at\"],\"url\":\"https:\/\/www.creativeaustria.at\/en\/author\/creative-austria-redaktion\/\"}]}<\/script>\n<!-- \/ Yoast SEO plugin. -->","yoast_head_json":{"title":"Film Festival frame[o]ut 2023 \/ Open-air cinema in the Museumsquartier, Vienna &#187; CREATIVE AUSTRIA \u2013 Contemporary Culture","robots":{"index":"index","follow":"follow","max-snippet":"max-snippet:-1","max-image-preview":"max-image-preview:large","max-video-preview":"max-video-preview:-1"},"canonical":"https:\/\/www.creativeaustria.at\/en\/2023\/07\/12\/film-festival-frameout-2023-open-air-cinema-in-the-museumsquartier-vienna\/","og_locale":"en_US","og_type":"article","og_title":"Film Festival frame[o]ut 2023 \/ Open-air cinema in the Museumsquartier, Vienna &#187; CREATIVE AUSTRIA \u2013 Contemporary Culture","og_description":"14.7. &#8211; 2.9.2023 Current cinema under the open sky. Selected Austrian and international films are presented: rebelliously loud, withdrawnly quiet, surprising, provocative, humorous and wild. On 16 play evenings, the festival is dedicated to the motto &#8220;Resilience&#8221;. The mobilisation of forces of resistance and positive prospects for the future are two of the most important [&hellip;]","og_url":"https:\/\/www.creativeaustria.at\/en\/2023\/07\/12\/film-festival-frameout-2023-open-air-cinema-in-the-museumsquartier-vienna\/","og_site_name":"CREATIVE AUSTRIA \u2013 Contemporary Culture","article_publisher":"https:\/\/www.facebook.com\/creativeaustria","article_published_time":"2023-07-12T06:49:26+00:00","article_modified_time":"2023-07-13T07:45:08+00:00","og_image":[{"width":2560,"height":1440,"url":"https:\/\/www.creativeaustria.at\/wp-content\/uploads\/2023\/07\/WHERE_THE_ROAD_LEADS_\u00a9-Pointless-Film-Production-scaled.jpg","type":"image\/jpeg"}],"author":"CREATIVE AUSTRIA","twitter_card":"summary_large_image","twitter_misc":{"Written by":"CREATIVE AUSTRIA","Est. reading time":"2 minutes"},"schema":{"@context":"https:\/\/schema.org","@graph":[{"@type":"WebPage","@id":"https:\/\/www.creativeaustria.at\/en\/2023\/07\/12\/film-festival-frameout-2023-open-air-cinema-in-the-museumsquartier-vienna\/","url":"https:\/\/www.creativeaustria.at\/en\/2023\/07\/12\/film-festival-frameout-2023-open-air-cinema-in-the-museumsquartier-vienna\/","name":"Film Festival frame[o]ut 2023 \/ Open-air cinema in the Museumsquartier, Vienna &#187; CREATIVE AUSTRIA \u2013 Contemporary Culture","isPartOf":{"@id":"https:\/\/www.creativeaustria.at\/#website"},"primaryImageOfPage":{"@id":"https:\/\/www.creativeaustria.at\/en\/2023\/07\/12\/film-festival-frameout-2023-open-air-cinema-in-the-museumsquartier-vienna\/#primaryimage"},"image":{"@id":"https:\/\/www.creativeaustria.at\/en\/2023\/07\/12\/film-festival-frameout-2023-open-air-cinema-in-the-museumsquartier-vienna\/#primaryimage"},"thumbnailUrl":"https:\/\/www.creativeaustria.at\/wp-content\/uploads\/2023\/07\/WHERE_THE_ROAD_LEADS_\u00a9-Pointless-Film-Production-scaled.jpg","datePublished":"2023-07-12T06:49:26+00:00","dateModified":"2023-07-13T07:45:08+00:00","author":{"@id":"https:\/\/www.creativeaustria.at\/#\/schema\/person\/2ef270c3dee27d6c0ec621fe9330173e"},"breadcrumb":{"@id":"https:\/\/www.creativeaustria.at\/en\/2023\/07\/12\/film-festival-frameout-2023-open-air-cinema-in-the-museumsquartier-vienna\/#breadcrumb"},"inLanguage":"en-US","potentialAction":[{"@type":"ReadAction","target":["https:\/\/www.creativeaustria.at\/en\/2023\/07\/12\/film-festival-frameout-2023-open-air-cinema-in-the-museumsquartier-vienna\/"]}]},{"@type":"ImageObject","inLanguage":"en-US","@id":"https:\/\/www.creativeaustria.at\/en\/2023\/07\/12\/film-festival-frameout-2023-open-air-cinema-in-the-museumsquartier-vienna\/#primaryimage","url":"https:\/\/www.creativeaustria.at\/wp-content\/uploads\/2023\/07\/WHERE_THE_ROAD_LEADS_\u00a9-Pointless-Film-Production-scaled.jpg","contentUrl":"https:\/\/www.creativeaustria.at\/wp-content\/uploads\/2023\/07\/WHERE_THE_ROAD_LEADS_\u00a9-Pointless-Film-Production-scaled.jpg","width":2560,"height":1440,"caption":"Where the Road leads \u00a9"},{"@type":"BreadcrumbList","@id":"https:\/\/www.creativeaustria.at\/en\/2023\/07\/12\/film-festival-frameout-2023-open-air-cinema-in-the-museumsquartier-vienna\/#breadcrumb","itemListElement":[{"@type":"ListItem","position":1,"name":"Startseite","item":"https:\/\/www.creativeaustria.at\/en\/"},{"@type":"ListItem","position":2,"name":"Film Festival frame[o]ut 2023 \/ Open-air cinema in the Museumsquartier, Vienna"}]},{"@type":"WebSite","@id":"https:\/\/www.creativeaustria.at\/#website","url":"https:\/\/www.creativeaustria.at\/","name":"CREATIVE AUSTRIA \u2013 Contemporary Culture","description":"Austrias Magazine for Contemporary Culture","potentialAction":[{"@type":"SearchAction","target":{"@type":"EntryPoint","urlTemplate":"https:\/\/www.creativeaustria.at\/?s={search_term_string}"},"query-input":{"@type":"PropertyValueSpecification","valueRequired":true,"valueName":"search_term_string"}}],"inLanguage":"en-US"},{"@type":"Person","@id":"https:\/\/www.creativeaustria.at\/#\/schema\/person\/2ef270c3dee27d6c0ec621fe9330173e","name":"CREATIVE AUSTRIA","image":{"@type":"ImageObject","inLanguage":"en-US","@id":"https:\/\/www.creativeaustria.at\/#\/schema\/person\/image\/","url":"https:\/\/secure.gravatar.com\/avatar\/684a70572f233313686e8858b8b6ca7b?s=96&d=mm&r=g","contentUrl":"https:\/\/secure.gravatar.com\/avatar\/684a70572f233313686e8858b8b6ca7b?s=96&d=mm&r=g","caption":"CREATIVE AUSTRIA"},"sameAs":["http:\/\/www.creativeaustria.at"],"url":"https:\/\/www.creativeaustria.at\/en\/author\/creative-austria-redaktion\/"}]}},"jetpack_featured_media_url":"https:\/\/www.creativeaustria.at\/wp-content\/uploads\/2023\/07\/WHERE_THE_ROAD_LEADS_\u00a9-Pointless-Film-Production-scaled.jpg","jetpack_sharing_enabled":true,"jetpack_shortlink":"https:\/\/wp.me\/p9E1qX-bmx","_links":{"self":[{"href":"https:\/\/www.creativeaustria.at\/en\/wp-json\/wp\/v2\/posts\/43681"}],"collection":[{"href":"https:\/\/www.creativeaustria.at\/en\/wp-json\/wp\/v2\/posts"}],"about":[{"href":"https:\/\/www.creativeaustria.at\/en\/wp-json\/wp\/v2\/types\/post"}],"author":[{"embeddable":true,"href":"https:\/\/www.creativeaustria.at\/en\/wp-json\/wp\/v2\/users\/2"}],"replies":[{"embeddable":true,"href":"https:\/\/www.creativeaustria.at\/en\/wp-json\/wp\/v2\/comments?post=43681"}],"version-history":[{"count":2,"href":"https:\/\/www.creativeaustria.at\/en\/wp-json\/wp\/v2\/posts\/43681\/revisions"}],"predecessor-version":[{"id":43684,"href":"https:\/\/www.creativeaustria.at\/en\/wp-json\/wp\/v2\/posts\/43681\/revisions\/43684"}],"wp:featuredmedia":[{"embeddable":true,"href":"https:\/\/www.creativeaustria.at\/en\/wp-json\/wp\/v2\/media\/43657"}],"wp:attachment":[{"href":"https:\/\/www.creativeaustria.at\/en\/wp-json\/wp\/v2\/media?parent=43681"}],"wp:term":[{"taxonomy":"category","embeddable":true,"href":"https:\/\/www.creativeaustria.at\/en\/wp-json\/wp\/v2\/categories?post=43681"},{"taxonomy":"post_tag","embeddable":true,"href":"https:\/\/www.creativeaustria.at\/en\/wp-json\/wp\/v2\/tags?post=43681"}],"curies":[{"name":"wp","href":"https:\/\/api.w.org\/{rel}","templated":true}]}}