{"id":46164,"date":"2024-02-14T08:47:00","date_gmt":"2024-02-14T08:47:00","guid":{"rendered":"https:\/\/www.creativeaustria.at\/?p=46164"},"modified":"2024-02-14T06:50:29","modified_gmt":"2024-02-14T06:50:29","slug":"imagetanz-2024-brut-vienna","status":"publish","type":"post","link":"https:\/\/www.creativeaustria.at\/en\/2024\/02\/14\/imagetanz-2024-brut-vienna\/","title":{"rendered":"imagetanz 2024 \/ brut Vienna"},"content":{"rendered":"\n<p><strong>05.03.2024 \u2013 24.03.2024<\/strong><\/p>\n\n\n\n<p>For three weeks, the festival at brut presents a varied programme with new positions in choreography and performance. In the brut nordwest, studio brut and WUK venues, international and local artists and collectives will present a diverse programme of world premieres and premieres. In an outreach programme with workshops, discussion rounds and access formats, imagetanz 2024 will also focus on questions of accessibility in the performing arts. Studio visits, audience discussions and festival parties round off the imagetanz 2024 programme.<br>With Claire Lef\u00e8vre, Ceylan \u00d6ztr\u00fck, Matteo Haitzmann mit Arthur Fussy &amp; Judith Schwarz, Transformative Narratives (Lena Kuzmich, Tony Wagner &amp; Guests), Yoh Morishita, Mads Floor Andersen, Julischka Stengele, Tanja Erhart, Pam Eden, Katharina \u201eSenki\u201c Senk, Theresa \u201eRay\u201c Scheinecker, Liv Schellander, Noa Winter, HUGGY BEARS: Helena Ara\u00fajo, Ale Bachlechner, Sebastijan Ge\u010d, Malika Fankha, Nikolaos Giannopoulos, Patrick Wally &amp; MO-ZA-IK (Jamal Abale, Viviane Le Tanzmeister, Rosa Perl und M\u00e1ty\u00e1s Kantor).<\/p>\n\n\n\n<p><strong>imagetanz 2024<\/strong><br>05.03.2024 \u2013 24.03.2024<br>various locations<br><a href=\"http:\/\/brut-wien.at\">brut-wien.at<\/a><\/p>\n","protected":false},"excerpt":{"rendered":"<p>05.03.2024 \u2013 24.03.2024 For three weeks, the festival at brut presents a varied programme with new positions in choreography and performance. In the brut nordwest, studio brut and WUK venues, international and local artists and collectives will present a diverse programme of world premieres and premieres. In an outreach programme with workshops, discussion rounds and [&hellip;]<\/p>\n","protected":false},"author":2,"featured_media":46162,"comment_status":"open","ping_status":"open","sticky":false,"template":"","format":"standard","meta":{"jetpack_post_was_ever_published":false,"_jetpack_newsletter_access":"","_jetpack_dont_email_post_to_subs":false,"_jetpack_newsletter_tier_id":0,"_jetpack_memberships_contains_paywalled_content":false,"_jetpack_memberships_contains_paid_content":false,"footnotes":"","jetpack_publicize_message":"","jetpack_publicize_feature_enabled":true,"jetpack_social_post_already_shared":true,"jetpack_social_options":{"image_generator_settings":{"template":"highway","enabled":false},"version":2}},"categories":[80,301,305,77,282,285,226,342,231,234,229,79,345],"tags":[],"class_list":{"0":"post-46164","1":"post","2":"type-post","3":"status-publish","4":"format-standard","5":"has-post-thumbnail","7":"category-art-7","8":"category-art-6","9":"category-art-5","10":"category-gegenwartskultur-en","11":"category-creative-regions-en","12":"category-events-6-en","13":"category-events-7-en","14":"category-events-5-en","15":"category-festivals-en","16":"category-music","17":"category-on-stage","18":"category-kreative-orte-en","19":"category-vienna"},"jetpack_publicize_connections":[],"yoast_head":"<!-- This site is optimized with the Yoast SEO plugin v23.9 - https:\/\/yoast.com\/wordpress\/plugins\/seo\/ -->\n<title>imagetanz 2024 \/ brut Vienna &#187; CREATIVE AUSTRIA \u2013 Contemporary Culture<\/title>\n<meta name=\"robots\" content=\"index, follow, max-snippet:-1, max-image-preview:large, max-video-preview:-1\" \/>\n<link rel=\"canonical\" href=\"https:\/\/www.creativeaustria.at\/2024\/02\/14\/imagetanz-2024-brut-wien\/\" \/>\n<meta property=\"og:locale\" content=\"en_US\" \/>\n<meta property=\"og:type\" content=\"article\" \/>\n<meta property=\"og:title\" content=\"imagetanz 2024 \/ brut Vienna &#187; CREATIVE AUSTRIA \u2013 Contemporary Culture\" \/>\n<meta property=\"og:description\" content=\"05.03.2024 \u2013 24.03.2024 For three weeks, the festival at brut presents a varied programme with new positions in choreography and performance. In the brut nordwest, studio brut and WUK venues, international and local artists and collectives will present a diverse programme of world premieres and premieres. In an outreach programme with workshops, discussion rounds and [&hellip;]\" \/>\n<meta property=\"og:url\" content=\"https:\/\/www.creativeaustria.at\/2024\/02\/14\/imagetanz-2024-brut-wien\/\" \/>\n<meta property=\"og:site_name\" content=\"CREATIVE AUSTRIA \u2013 Contemporary Culture\" \/>\n<meta property=\"article:publisher\" content=\"https:\/\/www.facebook.com\/creativeaustria\" \/>\n<meta property=\"article:published_time\" content=\"2024-02-14T08:47:00+00:00\" \/>\n<meta property=\"article:modified_time\" content=\"2024-02-14T06:50:29+00:00\" \/>\n<meta property=\"og:image\" content=\"https:\/\/www.creativeaustria.at\/wp-content\/uploads\/2024\/02\/studio-brut-Foto-c-Florian-Rainer.jpg\" \/>\n\t<meta property=\"og:image:width\" content=\"1254\" \/>\n\t<meta property=\"og:image:height\" content=\"836\" \/>\n\t<meta property=\"og:image:type\" content=\"image\/jpeg\" \/>\n<meta name=\"author\" content=\"CREATIVE AUSTRIA\" \/>\n<meta name=\"twitter:card\" content=\"summary_large_image\" \/>\n<meta name=\"twitter:label1\" content=\"Written by\" \/>\n\t<meta name=\"twitter:data1\" content=\"CREATIVE AUSTRIA\" \/>\n\t<meta name=\"twitter:label2\" content=\"Est. reading time\" \/>\n\t<meta name=\"twitter:data2\" content=\"1 minute\" \/>\n<script type=\"application\/ld+json\" class=\"yoast-schema-graph\">{\"@context\":\"https:\/\/schema.org\",\"@graph\":[{\"@type\":\"WebPage\",\"@id\":\"https:\/\/www.creativeaustria.at\/2024\/02\/14\/imagetanz-2024-brut-wien\/\",\"url\":\"https:\/\/www.creativeaustria.at\/2024\/02\/14\/imagetanz-2024-brut-wien\/\",\"name\":\"imagetanz 2024 \/ brut Vienna &#187; CREATIVE AUSTRIA \u2013 Contemporary Culture\",\"isPartOf\":{\"@id\":\"https:\/\/www.creativeaustria.at\/#website\"},\"primaryImageOfPage\":{\"@id\":\"https:\/\/www.creativeaustria.at\/2024\/02\/14\/imagetanz-2024-brut-wien\/#primaryimage\"},\"image\":{\"@id\":\"https:\/\/www.creativeaustria.at\/2024\/02\/14\/imagetanz-2024-brut-wien\/#primaryimage\"},\"thumbnailUrl\":\"https:\/\/www.creativeaustria.at\/wp-content\/uploads\/2024\/02\/studio-brut-Foto-c-Florian-Rainer.jpg\",\"datePublished\":\"2024-02-14T08:47:00+00:00\",\"dateModified\":\"2024-02-14T06:50:29+00:00\",\"author\":{\"@id\":\"https:\/\/www.creativeaustria.at\/#\/schema\/person\/2ef270c3dee27d6c0ec621fe9330173e\"},\"breadcrumb\":{\"@id\":\"https:\/\/www.creativeaustria.at\/2024\/02\/14\/imagetanz-2024-brut-wien\/#breadcrumb\"},\"inLanguage\":\"en-US\",\"potentialAction\":[{\"@type\":\"ReadAction\",\"target\":[\"https:\/\/www.creativeaustria.at\/2024\/02\/14\/imagetanz-2024-brut-wien\/\"]}]},{\"@type\":\"ImageObject\",\"inLanguage\":\"en-US\",\"@id\":\"https:\/\/www.creativeaustria.at\/2024\/02\/14\/imagetanz-2024-brut-wien\/#primaryimage\",\"url\":\"https:\/\/www.creativeaustria.at\/wp-content\/uploads\/2024\/02\/studio-brut-Foto-c-Florian-Rainer.jpg\",\"contentUrl\":\"https:\/\/www.creativeaustria.at\/wp-content\/uploads\/2024\/02\/studio-brut-Foto-c-Florian-Rainer.jpg\",\"width\":1254,\"height\":836,\"caption\":\"studio brut Foto (c) Florian Rainer\"},{\"@type\":\"BreadcrumbList\",\"@id\":\"https:\/\/www.creativeaustria.at\/2024\/02\/14\/imagetanz-2024-brut-wien\/#breadcrumb\",\"itemListElement\":[{\"@type\":\"ListItem\",\"position\":1,\"name\":\"Startseite\",\"item\":\"https:\/\/www.creativeaustria.at\/en\/\"},{\"@type\":\"ListItem\",\"position\":2,\"name\":\"imagetanz 2024 \/ brut Vienna\"}]},{\"@type\":\"WebSite\",\"@id\":\"https:\/\/www.creativeaustria.at\/#website\",\"url\":\"https:\/\/www.creativeaustria.at\/\",\"name\":\"CREATIVE AUSTRIA \u2013 Contemporary Culture\",\"description\":\"Austrias Magazine for Contemporary Culture\",\"potentialAction\":[{\"@type\":\"SearchAction\",\"target\":{\"@type\":\"EntryPoint\",\"urlTemplate\":\"https:\/\/www.creativeaustria.at\/?s={search_term_string}\"},\"query-input\":{\"@type\":\"PropertyValueSpecification\",\"valueRequired\":true,\"valueName\":\"search_term_string\"}}],\"inLanguage\":\"en-US\"},{\"@type\":\"Person\",\"@id\":\"https:\/\/www.creativeaustria.at\/#\/schema\/person\/2ef270c3dee27d6c0ec621fe9330173e\",\"name\":\"CREATIVE AUSTRIA\",\"image\":{\"@type\":\"ImageObject\",\"inLanguage\":\"en-US\",\"@id\":\"https:\/\/www.creativeaustria.at\/#\/schema\/person\/image\/\",\"url\":\"https:\/\/secure.gravatar.com\/avatar\/684a70572f233313686e8858b8b6ca7b?s=96&d=mm&r=g\",\"contentUrl\":\"https:\/\/secure.gravatar.com\/avatar\/684a70572f233313686e8858b8b6ca7b?s=96&d=mm&r=g\",\"caption\":\"CREATIVE AUSTRIA\"},\"sameAs\":[\"http:\/\/www.creativeaustria.at\"],\"url\":\"https:\/\/www.creativeaustria.at\/en\/author\/creative-austria-redaktion\/\"}]}<\/script>\n<!-- \/ Yoast SEO plugin. -->","yoast_head_json":{"title":"imagetanz 2024 \/ brut Vienna &#187; CREATIVE AUSTRIA \u2013 Contemporary Culture","robots":{"index":"index","follow":"follow","max-snippet":"max-snippet:-1","max-image-preview":"max-image-preview:large","max-video-preview":"max-video-preview:-1"},"canonical":"https:\/\/www.creativeaustria.at\/2024\/02\/14\/imagetanz-2024-brut-wien\/","og_locale":"en_US","og_type":"article","og_title":"imagetanz 2024 \/ brut Vienna &#187; CREATIVE AUSTRIA \u2013 Contemporary Culture","og_description":"05.03.2024 \u2013 24.03.2024 For three weeks, the festival at brut presents a varied programme with new positions in choreography and performance. In the brut nordwest, studio brut and WUK venues, international and local artists and collectives will present a diverse programme of world premieres and premieres. In an outreach programme with workshops, discussion rounds and [&hellip;]","og_url":"https:\/\/www.creativeaustria.at\/2024\/02\/14\/imagetanz-2024-brut-wien\/","og_site_name":"CREATIVE AUSTRIA \u2013 Contemporary Culture","article_publisher":"https:\/\/www.facebook.com\/creativeaustria","article_published_time":"2024-02-14T08:47:00+00:00","article_modified_time":"2024-02-14T06:50:29+00:00","og_image":[{"width":1254,"height":836,"url":"https:\/\/www.creativeaustria.at\/wp-content\/uploads\/2024\/02\/studio-brut-Foto-c-Florian-Rainer.jpg","type":"image\/jpeg"}],"author":"CREATIVE AUSTRIA","twitter_card":"summary_large_image","twitter_misc":{"Written by":"CREATIVE AUSTRIA","Est. reading time":"1 minute"},"schema":{"@context":"https:\/\/schema.org","@graph":[{"@type":"WebPage","@id":"https:\/\/www.creativeaustria.at\/2024\/02\/14\/imagetanz-2024-brut-wien\/","url":"https:\/\/www.creativeaustria.at\/2024\/02\/14\/imagetanz-2024-brut-wien\/","name":"imagetanz 2024 \/ brut Vienna &#187; CREATIVE AUSTRIA \u2013 Contemporary Culture","isPartOf":{"@id":"https:\/\/www.creativeaustria.at\/#website"},"primaryImageOfPage":{"@id":"https:\/\/www.creativeaustria.at\/2024\/02\/14\/imagetanz-2024-brut-wien\/#primaryimage"},"image":{"@id":"https:\/\/www.creativeaustria.at\/2024\/02\/14\/imagetanz-2024-brut-wien\/#primaryimage"},"thumbnailUrl":"https:\/\/www.creativeaustria.at\/wp-content\/uploads\/2024\/02\/studio-brut-Foto-c-Florian-Rainer.jpg","datePublished":"2024-02-14T08:47:00+00:00","dateModified":"2024-02-14T06:50:29+00:00","author":{"@id":"https:\/\/www.creativeaustria.at\/#\/schema\/person\/2ef270c3dee27d6c0ec621fe9330173e"},"breadcrumb":{"@id":"https:\/\/www.creativeaustria.at\/2024\/02\/14\/imagetanz-2024-brut-wien\/#breadcrumb"},"inLanguage":"en-US","potentialAction":[{"@type":"ReadAction","target":["https:\/\/www.creativeaustria.at\/2024\/02\/14\/imagetanz-2024-brut-wien\/"]}]},{"@type":"ImageObject","inLanguage":"en-US","@id":"https:\/\/www.creativeaustria.at\/2024\/02\/14\/imagetanz-2024-brut-wien\/#primaryimage","url":"https:\/\/www.creativeaustria.at\/wp-content\/uploads\/2024\/02\/studio-brut-Foto-c-Florian-Rainer.jpg","contentUrl":"https:\/\/www.creativeaustria.at\/wp-content\/uploads\/2024\/02\/studio-brut-Foto-c-Florian-Rainer.jpg","width":1254,"height":836,"caption":"studio brut Foto (c) Florian Rainer"},{"@type":"BreadcrumbList","@id":"https:\/\/www.creativeaustria.at\/2024\/02\/14\/imagetanz-2024-brut-wien\/#breadcrumb","itemListElement":[{"@type":"ListItem","position":1,"name":"Startseite","item":"https:\/\/www.creativeaustria.at\/en\/"},{"@type":"ListItem","position":2,"name":"imagetanz 2024 \/ brut Vienna"}]},{"@type":"WebSite","@id":"https:\/\/www.creativeaustria.at\/#website","url":"https:\/\/www.creativeaustria.at\/","name":"CREATIVE AUSTRIA \u2013 Contemporary Culture","description":"Austrias Magazine for Contemporary Culture","potentialAction":[{"@type":"SearchAction","target":{"@type":"EntryPoint","urlTemplate":"https:\/\/www.creativeaustria.at\/?s={search_term_string}"},"query-input":{"@type":"PropertyValueSpecification","valueRequired":true,"valueName":"search_term_string"}}],"inLanguage":"en-US"},{"@type":"Person","@id":"https:\/\/www.creativeaustria.at\/#\/schema\/person\/2ef270c3dee27d6c0ec621fe9330173e","name":"CREATIVE AUSTRIA","image":{"@type":"ImageObject","inLanguage":"en-US","@id":"https:\/\/www.creativeaustria.at\/#\/schema\/person\/image\/","url":"https:\/\/secure.gravatar.com\/avatar\/684a70572f233313686e8858b8b6ca7b?s=96&d=mm&r=g","contentUrl":"https:\/\/secure.gravatar.com\/avatar\/684a70572f233313686e8858b8b6ca7b?s=96&d=mm&r=g","caption":"CREATIVE AUSTRIA"},"sameAs":["http:\/\/www.creativeaustria.at"],"url":"https:\/\/www.creativeaustria.at\/en\/author\/creative-austria-redaktion\/"}]}},"jetpack_featured_media_url":"https:\/\/www.creativeaustria.at\/wp-content\/uploads\/2024\/02\/studio-brut-Foto-c-Florian-Rainer.jpg","jetpack_sharing_enabled":true,"jetpack_shortlink":"https:\/\/wp.me\/p9E1qX-c0A","_links":{"self":[{"href":"https:\/\/www.creativeaustria.at\/en\/wp-json\/wp\/v2\/posts\/46164"}],"collection":[{"href":"https:\/\/www.creativeaustria.at\/en\/wp-json\/wp\/v2\/posts"}],"about":[{"href":"https:\/\/www.creativeaustria.at\/en\/wp-json\/wp\/v2\/types\/post"}],"author":[{"embeddable":true,"href":"https:\/\/www.creativeaustria.at\/en\/wp-json\/wp\/v2\/users\/2"}],"replies":[{"embeddable":true,"href":"https:\/\/www.creativeaustria.at\/en\/wp-json\/wp\/v2\/comments?post=46164"}],"version-history":[{"count":1,"href":"https:\/\/www.creativeaustria.at\/en\/wp-json\/wp\/v2\/posts\/46164\/revisions"}],"predecessor-version":[{"id":46165,"href":"https:\/\/www.creativeaustria.at\/en\/wp-json\/wp\/v2\/posts\/46164\/revisions\/46165"}],"wp:featuredmedia":[{"embeddable":true,"href":"https:\/\/www.creativeaustria.at\/en\/wp-json\/wp\/v2\/media\/46162"}],"wp:attachment":[{"href":"https:\/\/www.creativeaustria.at\/en\/wp-json\/wp\/v2\/media?parent=46164"}],"wp:term":[{"taxonomy":"category","embeddable":true,"href":"https:\/\/www.creativeaustria.at\/en\/wp-json\/wp\/v2\/categories?post=46164"},{"taxonomy":"post_tag","embeddable":true,"href":"https:\/\/www.creativeaustria.at\/en\/wp-json\/wp\/v2\/tags?post=46164"}],"curies":[{"name":"wp","href":"https:\/\/api.w.org\/{rel}","templated":true}]}}