{"id":46209,"date":"2024-02-15T08:05:31","date_gmt":"2024-02-15T08:05:31","guid":{"rendered":"https:\/\/www.creativeaustria.at\/?p=46209"},"modified":"2024-02-15T08:05:32","modified_gmt":"2024-02-15T08:05:32","slug":"the-beauty-of-diversity-albertina-vienna","status":"publish","type":"post","link":"https:\/\/www.creativeaustria.at\/en\/2024\/02\/15\/the-beauty-of-diversity-albertina-vienna\/","title":{"rendered":"The Beauty of Diversity \/ Albertina, Vienna"},"content":{"rendered":"\n<p><strong>16.02.2024 \u2013 18.08.2024<\/strong><\/p>\n\n\n\n<p>&#8220;The Beauty of Diversity&#8221;, curated by Angela Stief, shows the richness and diversity of the Albertina&#8217;s contemporary collections and the indispensable attention to women and LGBTQIA+ artists, people of colour, aboriginal positions and self-taught artists who stand out against the contrasting backdrop of the Old Masters.<br>Today, the art world is intensively concerned with identity-political issues relating to class, race and gender. The broad spectrum of artistic approaches, stylistic and thematic approaches is a necessary addition to the art-historical canon represented in the Albertina, from Michelangelo and Raphael to D\u00fcrer, Rembrandt and Rubens to Goya, Schiele, Picasso and Warhol.<\/p>\n\n\n\n<p>Artists: <br>Jean-Michel Basquiat, Eva Beresin, Amoako Boafo, Verena Bretschneider, Cecily Brown, Nyunmiti Burton, Miriam Cahn, Alexandre Diop, Ines Doujak, Jean Dubuffet, Stefanie Erjautz, Jad\u00e9 Fadojutimi, Gelitin\/Gelatin, A\u00efcha Khorchid, Soli Kiani, Basil Kincaid, J\u00fcrgen Klauke, Emily Kame Kngwarreye, Elena Koneff, Maria Lassnig, Daniel Lezama, Angelika Loderer, Claudia M\u00e4rzendorfer, Jonathan Meese, Sungi Mlengeya, Tracey Moffatt, Michel Nedjar, Tony Oursler, Grayson Perry, Marc Quinn, Franz Ringel, George Rouy, Iris Sageder, Cindy Sherman, Sarah Slappey, Kiki Smith, Tal R, VALIE EXPORT, Jannis Varelas, August Walla, Franz West, Kennedy Yanko<\/p>\n\n\n\n<p><strong>The Beauty of Diversity<\/strong><br>16.02.2024 \u2013 18.08.2024<br>Albertina<br>Albertinaplatz 1, 1010 Vienna<br><a href=\"http:\/\/www.albertina.at\">www.albertina.at<\/a><\/p>\n","protected":false},"excerpt":{"rendered":"<p>16.02.2024 \u2013 18.08.2024 &#8220;The Beauty of Diversity&#8221;, curated by Angela Stief, shows the richness and diversity of the Albertina&#8217;s contemporary collections and the indispensable attention to women and LGBTQIA+ artists, people of colour, aboriginal positions and self-taught artists who stand out against the contrasting backdrop of the Old Masters.Today, the art world is intensively concerned [&hellip;]<\/p>\n","protected":false},"author":2,"featured_media":46207,"comment_status":"open","ping_status":"open","sticky":false,"template":"","format":"standard","meta":{"jetpack_post_was_ever_published":false,"_jetpack_newsletter_access":"","_jetpack_dont_email_post_to_subs":false,"_jetpack_newsletter_tier_id":0,"_jetpack_memberships_contains_paywalled_content":false,"_jetpack_memberships_contains_paid_content":false,"footnotes":"","jetpack_publicize_message":"","jetpack_publicize_feature_enabled":true,"jetpack_social_post_already_shared":true,"jetpack_social_options":{"image_generator_settings":{"template":"highway","enabled":false},"version":2}},"categories":[80,301,305,77,342,226,285,79,345],"tags":[],"class_list":{"0":"post-46209","1":"post","2":"type-post","3":"status-publish","4":"format-standard","5":"has-post-thumbnail","7":"category-art-7","8":"category-art-6","9":"category-art-5","10":"category-gegenwartskultur-en","11":"category-events-5-en","12":"category-events-7-en","13":"category-events-6-en","14":"category-kreative-orte-en","15":"category-vienna"},"jetpack_publicize_connections":[],"yoast_head":"<!-- This site is optimized with the Yoast SEO plugin v23.9 - https:\/\/yoast.com\/wordpress\/plugins\/seo\/ -->\n<title>The Beauty of Diversity \/ Albertina, Vienna &#187; CREATIVE AUSTRIA \u2013 Contemporary Culture<\/title>\n<meta name=\"robots\" content=\"index, follow, max-snippet:-1, max-image-preview:large, max-video-preview:-1\" \/>\n<link rel=\"canonical\" href=\"https:\/\/www.creativeaustria.at\/en\/2024\/02\/15\/the-beauty-of-diversity-albertina-vienna\/\" \/>\n<meta property=\"og:locale\" content=\"en_US\" \/>\n<meta property=\"og:type\" content=\"article\" \/>\n<meta property=\"og:title\" content=\"The Beauty of Diversity \/ Albertina, Vienna &#187; CREATIVE AUSTRIA \u2013 Contemporary Culture\" \/>\n<meta property=\"og:description\" content=\"16.02.2024 \u2013 18.08.2024 &#8220;The Beauty of Diversity&#8221;, curated by Angela Stief, shows the richness and diversity of the Albertina&#8217;s contemporary collections and the indispensable attention to women and LGBTQIA+ artists, people of colour, aboriginal positions and self-taught artists who stand out against the contrasting backdrop of the Old Masters.Today, the art world is intensively concerned [&hellip;]\" \/>\n<meta property=\"og:url\" content=\"https:\/\/www.creativeaustria.at\/en\/2024\/02\/15\/the-beauty-of-diversity-albertina-vienna\/\" \/>\n<meta property=\"og:site_name\" content=\"CREATIVE AUSTRIA \u2013 Contemporary Culture\" \/>\n<meta property=\"article:publisher\" content=\"https:\/\/www.facebook.com\/creativeaustria\" \/>\n<meta property=\"article:published_time\" content=\"2024-02-15T08:05:31+00:00\" \/>\n<meta property=\"article:modified_time\" content=\"2024-02-15T08:05:32+00:00\" \/>\n<meta property=\"og:image\" content=\"https:\/\/www.creativeaustria.at\/wp-content\/uploads\/2024\/02\/august-walla-ewigkeitendepolizist.720x0.jpg\" \/>\n\t<meta property=\"og:image:width\" content=\"720\" \/>\n\t<meta property=\"og:image:height\" content=\"883\" \/>\n\t<meta property=\"og:image:type\" content=\"image\/jpeg\" \/>\n<meta name=\"author\" content=\"CREATIVE AUSTRIA\" \/>\n<meta name=\"twitter:card\" content=\"summary_large_image\" \/>\n<meta name=\"twitter:label1\" content=\"Written by\" \/>\n\t<meta name=\"twitter:data1\" content=\"CREATIVE AUSTRIA\" \/>\n\t<meta name=\"twitter:label2\" content=\"Est. reading time\" \/>\n\t<meta name=\"twitter:data2\" content=\"2 minutes\" \/>\n<script type=\"application\/ld+json\" class=\"yoast-schema-graph\">{\"@context\":\"https:\/\/schema.org\",\"@graph\":[{\"@type\":\"WebPage\",\"@id\":\"https:\/\/www.creativeaustria.at\/en\/2024\/02\/15\/the-beauty-of-diversity-albertina-vienna\/\",\"url\":\"https:\/\/www.creativeaustria.at\/en\/2024\/02\/15\/the-beauty-of-diversity-albertina-vienna\/\",\"name\":\"The Beauty of Diversity \/ Albertina, Vienna &#187; CREATIVE AUSTRIA \u2013 Contemporary Culture\",\"isPartOf\":{\"@id\":\"https:\/\/www.creativeaustria.at\/#website\"},\"primaryImageOfPage\":{\"@id\":\"https:\/\/www.creativeaustria.at\/en\/2024\/02\/15\/the-beauty-of-diversity-albertina-vienna\/#primaryimage\"},\"image\":{\"@id\":\"https:\/\/www.creativeaustria.at\/en\/2024\/02\/15\/the-beauty-of-diversity-albertina-vienna\/#primaryimage\"},\"thumbnailUrl\":\"https:\/\/www.creativeaustria.at\/wp-content\/uploads\/2024\/02\/august-walla-ewigkeitendepolizist.720x0.jpg\",\"datePublished\":\"2024-02-15T08:05:31+00:00\",\"dateModified\":\"2024-02-15T08:05:32+00:00\",\"author\":{\"@id\":\"https:\/\/www.creativeaustria.at\/#\/schema\/person\/2ef270c3dee27d6c0ec621fe9330173e\"},\"breadcrumb\":{\"@id\":\"https:\/\/www.creativeaustria.at\/en\/2024\/02\/15\/the-beauty-of-diversity-albertina-vienna\/#breadcrumb\"},\"inLanguage\":\"en-US\",\"potentialAction\":[{\"@type\":\"ReadAction\",\"target\":[\"https:\/\/www.creativeaustria.at\/en\/2024\/02\/15\/the-beauty-of-diversity-albertina-vienna\/\"]}]},{\"@type\":\"ImageObject\",\"inLanguage\":\"en-US\",\"@id\":\"https:\/\/www.creativeaustria.at\/en\/2024\/02\/15\/the-beauty-of-diversity-albertina-vienna\/#primaryimage\",\"url\":\"https:\/\/www.creativeaustria.at\/wp-content\/uploads\/2024\/02\/august-walla-ewigkeitendepolizist.720x0.jpg\",\"contentUrl\":\"https:\/\/www.creativeaustria.at\/wp-content\/uploads\/2024\/02\/august-walla-ewigkeitendepolizist.720x0.jpg\",\"width\":720,\"height\":883,\"caption\":\"August Walla | Ewigkeitendepolizist.!, 1988 | ALBERTINA, Wien \u2013 Familiensammlung Haselsteiner | \u00a9 ART BRUT KG\"},{\"@type\":\"BreadcrumbList\",\"@id\":\"https:\/\/www.creativeaustria.at\/en\/2024\/02\/15\/the-beauty-of-diversity-albertina-vienna\/#breadcrumb\",\"itemListElement\":[{\"@type\":\"ListItem\",\"position\":1,\"name\":\"Startseite\",\"item\":\"https:\/\/www.creativeaustria.at\/en\/\"},{\"@type\":\"ListItem\",\"position\":2,\"name\":\"The Beauty of Diversity \/ Albertina, Vienna\"}]},{\"@type\":\"WebSite\",\"@id\":\"https:\/\/www.creativeaustria.at\/#website\",\"url\":\"https:\/\/www.creativeaustria.at\/\",\"name\":\"CREATIVE AUSTRIA \u2013 Contemporary Culture\",\"description\":\"Austrias Magazine for Contemporary Culture\",\"potentialAction\":[{\"@type\":\"SearchAction\",\"target\":{\"@type\":\"EntryPoint\",\"urlTemplate\":\"https:\/\/www.creativeaustria.at\/?s={search_term_string}\"},\"query-input\":{\"@type\":\"PropertyValueSpecification\",\"valueRequired\":true,\"valueName\":\"search_term_string\"}}],\"inLanguage\":\"en-US\"},{\"@type\":\"Person\",\"@id\":\"https:\/\/www.creativeaustria.at\/#\/schema\/person\/2ef270c3dee27d6c0ec621fe9330173e\",\"name\":\"CREATIVE AUSTRIA\",\"image\":{\"@type\":\"ImageObject\",\"inLanguage\":\"en-US\",\"@id\":\"https:\/\/www.creativeaustria.at\/#\/schema\/person\/image\/\",\"url\":\"https:\/\/secure.gravatar.com\/avatar\/684a70572f233313686e8858b8b6ca7b?s=96&d=mm&r=g\",\"contentUrl\":\"https:\/\/secure.gravatar.com\/avatar\/684a70572f233313686e8858b8b6ca7b?s=96&d=mm&r=g\",\"caption\":\"CREATIVE AUSTRIA\"},\"sameAs\":[\"http:\/\/www.creativeaustria.at\"],\"url\":\"https:\/\/www.creativeaustria.at\/en\/author\/creative-austria-redaktion\/\"}]}<\/script>\n<!-- \/ Yoast SEO plugin. -->","yoast_head_json":{"title":"The Beauty of Diversity \/ Albertina, Vienna &#187; CREATIVE AUSTRIA \u2013 Contemporary Culture","robots":{"index":"index","follow":"follow","max-snippet":"max-snippet:-1","max-image-preview":"max-image-preview:large","max-video-preview":"max-video-preview:-1"},"canonical":"https:\/\/www.creativeaustria.at\/en\/2024\/02\/15\/the-beauty-of-diversity-albertina-vienna\/","og_locale":"en_US","og_type":"article","og_title":"The Beauty of Diversity \/ Albertina, Vienna &#187; CREATIVE AUSTRIA \u2013 Contemporary Culture","og_description":"16.02.2024 \u2013 18.08.2024 &#8220;The Beauty of Diversity&#8221;, curated by Angela Stief, shows the richness and diversity of the Albertina&#8217;s contemporary collections and the indispensable attention to women and LGBTQIA+ artists, people of colour, aboriginal positions and self-taught artists who stand out against the contrasting backdrop of the Old Masters.Today, the art world is intensively concerned [&hellip;]","og_url":"https:\/\/www.creativeaustria.at\/en\/2024\/02\/15\/the-beauty-of-diversity-albertina-vienna\/","og_site_name":"CREATIVE AUSTRIA \u2013 Contemporary Culture","article_publisher":"https:\/\/www.facebook.com\/creativeaustria","article_published_time":"2024-02-15T08:05:31+00:00","article_modified_time":"2024-02-15T08:05:32+00:00","og_image":[{"width":720,"height":883,"url":"https:\/\/www.creativeaustria.at\/wp-content\/uploads\/2024\/02\/august-walla-ewigkeitendepolizist.720x0.jpg","type":"image\/jpeg"}],"author":"CREATIVE AUSTRIA","twitter_card":"summary_large_image","twitter_misc":{"Written by":"CREATIVE AUSTRIA","Est. reading time":"2 minutes"},"schema":{"@context":"https:\/\/schema.org","@graph":[{"@type":"WebPage","@id":"https:\/\/www.creativeaustria.at\/en\/2024\/02\/15\/the-beauty-of-diversity-albertina-vienna\/","url":"https:\/\/www.creativeaustria.at\/en\/2024\/02\/15\/the-beauty-of-diversity-albertina-vienna\/","name":"The Beauty of Diversity \/ Albertina, Vienna &#187; CREATIVE AUSTRIA \u2013 Contemporary Culture","isPartOf":{"@id":"https:\/\/www.creativeaustria.at\/#website"},"primaryImageOfPage":{"@id":"https:\/\/www.creativeaustria.at\/en\/2024\/02\/15\/the-beauty-of-diversity-albertina-vienna\/#primaryimage"},"image":{"@id":"https:\/\/www.creativeaustria.at\/en\/2024\/02\/15\/the-beauty-of-diversity-albertina-vienna\/#primaryimage"},"thumbnailUrl":"https:\/\/www.creativeaustria.at\/wp-content\/uploads\/2024\/02\/august-walla-ewigkeitendepolizist.720x0.jpg","datePublished":"2024-02-15T08:05:31+00:00","dateModified":"2024-02-15T08:05:32+00:00","author":{"@id":"https:\/\/www.creativeaustria.at\/#\/schema\/person\/2ef270c3dee27d6c0ec621fe9330173e"},"breadcrumb":{"@id":"https:\/\/www.creativeaustria.at\/en\/2024\/02\/15\/the-beauty-of-diversity-albertina-vienna\/#breadcrumb"},"inLanguage":"en-US","potentialAction":[{"@type":"ReadAction","target":["https:\/\/www.creativeaustria.at\/en\/2024\/02\/15\/the-beauty-of-diversity-albertina-vienna\/"]}]},{"@type":"ImageObject","inLanguage":"en-US","@id":"https:\/\/www.creativeaustria.at\/en\/2024\/02\/15\/the-beauty-of-diversity-albertina-vienna\/#primaryimage","url":"https:\/\/www.creativeaustria.at\/wp-content\/uploads\/2024\/02\/august-walla-ewigkeitendepolizist.720x0.jpg","contentUrl":"https:\/\/www.creativeaustria.at\/wp-content\/uploads\/2024\/02\/august-walla-ewigkeitendepolizist.720x0.jpg","width":720,"height":883,"caption":"August Walla | Ewigkeitendepolizist.!, 1988 | ALBERTINA, Wien \u2013 Familiensammlung Haselsteiner | \u00a9 ART BRUT KG"},{"@type":"BreadcrumbList","@id":"https:\/\/www.creativeaustria.at\/en\/2024\/02\/15\/the-beauty-of-diversity-albertina-vienna\/#breadcrumb","itemListElement":[{"@type":"ListItem","position":1,"name":"Startseite","item":"https:\/\/www.creativeaustria.at\/en\/"},{"@type":"ListItem","position":2,"name":"The Beauty of Diversity \/ Albertina, Vienna"}]},{"@type":"WebSite","@id":"https:\/\/www.creativeaustria.at\/#website","url":"https:\/\/www.creativeaustria.at\/","name":"CREATIVE AUSTRIA \u2013 Contemporary Culture","description":"Austrias Magazine for Contemporary Culture","potentialAction":[{"@type":"SearchAction","target":{"@type":"EntryPoint","urlTemplate":"https:\/\/www.creativeaustria.at\/?s={search_term_string}"},"query-input":{"@type":"PropertyValueSpecification","valueRequired":true,"valueName":"search_term_string"}}],"inLanguage":"en-US"},{"@type":"Person","@id":"https:\/\/www.creativeaustria.at\/#\/schema\/person\/2ef270c3dee27d6c0ec621fe9330173e","name":"CREATIVE AUSTRIA","image":{"@type":"ImageObject","inLanguage":"en-US","@id":"https:\/\/www.creativeaustria.at\/#\/schema\/person\/image\/","url":"https:\/\/secure.gravatar.com\/avatar\/684a70572f233313686e8858b8b6ca7b?s=96&d=mm&r=g","contentUrl":"https:\/\/secure.gravatar.com\/avatar\/684a70572f233313686e8858b8b6ca7b?s=96&d=mm&r=g","caption":"CREATIVE AUSTRIA"},"sameAs":["http:\/\/www.creativeaustria.at"],"url":"https:\/\/www.creativeaustria.at\/en\/author\/creative-austria-redaktion\/"}]}},"jetpack_featured_media_url":"https:\/\/www.creativeaustria.at\/wp-content\/uploads\/2024\/02\/august-walla-ewigkeitendepolizist.720x0.jpg","jetpack_sharing_enabled":true,"jetpack_shortlink":"https:\/\/wp.me\/p9E1qX-c1j","_links":{"self":[{"href":"https:\/\/www.creativeaustria.at\/en\/wp-json\/wp\/v2\/posts\/46209"}],"collection":[{"href":"https:\/\/www.creativeaustria.at\/en\/wp-json\/wp\/v2\/posts"}],"about":[{"href":"https:\/\/www.creativeaustria.at\/en\/wp-json\/wp\/v2\/types\/post"}],"author":[{"embeddable":true,"href":"https:\/\/www.creativeaustria.at\/en\/wp-json\/wp\/v2\/users\/2"}],"replies":[{"embeddable":true,"href":"https:\/\/www.creativeaustria.at\/en\/wp-json\/wp\/v2\/comments?post=46209"}],"version-history":[{"count":1,"href":"https:\/\/www.creativeaustria.at\/en\/wp-json\/wp\/v2\/posts\/46209\/revisions"}],"predecessor-version":[{"id":46210,"href":"https:\/\/www.creativeaustria.at\/en\/wp-json\/wp\/v2\/posts\/46209\/revisions\/46210"}],"wp:featuredmedia":[{"embeddable":true,"href":"https:\/\/www.creativeaustria.at\/en\/wp-json\/wp\/v2\/media\/46207"}],"wp:attachment":[{"href":"https:\/\/www.creativeaustria.at\/en\/wp-json\/wp\/v2\/media?parent=46209"}],"wp:term":[{"taxonomy":"category","embeddable":true,"href":"https:\/\/www.creativeaustria.at\/en\/wp-json\/wp\/v2\/categories?post=46209"},{"taxonomy":"post_tag","embeddable":true,"href":"https:\/\/www.creativeaustria.at\/en\/wp-json\/wp\/v2\/tags?post=46209"}],"curies":[{"name":"wp","href":"https:\/\/api.w.org\/{rel}","templated":true}]}}