{"id":47416,"date":"2024-04-23T09:28:00","date_gmt":"2024-04-23T09:28:00","guid":{"rendered":"https:\/\/www.creativeaustria.at\/?p=47416"},"modified":"2024-04-23T07:29:15","modified_gmt":"2024-04-23T07:29:15","slug":"zensko-ime-odpora-the-female-name-of-resistance-forum-stadtpark-graz-styria","status":"publish","type":"post","link":"https:\/\/www.creativeaustria.at\/en\/2024\/04\/23\/zensko-ime-odpora-the-female-name-of-resistance-forum-stadtpark-graz-styria\/","title":{"rendered":"\u017densko ime odpora &#8211; The Female Name of Resistance \/ Forum Stadtpark, Graz, Styria"},"content":{"rendered":"\n<p><strong>24.04.2024 \u2013 08.05.2024<\/strong><\/p>\n\n\n\n<p>The exhibition &#8220;\u017densko ime odpora &#8211; The Female Name of the Resistance&#8221;, commemorates the women in the Nazi resistance. In March 1943, in the middle of the Second World War, the Slovenian Anti-Fascist Women&#8217;s Front (Antifa\u0161isti\u010dna fronta \u017eena) was formed in Eisenkappel \/ \u017delezna Kapla, also in Carinthia. On this occasion, the curators Helena Verdel, Vida Obid, Elisabeth Rausch and Elisabeth Holzinger were commissioned by the WerkStattMuseum history initiative to design an exhibition about the resistance of Carinthian Slovenian women and combined it with examples of Nazi resistance by women from all over Austria.<br>The sound work Up\/or takes historical sound recordings of the Koro\u0161ki partizanski pevski zbor (Carinthian Partisan Choir) as a starting point for a de- and recontextualisation of the political audio material.<\/p>\n\n\n\n<p><strong>\u017densko ime odpora &#8211; The Female Name of Resistance<\/strong><br>24.04.2024 \u2013 08.05.2024<br>FORUM STADTPARK<br>Stadtpark 1<br>8010 Graz<br><a href=\"http:\/\/www.forumstadtpark.at\/\">www.forumstadtpark.at<\/a><\/p>\n","protected":false},"excerpt":{"rendered":"<p>24.04.2024 \u2013 08.05.2024 The exhibition &#8220;\u017densko ime odpora &#8211; The Female Name of the Resistance&#8221;, commemorates the women in the Nazi resistance. In March 1943, in the middle of the Second World War, the Slovenian Anti-Fascist Women&#8217;s Front (Antifa\u0161isti\u010dna fronta \u017eena) was formed in Eisenkappel \/ \u017delezna Kapla, also in Carinthia. On this occasion, the [&hellip;]<\/p>\n","protected":false},"author":2,"featured_media":47415,"comment_status":"open","ping_status":"open","sticky":false,"template":"","format":"standard","meta":{"jetpack_post_was_ever_published":false,"_jetpack_newsletter_access":"","_jetpack_dont_email_post_to_subs":false,"_jetpack_newsletter_tier_id":0,"_jetpack_memberships_contains_paywalled_content":false,"_jetpack_memberships_contains_paid_content":false,"footnotes":"","jetpack_publicize_message":"","jetpack_publicize_feature_enabled":true,"jetpack_social_post_already_shared":true,"jetpack_social_options":{"image_generator_settings":{"template":"highway","enabled":false},"version":2}},"categories":[301,80,76,77,230,287,226,285,78,79,25],"tags":[],"class_list":{"0":"post-47416","1":"post","2":"type-post","3":"status-publish","4":"format-standard","5":"has-post-thumbnail","7":"category-art-6","8":"category-art-7","9":"category-art","10":"category-gegenwartskultur-en","11":"category-crossover-en","12":"category-events-en","13":"category-events-7-en","14":"category-events-6-en","15":"category-graz-en","16":"category-kreative-orte-en","17":"category-uncategorized"},"jetpack_publicize_connections":[],"yoast_head":"<!-- This site is optimized with the Yoast SEO plugin v23.9 - https:\/\/yoast.com\/wordpress\/plugins\/seo\/ -->\n<title>\u017densko ime odpora - The Female Name of Resistance \/ Forum Stadtpark, Graz, Styria &#187; CREATIVE AUSTRIA \u2013 Contemporary Culture<\/title>\n<meta name=\"robots\" content=\"index, follow, max-snippet:-1, max-image-preview:large, max-video-preview:-1\" \/>\n<link rel=\"canonical\" href=\"https:\/\/www.creativeaustria.at\/2024\/04\/23\/zensko-ime-odpora-der-weibliche-name-des-widerstands-forum-stadtpark-graz-steiermark\/\" \/>\n<meta property=\"og:locale\" content=\"en_US\" \/>\n<meta property=\"og:type\" content=\"article\" \/>\n<meta property=\"og:title\" content=\"\u017densko ime odpora - The Female Name of Resistance \/ Forum Stadtpark, Graz, Styria &#187; CREATIVE AUSTRIA \u2013 Contemporary Culture\" \/>\n<meta property=\"og:description\" content=\"24.04.2024 \u2013 08.05.2024 The exhibition &#8220;\u017densko ime odpora &#8211; The Female Name of the Resistance&#8221;, commemorates the women in the Nazi resistance. In March 1943, in the middle of the Second World War, the Slovenian Anti-Fascist Women&#8217;s Front (Antifa\u0161isti\u010dna fronta \u017eena) was formed in Eisenkappel \/ \u017delezna Kapla, also in Carinthia. On this occasion, the [&hellip;]\" \/>\n<meta property=\"og:url\" content=\"https:\/\/www.creativeaustria.at\/2024\/04\/23\/zensko-ime-odpora-der-weibliche-name-des-widerstands-forum-stadtpark-graz-steiermark\/\" \/>\n<meta property=\"og:site_name\" content=\"CREATIVE AUSTRIA \u2013 Contemporary Culture\" \/>\n<meta property=\"article:publisher\" content=\"https:\/\/www.facebook.com\/creativeaustria\" \/>\n<meta property=\"article:published_time\" content=\"2024-04-23T09:28:00+00:00\" \/>\n<meta property=\"article:modified_time\" content=\"2024-04-23T07:29:15+00:00\" \/>\n<meta property=\"og:image\" content=\"https:\/\/www.creativeaustria.at\/wp-content\/uploads\/2024\/04\/fsp-illus-web-streitumdierichtigeerinnerung-1280x-q80.jpg\" \/>\n\t<meta property=\"og:image:width\" content=\"1280\" \/>\n\t<meta property=\"og:image:height\" content=\"1050\" \/>\n\t<meta property=\"og:image:type\" content=\"image\/jpeg\" \/>\n<meta name=\"author\" content=\"CREATIVE AUSTRIA\" \/>\n<meta name=\"twitter:card\" content=\"summary_large_image\" \/>\n<meta name=\"twitter:label1\" content=\"Written by\" \/>\n\t<meta name=\"twitter:data1\" content=\"CREATIVE AUSTRIA\" \/>\n\t<meta name=\"twitter:label2\" content=\"Est. reading time\" \/>\n\t<meta name=\"twitter:data2\" content=\"1 minute\" \/>\n<script type=\"application\/ld+json\" class=\"yoast-schema-graph\">{\"@context\":\"https:\/\/schema.org\",\"@graph\":[{\"@type\":\"WebPage\",\"@id\":\"https:\/\/www.creativeaustria.at\/2024\/04\/23\/zensko-ime-odpora-der-weibliche-name-des-widerstands-forum-stadtpark-graz-steiermark\/\",\"url\":\"https:\/\/www.creativeaustria.at\/2024\/04\/23\/zensko-ime-odpora-der-weibliche-name-des-widerstands-forum-stadtpark-graz-steiermark\/\",\"name\":\"\u017densko ime odpora - The Female Name of Resistance \/ Forum Stadtpark, Graz, Styria &#187; CREATIVE AUSTRIA \u2013 Contemporary Culture\",\"isPartOf\":{\"@id\":\"https:\/\/www.creativeaustria.at\/#website\"},\"primaryImageOfPage\":{\"@id\":\"https:\/\/www.creativeaustria.at\/2024\/04\/23\/zensko-ime-odpora-der-weibliche-name-des-widerstands-forum-stadtpark-graz-steiermark\/#primaryimage\"},\"image\":{\"@id\":\"https:\/\/www.creativeaustria.at\/2024\/04\/23\/zensko-ime-odpora-der-weibliche-name-des-widerstands-forum-stadtpark-graz-steiermark\/#primaryimage\"},\"thumbnailUrl\":\"https:\/\/www.creativeaustria.at\/wp-content\/uploads\/2024\/04\/fsp-illus-web-streitumdierichtigeerinnerung-1280x-q80.jpg\",\"datePublished\":\"2024-04-23T09:28:00+00:00\",\"dateModified\":\"2024-04-23T07:29:15+00:00\",\"author\":{\"@id\":\"https:\/\/www.creativeaustria.at\/#\/schema\/person\/2ef270c3dee27d6c0ec621fe9330173e\"},\"breadcrumb\":{\"@id\":\"https:\/\/www.creativeaustria.at\/2024\/04\/23\/zensko-ime-odpora-der-weibliche-name-des-widerstands-forum-stadtpark-graz-steiermark\/#breadcrumb\"},\"inLanguage\":\"en-US\",\"potentialAction\":[{\"@type\":\"ReadAction\",\"target\":[\"https:\/\/www.creativeaustria.at\/2024\/04\/23\/zensko-ime-odpora-der-weibliche-name-des-widerstands-forum-stadtpark-graz-steiermark\/\"]}]},{\"@type\":\"ImageObject\",\"inLanguage\":\"en-US\",\"@id\":\"https:\/\/www.creativeaustria.at\/2024\/04\/23\/zensko-ime-odpora-der-weibliche-name-des-widerstands-forum-stadtpark-graz-steiermark\/#primaryimage\",\"url\":\"https:\/\/www.creativeaustria.at\/wp-content\/uploads\/2024\/04\/fsp-illus-web-streitumdierichtigeerinnerung-1280x-q80.jpg\",\"contentUrl\":\"https:\/\/www.creativeaustria.at\/wp-content\/uploads\/2024\/04\/fsp-illus-web-streitumdierichtigeerinnerung-1280x-q80.jpg\",\"width\":1280,\"height\":1050,\"caption\":\"Bild: \u00a9 Zsa Zsa\"},{\"@type\":\"BreadcrumbList\",\"@id\":\"https:\/\/www.creativeaustria.at\/2024\/04\/23\/zensko-ime-odpora-der-weibliche-name-des-widerstands-forum-stadtpark-graz-steiermark\/#breadcrumb\",\"itemListElement\":[{\"@type\":\"ListItem\",\"position\":1,\"name\":\"Startseite\",\"item\":\"https:\/\/www.creativeaustria.at\/en\/\"},{\"@type\":\"ListItem\",\"position\":2,\"name\":\"\u017densko ime odpora &#8211; The Female Name of Resistance \/ Forum Stadtpark, Graz, Styria\"}]},{\"@type\":\"WebSite\",\"@id\":\"https:\/\/www.creativeaustria.at\/#website\",\"url\":\"https:\/\/www.creativeaustria.at\/\",\"name\":\"CREATIVE AUSTRIA \u2013 Contemporary Culture\",\"description\":\"Austrias Magazine for Contemporary Culture\",\"potentialAction\":[{\"@type\":\"SearchAction\",\"target\":{\"@type\":\"EntryPoint\",\"urlTemplate\":\"https:\/\/www.creativeaustria.at\/?s={search_term_string}\"},\"query-input\":{\"@type\":\"PropertyValueSpecification\",\"valueRequired\":true,\"valueName\":\"search_term_string\"}}],\"inLanguage\":\"en-US\"},{\"@type\":\"Person\",\"@id\":\"https:\/\/www.creativeaustria.at\/#\/schema\/person\/2ef270c3dee27d6c0ec621fe9330173e\",\"name\":\"CREATIVE AUSTRIA\",\"image\":{\"@type\":\"ImageObject\",\"inLanguage\":\"en-US\",\"@id\":\"https:\/\/www.creativeaustria.at\/#\/schema\/person\/image\/\",\"url\":\"https:\/\/secure.gravatar.com\/avatar\/684a70572f233313686e8858b8b6ca7b?s=96&d=mm&r=g\",\"contentUrl\":\"https:\/\/secure.gravatar.com\/avatar\/684a70572f233313686e8858b8b6ca7b?s=96&d=mm&r=g\",\"caption\":\"CREATIVE AUSTRIA\"},\"sameAs\":[\"http:\/\/www.creativeaustria.at\"],\"url\":\"https:\/\/www.creativeaustria.at\/en\/author\/creative-austria-redaktion\/\"}]}<\/script>\n<!-- \/ Yoast SEO plugin. -->","yoast_head_json":{"title":"\u017densko ime odpora - The Female Name of Resistance \/ Forum Stadtpark, Graz, Styria &#187; CREATIVE AUSTRIA \u2013 Contemporary Culture","robots":{"index":"index","follow":"follow","max-snippet":"max-snippet:-1","max-image-preview":"max-image-preview:large","max-video-preview":"max-video-preview:-1"},"canonical":"https:\/\/www.creativeaustria.at\/2024\/04\/23\/zensko-ime-odpora-der-weibliche-name-des-widerstands-forum-stadtpark-graz-steiermark\/","og_locale":"en_US","og_type":"article","og_title":"\u017densko ime odpora - The Female Name of Resistance \/ Forum Stadtpark, Graz, Styria &#187; CREATIVE AUSTRIA \u2013 Contemporary Culture","og_description":"24.04.2024 \u2013 08.05.2024 The exhibition &#8220;\u017densko ime odpora &#8211; The Female Name of the Resistance&#8221;, commemorates the women in the Nazi resistance. In March 1943, in the middle of the Second World War, the Slovenian Anti-Fascist Women&#8217;s Front (Antifa\u0161isti\u010dna fronta \u017eena) was formed in Eisenkappel \/ \u017delezna Kapla, also in Carinthia. On this occasion, the [&hellip;]","og_url":"https:\/\/www.creativeaustria.at\/2024\/04\/23\/zensko-ime-odpora-der-weibliche-name-des-widerstands-forum-stadtpark-graz-steiermark\/","og_site_name":"CREATIVE AUSTRIA \u2013 Contemporary Culture","article_publisher":"https:\/\/www.facebook.com\/creativeaustria","article_published_time":"2024-04-23T09:28:00+00:00","article_modified_time":"2024-04-23T07:29:15+00:00","og_image":[{"width":1280,"height":1050,"url":"https:\/\/www.creativeaustria.at\/wp-content\/uploads\/2024\/04\/fsp-illus-web-streitumdierichtigeerinnerung-1280x-q80.jpg","type":"image\/jpeg"}],"author":"CREATIVE AUSTRIA","twitter_card":"summary_large_image","twitter_misc":{"Written by":"CREATIVE AUSTRIA","Est. reading time":"1 minute"},"schema":{"@context":"https:\/\/schema.org","@graph":[{"@type":"WebPage","@id":"https:\/\/www.creativeaustria.at\/2024\/04\/23\/zensko-ime-odpora-der-weibliche-name-des-widerstands-forum-stadtpark-graz-steiermark\/","url":"https:\/\/www.creativeaustria.at\/2024\/04\/23\/zensko-ime-odpora-der-weibliche-name-des-widerstands-forum-stadtpark-graz-steiermark\/","name":"\u017densko ime odpora - The Female Name of Resistance \/ Forum Stadtpark, Graz, Styria &#187; CREATIVE AUSTRIA \u2013 Contemporary Culture","isPartOf":{"@id":"https:\/\/www.creativeaustria.at\/#website"},"primaryImageOfPage":{"@id":"https:\/\/www.creativeaustria.at\/2024\/04\/23\/zensko-ime-odpora-der-weibliche-name-des-widerstands-forum-stadtpark-graz-steiermark\/#primaryimage"},"image":{"@id":"https:\/\/www.creativeaustria.at\/2024\/04\/23\/zensko-ime-odpora-der-weibliche-name-des-widerstands-forum-stadtpark-graz-steiermark\/#primaryimage"},"thumbnailUrl":"https:\/\/www.creativeaustria.at\/wp-content\/uploads\/2024\/04\/fsp-illus-web-streitumdierichtigeerinnerung-1280x-q80.jpg","datePublished":"2024-04-23T09:28:00+00:00","dateModified":"2024-04-23T07:29:15+00:00","author":{"@id":"https:\/\/www.creativeaustria.at\/#\/schema\/person\/2ef270c3dee27d6c0ec621fe9330173e"},"breadcrumb":{"@id":"https:\/\/www.creativeaustria.at\/2024\/04\/23\/zensko-ime-odpora-der-weibliche-name-des-widerstands-forum-stadtpark-graz-steiermark\/#breadcrumb"},"inLanguage":"en-US","potentialAction":[{"@type":"ReadAction","target":["https:\/\/www.creativeaustria.at\/2024\/04\/23\/zensko-ime-odpora-der-weibliche-name-des-widerstands-forum-stadtpark-graz-steiermark\/"]}]},{"@type":"ImageObject","inLanguage":"en-US","@id":"https:\/\/www.creativeaustria.at\/2024\/04\/23\/zensko-ime-odpora-der-weibliche-name-des-widerstands-forum-stadtpark-graz-steiermark\/#primaryimage","url":"https:\/\/www.creativeaustria.at\/wp-content\/uploads\/2024\/04\/fsp-illus-web-streitumdierichtigeerinnerung-1280x-q80.jpg","contentUrl":"https:\/\/www.creativeaustria.at\/wp-content\/uploads\/2024\/04\/fsp-illus-web-streitumdierichtigeerinnerung-1280x-q80.jpg","width":1280,"height":1050,"caption":"Bild: \u00a9 Zsa Zsa"},{"@type":"BreadcrumbList","@id":"https:\/\/www.creativeaustria.at\/2024\/04\/23\/zensko-ime-odpora-der-weibliche-name-des-widerstands-forum-stadtpark-graz-steiermark\/#breadcrumb","itemListElement":[{"@type":"ListItem","position":1,"name":"Startseite","item":"https:\/\/www.creativeaustria.at\/en\/"},{"@type":"ListItem","position":2,"name":"\u017densko ime odpora &#8211; The Female Name of Resistance \/ Forum Stadtpark, Graz, Styria"}]},{"@type":"WebSite","@id":"https:\/\/www.creativeaustria.at\/#website","url":"https:\/\/www.creativeaustria.at\/","name":"CREATIVE AUSTRIA \u2013 Contemporary Culture","description":"Austrias Magazine for Contemporary Culture","potentialAction":[{"@type":"SearchAction","target":{"@type":"EntryPoint","urlTemplate":"https:\/\/www.creativeaustria.at\/?s={search_term_string}"},"query-input":{"@type":"PropertyValueSpecification","valueRequired":true,"valueName":"search_term_string"}}],"inLanguage":"en-US"},{"@type":"Person","@id":"https:\/\/www.creativeaustria.at\/#\/schema\/person\/2ef270c3dee27d6c0ec621fe9330173e","name":"CREATIVE AUSTRIA","image":{"@type":"ImageObject","inLanguage":"en-US","@id":"https:\/\/www.creativeaustria.at\/#\/schema\/person\/image\/","url":"https:\/\/secure.gravatar.com\/avatar\/684a70572f233313686e8858b8b6ca7b?s=96&d=mm&r=g","contentUrl":"https:\/\/secure.gravatar.com\/avatar\/684a70572f233313686e8858b8b6ca7b?s=96&d=mm&r=g","caption":"CREATIVE AUSTRIA"},"sameAs":["http:\/\/www.creativeaustria.at"],"url":"https:\/\/www.creativeaustria.at\/en\/author\/creative-austria-redaktion\/"}]}},"jetpack_featured_media_url":"https:\/\/www.creativeaustria.at\/wp-content\/uploads\/2024\/04\/fsp-illus-web-streitumdierichtigeerinnerung-1280x-q80.jpg","jetpack_sharing_enabled":true,"jetpack_shortlink":"https:\/\/wp.me\/p9E1qX-ckM","_links":{"self":[{"href":"https:\/\/www.creativeaustria.at\/en\/wp-json\/wp\/v2\/posts\/47416"}],"collection":[{"href":"https:\/\/www.creativeaustria.at\/en\/wp-json\/wp\/v2\/posts"}],"about":[{"href":"https:\/\/www.creativeaustria.at\/en\/wp-json\/wp\/v2\/types\/post"}],"author":[{"embeddable":true,"href":"https:\/\/www.creativeaustria.at\/en\/wp-json\/wp\/v2\/users\/2"}],"replies":[{"embeddable":true,"href":"https:\/\/www.creativeaustria.at\/en\/wp-json\/wp\/v2\/comments?post=47416"}],"version-history":[{"count":1,"href":"https:\/\/www.creativeaustria.at\/en\/wp-json\/wp\/v2\/posts\/47416\/revisions"}],"predecessor-version":[{"id":47417,"href":"https:\/\/www.creativeaustria.at\/en\/wp-json\/wp\/v2\/posts\/47416\/revisions\/47417"}],"wp:featuredmedia":[{"embeddable":true,"href":"https:\/\/www.creativeaustria.at\/en\/wp-json\/wp\/v2\/media\/47415"}],"wp:attachment":[{"href":"https:\/\/www.creativeaustria.at\/en\/wp-json\/wp\/v2\/media?parent=47416"}],"wp:term":[{"taxonomy":"category","embeddable":true,"href":"https:\/\/www.creativeaustria.at\/en\/wp-json\/wp\/v2\/categories?post=47416"},{"taxonomy":"post_tag","embeddable":true,"href":"https:\/\/www.creativeaustria.at\/en\/wp-json\/wp\/v2\/tags?post=47416"}],"curies":[{"name":"wp","href":"https:\/\/api.w.org\/{rel}","templated":true}]}}