{"id":47766,"date":"2024-05-22T09:20:00","date_gmt":"2024-05-22T09:20:00","guid":{"rendered":"https:\/\/www.creativeaustria.at\/?p=47766"},"modified":"2024-05-22T07:35:32","modified_gmt":"2024-05-22T07:35:32","slug":"kultursommer-wien-2024-various-locations-vienna","status":"publish","type":"post","link":"https:\/\/www.creativeaustria.at\/en\/2024\/05\/22\/kultursommer-wien-2024-various-locations-vienna\/","title":{"rendered":"Kultursommer Wien 2024 \/ various locations, Vienna"},"content":{"rendered":"\n<p><strong>27.06.2024 \u2013 11.08.2024<\/strong><\/p>\n\n\n\n<p>From pop, rap, rock and hip-hop to soul, indie and classical concerts, from dance, theatre and performance to cabaret, comedy and improv theatre &#8211; whether contemporary circus, puppet theatre, experimental music or Austropop &#8211; everyone will find their favourite cultural programme at the Kultursommer.<br>The Vienna Summer of Culture 2024 programme is a showcase for the city&#8217;s art and culture scene. The programme focuses on home, feminism and the wider world.<br>Tom Neuwirth &#8211; also known to many as the former Conchita Wurst &#8211; sings about growing up in the countryside, traditions and being different in his new programme with Martin Zerza.<br>Under the title &#8220;Heimat bist du rechter S\u00f6hne&#8221;, for example, there are deep insights into Austria&#8217;s right-wing extremist networks. Under the direction of Felix Hafner, the collective packs journalistic knowledge into an entertaining theatre form.<br>This summer there are nine stages in nine different neighbourhoods: Wasserturm Favoriten (10th district), Hyblerpark (11th district), Wilhelmsdorfer Park (12th district), Reithofferpark (15th district), W\u00e4hringer Park (18th district), Mortarapark (20th district), Gro\u00dffeldsiedlung (21st district), Schr\u00f6dingerplatz (22nd district) and Meischlgasse ASK Erlaa (23rd district).<\/p>\n\n\n\n<p><strong>Kultursommer Wien 2024<\/strong><br>27.06.2024 \u2013 11.08.2024<br>various locations, Vienna<br><a href=\"http:\/\/www.kultursommer.wien\/\">www.kultursommer.wien<\/a><\/p>\n","protected":false},"excerpt":{"rendered":"<p>27.06.2024 \u2013 11.08.2024 From pop, rap, rock and hip-hop to soul, indie and classical concerts, from dance, theatre and performance to cabaret, comedy and improv theatre &#8211; whether contemporary circus, puppet theatre, experimental music or Austropop &#8211; everyone will find their favourite cultural programme at the Kultursommer.The Vienna Summer of Culture 2024 programme is a [&hellip;]<\/p>\n","protected":false},"author":2,"featured_media":47765,"comment_status":"open","ping_status":"open","sticky":false,"template":"","format":"standard","meta":{"jetpack_post_was_ever_published":false,"_jetpack_newsletter_access":"","_jetpack_dont_email_post_to_subs":false,"_jetpack_newsletter_tier_id":0,"_jetpack_memberships_contains_paywalled_content":false,"_jetpack_memberships_contains_paid_content":false,"footnotes":"","jetpack_publicize_message":"","jetpack_publicize_feature_enabled":true,"jetpack_social_post_already_shared":true,"jetpack_social_options":{"image_generator_settings":{"template":"highway","enabled":false},"version":2}},"categories":[80,301,305,77,282,230,342,226,285,231,234,229,79,25,345],"tags":[],"class_list":{"0":"post-47766","1":"post","2":"type-post","3":"status-publish","4":"format-standard","5":"has-post-thumbnail","7":"category-art-7","8":"category-art-6","9":"category-art-5","10":"category-gegenwartskultur-en","11":"category-creative-regions-en","12":"category-crossover-en","13":"category-events-5-en","14":"category-events-7-en","15":"category-events-6-en","16":"category-festivals-en","17":"category-music","18":"category-on-stage","19":"category-kreative-orte-en","20":"category-uncategorized","21":"category-vienna"},"jetpack_publicize_connections":[],"yoast_head":"<!-- This site is optimized with the Yoast SEO plugin v23.9 - https:\/\/yoast.com\/wordpress\/plugins\/seo\/ -->\n<title>Kultursommer Wien 2024 \/ various locations, Vienna &#187; CREATIVE AUSTRIA \u2013 Contemporary Culture<\/title>\n<meta name=\"robots\" content=\"index, follow, max-snippet:-1, max-image-preview:large, max-video-preview:-1\" \/>\n<link rel=\"canonical\" href=\"https:\/\/www.creativeaustria.at\/2024\/05\/22\/kultursommer-wien-2024-various-locations-wien\/\" \/>\n<meta property=\"og:locale\" content=\"en_US\" \/>\n<meta property=\"og:type\" content=\"article\" \/>\n<meta property=\"og:title\" content=\"Kultursommer Wien 2024 \/ various locations, Vienna &#187; CREATIVE AUSTRIA \u2013 Contemporary Culture\" \/>\n<meta property=\"og:description\" content=\"27.06.2024 \u2013 11.08.2024 From pop, rap, rock and hip-hop to soul, indie and classical concerts, from dance, theatre and performance to cabaret, comedy and improv theatre &#8211; whether contemporary circus, puppet theatre, experimental music or Austropop &#8211; everyone will find their favourite cultural programme at the Kultursommer.The Vienna Summer of Culture 2024 programme is a [&hellip;]\" \/>\n<meta property=\"og:url\" content=\"https:\/\/www.creativeaustria.at\/2024\/05\/22\/kultursommer-wien-2024-various-locations-wien\/\" \/>\n<meta property=\"og:site_name\" content=\"CREATIVE AUSTRIA \u2013 Contemporary Culture\" \/>\n<meta property=\"article:publisher\" content=\"https:\/\/www.facebook.com\/creativeaustria\" \/>\n<meta property=\"article:published_time\" content=\"2024-05-22T09:20:00+00:00\" \/>\n<meta property=\"article:modified_time\" content=\"2024-05-22T07:35:32+00:00\" \/>\n<meta property=\"og:image\" content=\"https:\/\/www.creativeaustria.at\/wp-content\/uploads\/2024\/05\/Kultursommer_Wien_20230630_Praterpicknick\u00a9judith_stehlik_70.jpg\" \/>\n\t<meta property=\"og:image:width\" content=\"1280\" \/>\n\t<meta property=\"og:image:height\" content=\"854\" \/>\n\t<meta property=\"og:image:type\" content=\"image\/jpeg\" \/>\n<meta name=\"author\" content=\"CREATIVE AUSTRIA\" \/>\n<meta name=\"twitter:card\" content=\"summary_large_image\" \/>\n<meta name=\"twitter:label1\" content=\"Written by\" \/>\n\t<meta name=\"twitter:data1\" content=\"CREATIVE AUSTRIA\" \/>\n\t<meta name=\"twitter:label2\" content=\"Est. reading time\" \/>\n\t<meta name=\"twitter:data2\" content=\"2 minutes\" \/>\n<script type=\"application\/ld+json\" class=\"yoast-schema-graph\">{\"@context\":\"https:\/\/schema.org\",\"@graph\":[{\"@type\":\"WebPage\",\"@id\":\"https:\/\/www.creativeaustria.at\/2024\/05\/22\/kultursommer-wien-2024-various-locations-wien\/\",\"url\":\"https:\/\/www.creativeaustria.at\/2024\/05\/22\/kultursommer-wien-2024-various-locations-wien\/\",\"name\":\"Kultursommer Wien 2024 \/ various locations, Vienna &#187; CREATIVE AUSTRIA \u2013 Contemporary Culture\",\"isPartOf\":{\"@id\":\"https:\/\/www.creativeaustria.at\/#website\"},\"primaryImageOfPage\":{\"@id\":\"https:\/\/www.creativeaustria.at\/2024\/05\/22\/kultursommer-wien-2024-various-locations-wien\/#primaryimage\"},\"image\":{\"@id\":\"https:\/\/www.creativeaustria.at\/2024\/05\/22\/kultursommer-wien-2024-various-locations-wien\/#primaryimage\"},\"thumbnailUrl\":\"https:\/\/www.creativeaustria.at\/wp-content\/uploads\/2024\/05\/Kultursommer_Wien_20230630_Praterpicknick\u00a9judith_stehlik_70.jpg\",\"datePublished\":\"2024-05-22T09:20:00+00:00\",\"dateModified\":\"2024-05-22T07:35:32+00:00\",\"author\":{\"@id\":\"https:\/\/www.creativeaustria.at\/#\/schema\/person\/2ef270c3dee27d6c0ec621fe9330173e\"},\"breadcrumb\":{\"@id\":\"https:\/\/www.creativeaustria.at\/2024\/05\/22\/kultursommer-wien-2024-various-locations-wien\/#breadcrumb\"},\"inLanguage\":\"en-US\",\"potentialAction\":[{\"@type\":\"ReadAction\",\"target\":[\"https:\/\/www.creativeaustria.at\/2024\/05\/22\/kultursommer-wien-2024-various-locations-wien\/\"]}]},{\"@type\":\"ImageObject\",\"inLanguage\":\"en-US\",\"@id\":\"https:\/\/www.creativeaustria.at\/2024\/05\/22\/kultursommer-wien-2024-various-locations-wien\/#primaryimage\",\"url\":\"https:\/\/www.creativeaustria.at\/wp-content\/uploads\/2024\/05\/Kultursommer_Wien_20230630_Praterpicknick\u00a9judith_stehlik_70.jpg\",\"contentUrl\":\"https:\/\/www.creativeaustria.at\/wp-content\/uploads\/2024\/05\/Kultursommer_Wien_20230630_Praterpicknick\u00a9judith_stehlik_70.jpg\",\"width\":1280,\"height\":854,\"caption\":\"Kultursommer Wien, Praterpicknick \u00a9 Judith Stehlik\"},{\"@type\":\"BreadcrumbList\",\"@id\":\"https:\/\/www.creativeaustria.at\/2024\/05\/22\/kultursommer-wien-2024-various-locations-wien\/#breadcrumb\",\"itemListElement\":[{\"@type\":\"ListItem\",\"position\":1,\"name\":\"Startseite\",\"item\":\"https:\/\/www.creativeaustria.at\/en\/\"},{\"@type\":\"ListItem\",\"position\":2,\"name\":\"Kultursommer Wien 2024 \/ various locations, Vienna\"}]},{\"@type\":\"WebSite\",\"@id\":\"https:\/\/www.creativeaustria.at\/#website\",\"url\":\"https:\/\/www.creativeaustria.at\/\",\"name\":\"CREATIVE AUSTRIA \u2013 Contemporary Culture\",\"description\":\"Austrias Magazine for Contemporary Culture\",\"potentialAction\":[{\"@type\":\"SearchAction\",\"target\":{\"@type\":\"EntryPoint\",\"urlTemplate\":\"https:\/\/www.creativeaustria.at\/?s={search_term_string}\"},\"query-input\":{\"@type\":\"PropertyValueSpecification\",\"valueRequired\":true,\"valueName\":\"search_term_string\"}}],\"inLanguage\":\"en-US\"},{\"@type\":\"Person\",\"@id\":\"https:\/\/www.creativeaustria.at\/#\/schema\/person\/2ef270c3dee27d6c0ec621fe9330173e\",\"name\":\"CREATIVE AUSTRIA\",\"image\":{\"@type\":\"ImageObject\",\"inLanguage\":\"en-US\",\"@id\":\"https:\/\/www.creativeaustria.at\/#\/schema\/person\/image\/\",\"url\":\"https:\/\/secure.gravatar.com\/avatar\/684a70572f233313686e8858b8b6ca7b?s=96&d=mm&r=g\",\"contentUrl\":\"https:\/\/secure.gravatar.com\/avatar\/684a70572f233313686e8858b8b6ca7b?s=96&d=mm&r=g\",\"caption\":\"CREATIVE AUSTRIA\"},\"sameAs\":[\"http:\/\/www.creativeaustria.at\"],\"url\":\"https:\/\/www.creativeaustria.at\/en\/author\/creative-austria-redaktion\/\"}]}<\/script>\n<!-- \/ Yoast SEO plugin. -->","yoast_head_json":{"title":"Kultursommer Wien 2024 \/ various locations, Vienna &#187; CREATIVE AUSTRIA \u2013 Contemporary Culture","robots":{"index":"index","follow":"follow","max-snippet":"max-snippet:-1","max-image-preview":"max-image-preview:large","max-video-preview":"max-video-preview:-1"},"canonical":"https:\/\/www.creativeaustria.at\/2024\/05\/22\/kultursommer-wien-2024-various-locations-wien\/","og_locale":"en_US","og_type":"article","og_title":"Kultursommer Wien 2024 \/ various locations, Vienna &#187; CREATIVE AUSTRIA \u2013 Contemporary Culture","og_description":"27.06.2024 \u2013 11.08.2024 From pop, rap, rock and hip-hop to soul, indie and classical concerts, from dance, theatre and performance to cabaret, comedy and improv theatre &#8211; whether contemporary circus, puppet theatre, experimental music or Austropop &#8211; everyone will find their favourite cultural programme at the Kultursommer.The Vienna Summer of Culture 2024 programme is a [&hellip;]","og_url":"https:\/\/www.creativeaustria.at\/2024\/05\/22\/kultursommer-wien-2024-various-locations-wien\/","og_site_name":"CREATIVE AUSTRIA \u2013 Contemporary Culture","article_publisher":"https:\/\/www.facebook.com\/creativeaustria","article_published_time":"2024-05-22T09:20:00+00:00","article_modified_time":"2024-05-22T07:35:32+00:00","og_image":[{"width":1280,"height":854,"url":"https:\/\/www.creativeaustria.at\/wp-content\/uploads\/2024\/05\/Kultursommer_Wien_20230630_Praterpicknick\u00a9judith_stehlik_70.jpg","type":"image\/jpeg"}],"author":"CREATIVE AUSTRIA","twitter_card":"summary_large_image","twitter_misc":{"Written by":"CREATIVE AUSTRIA","Est. reading time":"2 minutes"},"schema":{"@context":"https:\/\/schema.org","@graph":[{"@type":"WebPage","@id":"https:\/\/www.creativeaustria.at\/2024\/05\/22\/kultursommer-wien-2024-various-locations-wien\/","url":"https:\/\/www.creativeaustria.at\/2024\/05\/22\/kultursommer-wien-2024-various-locations-wien\/","name":"Kultursommer Wien 2024 \/ various locations, Vienna &#187; CREATIVE AUSTRIA \u2013 Contemporary Culture","isPartOf":{"@id":"https:\/\/www.creativeaustria.at\/#website"},"primaryImageOfPage":{"@id":"https:\/\/www.creativeaustria.at\/2024\/05\/22\/kultursommer-wien-2024-various-locations-wien\/#primaryimage"},"image":{"@id":"https:\/\/www.creativeaustria.at\/2024\/05\/22\/kultursommer-wien-2024-various-locations-wien\/#primaryimage"},"thumbnailUrl":"https:\/\/www.creativeaustria.at\/wp-content\/uploads\/2024\/05\/Kultursommer_Wien_20230630_Praterpicknick\u00a9judith_stehlik_70.jpg","datePublished":"2024-05-22T09:20:00+00:00","dateModified":"2024-05-22T07:35:32+00:00","author":{"@id":"https:\/\/www.creativeaustria.at\/#\/schema\/person\/2ef270c3dee27d6c0ec621fe9330173e"},"breadcrumb":{"@id":"https:\/\/www.creativeaustria.at\/2024\/05\/22\/kultursommer-wien-2024-various-locations-wien\/#breadcrumb"},"inLanguage":"en-US","potentialAction":[{"@type":"ReadAction","target":["https:\/\/www.creativeaustria.at\/2024\/05\/22\/kultursommer-wien-2024-various-locations-wien\/"]}]},{"@type":"ImageObject","inLanguage":"en-US","@id":"https:\/\/www.creativeaustria.at\/2024\/05\/22\/kultursommer-wien-2024-various-locations-wien\/#primaryimage","url":"https:\/\/www.creativeaustria.at\/wp-content\/uploads\/2024\/05\/Kultursommer_Wien_20230630_Praterpicknick\u00a9judith_stehlik_70.jpg","contentUrl":"https:\/\/www.creativeaustria.at\/wp-content\/uploads\/2024\/05\/Kultursommer_Wien_20230630_Praterpicknick\u00a9judith_stehlik_70.jpg","width":1280,"height":854,"caption":"Kultursommer Wien, Praterpicknick \u00a9 Judith Stehlik"},{"@type":"BreadcrumbList","@id":"https:\/\/www.creativeaustria.at\/2024\/05\/22\/kultursommer-wien-2024-various-locations-wien\/#breadcrumb","itemListElement":[{"@type":"ListItem","position":1,"name":"Startseite","item":"https:\/\/www.creativeaustria.at\/en\/"},{"@type":"ListItem","position":2,"name":"Kultursommer Wien 2024 \/ various locations, Vienna"}]},{"@type":"WebSite","@id":"https:\/\/www.creativeaustria.at\/#website","url":"https:\/\/www.creativeaustria.at\/","name":"CREATIVE AUSTRIA \u2013 Contemporary Culture","description":"Austrias Magazine for Contemporary Culture","potentialAction":[{"@type":"SearchAction","target":{"@type":"EntryPoint","urlTemplate":"https:\/\/www.creativeaustria.at\/?s={search_term_string}"},"query-input":{"@type":"PropertyValueSpecification","valueRequired":true,"valueName":"search_term_string"}}],"inLanguage":"en-US"},{"@type":"Person","@id":"https:\/\/www.creativeaustria.at\/#\/schema\/person\/2ef270c3dee27d6c0ec621fe9330173e","name":"CREATIVE AUSTRIA","image":{"@type":"ImageObject","inLanguage":"en-US","@id":"https:\/\/www.creativeaustria.at\/#\/schema\/person\/image\/","url":"https:\/\/secure.gravatar.com\/avatar\/684a70572f233313686e8858b8b6ca7b?s=96&d=mm&r=g","contentUrl":"https:\/\/secure.gravatar.com\/avatar\/684a70572f233313686e8858b8b6ca7b?s=96&d=mm&r=g","caption":"CREATIVE AUSTRIA"},"sameAs":["http:\/\/www.creativeaustria.at"],"url":"https:\/\/www.creativeaustria.at\/en\/author\/creative-austria-redaktion\/"}]}},"jetpack_featured_media_url":"https:\/\/www.creativeaustria.at\/wp-content\/uploads\/2024\/05\/Kultursommer_Wien_20230630_Praterpicknick\u00a9judith_stehlik_70.jpg","jetpack_sharing_enabled":true,"jetpack_shortlink":"https:\/\/wp.me\/p9E1qX-cqq","_links":{"self":[{"href":"https:\/\/www.creativeaustria.at\/en\/wp-json\/wp\/v2\/posts\/47766"}],"collection":[{"href":"https:\/\/www.creativeaustria.at\/en\/wp-json\/wp\/v2\/posts"}],"about":[{"href":"https:\/\/www.creativeaustria.at\/en\/wp-json\/wp\/v2\/types\/post"}],"author":[{"embeddable":true,"href":"https:\/\/www.creativeaustria.at\/en\/wp-json\/wp\/v2\/users\/2"}],"replies":[{"embeddable":true,"href":"https:\/\/www.creativeaustria.at\/en\/wp-json\/wp\/v2\/comments?post=47766"}],"version-history":[{"count":1,"href":"https:\/\/www.creativeaustria.at\/en\/wp-json\/wp\/v2\/posts\/47766\/revisions"}],"predecessor-version":[{"id":47767,"href":"https:\/\/www.creativeaustria.at\/en\/wp-json\/wp\/v2\/posts\/47766\/revisions\/47767"}],"wp:featuredmedia":[{"embeddable":true,"href":"https:\/\/www.creativeaustria.at\/en\/wp-json\/wp\/v2\/media\/47765"}],"wp:attachment":[{"href":"https:\/\/www.creativeaustria.at\/en\/wp-json\/wp\/v2\/media?parent=47766"}],"wp:term":[{"taxonomy":"category","embeddable":true,"href":"https:\/\/www.creativeaustria.at\/en\/wp-json\/wp\/v2\/categories?post=47766"},{"taxonomy":"post_tag","embeddable":true,"href":"https:\/\/www.creativeaustria.at\/en\/wp-json\/wp\/v2\/tags?post=47766"}],"curies":[{"name":"wp","href":"https:\/\/api.w.org\/{rel}","templated":true}]}}