{"id":47773,"date":"2024-05-23T07:21:16","date_gmt":"2024-05-23T07:21:16","guid":{"rendered":"https:\/\/www.creativeaustria.at\/?p=47773"},"modified":"2024-05-23T07:21:17","modified_gmt":"2024-05-23T07:21:17","slug":"wunderkammer-kunstlerhaus-vienna","status":"publish","type":"post","link":"https:\/\/www.creativeaustria.at\/en\/2024\/05\/23\/wunderkammer-kunstlerhaus-vienna\/","title":{"rendered":"Wunderkammer \/ K\u00fcnstlerhaus Vienna"},"content":{"rendered":"\n<p><strong>28.06.2024 \u2013 13.10.2024<\/strong><\/p>\n\n\n\n<p>The 2024 members&#8217; exhibition is inspired by historical chambers of art and wonders and explores the question of what still amazes us today.<br>Contemporary art in particular is often criticised for being aloof, elitist and incomprehensible; however, art has never been as diverse in its media, themes and forms of expression as it is in our multimedia present. The exhibition curated by G\u00fcnther Oberhollenzer is an appealing opportunity to take a particularly broad and in-depth look at the diversity of artistic expression.<br>The chambers of art and curiosities of the late Middle Ages and the Renaissance were encyclopaedic universal collections of princes and wealthy citizens who sought to capture all the knowledge of their time. However, the intention was also to document the diversity of nature and our world. Above all, the unique and rare, the extraordinary and outstanding, but also the rare, strange and curious were considered worth showing. The aim was to evoke a sense of wonder in the viewer. Just like in the exhibition at the K\u00fcnstlerhaus.<br>ARTISTS: Fritz Bergler, Michaela Bruckm\u00fcller, Ma\u0142gorzata Bujnicka, Theres Cassini, Daniela Brill Estrada, Mela Diamant, Karin Frank, Sonia Gansterer, Anne Glassner, Grey Time (Jeremias Altmann und Andreas Tanzer), Uta Heinecke, Jochen H\u00f6ller, Irene Hopfgartner, Luisa H\u00fcbner, Alexandra Kontriner, Annamaria Kowalsky, Martin Krammer, Georg Lebzelter, Henriette Leinfellner, Larissa Leverenz, Franziska Maderthaner, Sissa Micheli, Oleg &amp; Ludmilla, Darina Peeva, Karin Maria Pfeifer, Viktoria Popova, Helmut Pokornig, Johannes Rass, Adele Razk\u00f6vi, Petra Richar, Rosa Roedelius, Ramona Schnekenburger, Ellie Schnitzer, Marielis Seyler, Jing Song, Maria Temnitschka, Isolde Tomann, Linde Waber, Mario Wesecky<\/p>\n\n\n\n<p><strong>Wunderkammer<\/strong><br>28.06.2024 \u2013 13.10.2024<br>K\u00fcnstlerhaus Vienna<br>Karlsplatz 5<br>1010 Vienna<br><a href=\"http:\/\/www.kuenstlerhaus.at\/\">www.kuenstlerhaus.at<\/a><\/p>\n","protected":false},"excerpt":{"rendered":"<p>28.06.2024 \u2013 13.10.2024 The 2024 members&#8217; exhibition is inspired by historical chambers of art and wonders and explores the question of what still amazes us today.Contemporary art in particular is often criticised for being aloof, elitist and incomprehensible; however, art has never been as diverse in its media, themes and forms of expression as it [&hellip;]<\/p>\n","protected":false},"author":2,"featured_media":47772,"comment_status":"open","ping_status":"open","sticky":false,"template":"","format":"standard","meta":{"jetpack_post_was_ever_published":false,"_jetpack_newsletter_access":"","_jetpack_dont_email_post_to_subs":false,"_jetpack_newsletter_tier_id":0,"_jetpack_memberships_contains_paywalled_content":false,"_jetpack_memberships_contains_paid_content":false,"footnotes":"","jetpack_publicize_message":"","jetpack_publicize_feature_enabled":true,"jetpack_social_post_already_shared":true,"jetpack_social_options":{"image_generator_settings":{"template":"highway","enabled":false},"version":2}},"categories":[301,305,80,77,285,342,226,352,79,25,345],"tags":[],"class_list":{"0":"post-47773","1":"post","2":"type-post","3":"status-publish","4":"format-standard","5":"has-post-thumbnail","7":"category-art-6","8":"category-art-5","9":"category-art-7","10":"category-gegenwartskultur-en","11":"category-events-6-en","12":"category-events-5-en","13":"category-events-7-en","14":"category-media-art-visuals-graphics","15":"category-kreative-orte-en","16":"category-uncategorized","17":"category-vienna"},"jetpack_publicize_connections":[],"yoast_head":"<!-- This site is optimized with the Yoast SEO plugin v23.9 - https:\/\/yoast.com\/wordpress\/plugins\/seo\/ -->\n<title>Wunderkammer \/ K\u00fcnstlerhaus Vienna &#187; CREATIVE AUSTRIA \u2013 Contemporary Culture<\/title>\n<meta name=\"robots\" content=\"index, follow, max-snippet:-1, max-image-preview:large, max-video-preview:-1\" \/>\n<link rel=\"canonical\" href=\"https:\/\/www.creativeaustria.at\/en\/2024\/05\/23\/wunderkammer-kunstlerhaus-vienna\/\" \/>\n<meta property=\"og:locale\" content=\"en_US\" \/>\n<meta property=\"og:type\" content=\"article\" \/>\n<meta property=\"og:title\" content=\"Wunderkammer \/ K\u00fcnstlerhaus Vienna &#187; CREATIVE AUSTRIA \u2013 Contemporary Culture\" \/>\n<meta property=\"og:description\" content=\"28.06.2024 \u2013 13.10.2024 The 2024 members&#8217; exhibition is inspired by historical chambers of art and wonders and explores the question of what still amazes us today.Contemporary art in particular is often criticised for being aloof, elitist and incomprehensible; however, art has never been as diverse in its media, themes and forms of expression as it [&hellip;]\" \/>\n<meta property=\"og:url\" content=\"https:\/\/www.creativeaustria.at\/en\/2024\/05\/23\/wunderkammer-kunstlerhaus-vienna\/\" \/>\n<meta property=\"og:site_name\" content=\"CREATIVE AUSTRIA \u2013 Contemporary Culture\" \/>\n<meta property=\"article:publisher\" content=\"https:\/\/www.facebook.com\/creativeaustria\" \/>\n<meta property=\"article:published_time\" content=\"2024-05-23T07:21:16+00:00\" \/>\n<meta property=\"article:modified_time\" content=\"2024-05-23T07:21:17+00:00\" \/>\n<meta property=\"og:image\" content=\"https:\/\/www.creativeaustria.at\/wp-content\/uploads\/2024\/05\/Rass-Johannes.jpg\" \/>\n\t<meta property=\"og:image:width\" content=\"1000\" \/>\n\t<meta property=\"og:image:height\" content=\"1250\" \/>\n\t<meta property=\"og:image:type\" content=\"image\/jpeg\" \/>\n<meta name=\"author\" content=\"CREATIVE AUSTRIA\" \/>\n<meta name=\"twitter:card\" content=\"summary_large_image\" \/>\n<meta name=\"twitter:label1\" content=\"Written by\" \/>\n\t<meta name=\"twitter:data1\" content=\"CREATIVE AUSTRIA\" \/>\n\t<meta name=\"twitter:label2\" content=\"Est. reading time\" \/>\n\t<meta name=\"twitter:data2\" content=\"2 minutes\" \/>\n<script type=\"application\/ld+json\" class=\"yoast-schema-graph\">{\"@context\":\"https:\/\/schema.org\",\"@graph\":[{\"@type\":\"WebPage\",\"@id\":\"https:\/\/www.creativeaustria.at\/en\/2024\/05\/23\/wunderkammer-kunstlerhaus-vienna\/\",\"url\":\"https:\/\/www.creativeaustria.at\/en\/2024\/05\/23\/wunderkammer-kunstlerhaus-vienna\/\",\"name\":\"Wunderkammer \/ K\u00fcnstlerhaus Vienna &#187; CREATIVE AUSTRIA \u2013 Contemporary Culture\",\"isPartOf\":{\"@id\":\"https:\/\/www.creativeaustria.at\/#website\"},\"primaryImageOfPage\":{\"@id\":\"https:\/\/www.creativeaustria.at\/en\/2024\/05\/23\/wunderkammer-kunstlerhaus-vienna\/#primaryimage\"},\"image\":{\"@id\":\"https:\/\/www.creativeaustria.at\/en\/2024\/05\/23\/wunderkammer-kunstlerhaus-vienna\/#primaryimage\"},\"thumbnailUrl\":\"https:\/\/www.creativeaustria.at\/wp-content\/uploads\/2024\/05\/Rass-Johannes.jpg\",\"datePublished\":\"2024-05-23T07:21:16+00:00\",\"dateModified\":\"2024-05-23T07:21:17+00:00\",\"author\":{\"@id\":\"https:\/\/www.creativeaustria.at\/#\/schema\/person\/2ef270c3dee27d6c0ec621fe9330173e\"},\"breadcrumb\":{\"@id\":\"https:\/\/www.creativeaustria.at\/en\/2024\/05\/23\/wunderkammer-kunstlerhaus-vienna\/#breadcrumb\"},\"inLanguage\":\"en-US\",\"potentialAction\":[{\"@type\":\"ReadAction\",\"target\":[\"https:\/\/www.creativeaustria.at\/en\/2024\/05\/23\/wunderkammer-kunstlerhaus-vienna\/\"]}]},{\"@type\":\"ImageObject\",\"inLanguage\":\"en-US\",\"@id\":\"https:\/\/www.creativeaustria.at\/en\/2024\/05\/23\/wunderkammer-kunstlerhaus-vienna\/#primaryimage\",\"url\":\"https:\/\/www.creativeaustria.at\/wp-content\/uploads\/2024\/05\/Rass-Johannes.jpg\",\"contentUrl\":\"https:\/\/www.creativeaustria.at\/wp-content\/uploads\/2024\/05\/Rass-Johannes.jpg\",\"width\":1000,\"height\":1250,\"caption\":\"Johannes Rass, Animal on Stage \/ Cervus Elaphus, 2023 Mixed Media, Performance, Fotografie, 200 x 180 cm (Detail) Foto \u00a9 Roland Zygmunt\"},{\"@type\":\"BreadcrumbList\",\"@id\":\"https:\/\/www.creativeaustria.at\/en\/2024\/05\/23\/wunderkammer-kunstlerhaus-vienna\/#breadcrumb\",\"itemListElement\":[{\"@type\":\"ListItem\",\"position\":1,\"name\":\"Startseite\",\"item\":\"https:\/\/www.creativeaustria.at\/en\/\"},{\"@type\":\"ListItem\",\"position\":2,\"name\":\"Wunderkammer \/ K\u00fcnstlerhaus Vienna\"}]},{\"@type\":\"WebSite\",\"@id\":\"https:\/\/www.creativeaustria.at\/#website\",\"url\":\"https:\/\/www.creativeaustria.at\/\",\"name\":\"CREATIVE AUSTRIA \u2013 Contemporary Culture\",\"description\":\"Austrias Magazine for Contemporary Culture\",\"potentialAction\":[{\"@type\":\"SearchAction\",\"target\":{\"@type\":\"EntryPoint\",\"urlTemplate\":\"https:\/\/www.creativeaustria.at\/?s={search_term_string}\"},\"query-input\":{\"@type\":\"PropertyValueSpecification\",\"valueRequired\":true,\"valueName\":\"search_term_string\"}}],\"inLanguage\":\"en-US\"},{\"@type\":\"Person\",\"@id\":\"https:\/\/www.creativeaustria.at\/#\/schema\/person\/2ef270c3dee27d6c0ec621fe9330173e\",\"name\":\"CREATIVE AUSTRIA\",\"image\":{\"@type\":\"ImageObject\",\"inLanguage\":\"en-US\",\"@id\":\"https:\/\/www.creativeaustria.at\/#\/schema\/person\/image\/\",\"url\":\"https:\/\/secure.gravatar.com\/avatar\/684a70572f233313686e8858b8b6ca7b?s=96&d=mm&r=g\",\"contentUrl\":\"https:\/\/secure.gravatar.com\/avatar\/684a70572f233313686e8858b8b6ca7b?s=96&d=mm&r=g\",\"caption\":\"CREATIVE AUSTRIA\"},\"sameAs\":[\"http:\/\/www.creativeaustria.at\"],\"url\":\"https:\/\/www.creativeaustria.at\/en\/author\/creative-austria-redaktion\/\"}]}<\/script>\n<!-- \/ Yoast SEO plugin. -->","yoast_head_json":{"title":"Wunderkammer \/ K\u00fcnstlerhaus Vienna &#187; CREATIVE AUSTRIA \u2013 Contemporary Culture","robots":{"index":"index","follow":"follow","max-snippet":"max-snippet:-1","max-image-preview":"max-image-preview:large","max-video-preview":"max-video-preview:-1"},"canonical":"https:\/\/www.creativeaustria.at\/en\/2024\/05\/23\/wunderkammer-kunstlerhaus-vienna\/","og_locale":"en_US","og_type":"article","og_title":"Wunderkammer \/ K\u00fcnstlerhaus Vienna &#187; CREATIVE AUSTRIA \u2013 Contemporary Culture","og_description":"28.06.2024 \u2013 13.10.2024 The 2024 members&#8217; exhibition is inspired by historical chambers of art and wonders and explores the question of what still amazes us today.Contemporary art in particular is often criticised for being aloof, elitist and incomprehensible; however, art has never been as diverse in its media, themes and forms of expression as it [&hellip;]","og_url":"https:\/\/www.creativeaustria.at\/en\/2024\/05\/23\/wunderkammer-kunstlerhaus-vienna\/","og_site_name":"CREATIVE AUSTRIA \u2013 Contemporary Culture","article_publisher":"https:\/\/www.facebook.com\/creativeaustria","article_published_time":"2024-05-23T07:21:16+00:00","article_modified_time":"2024-05-23T07:21:17+00:00","og_image":[{"width":1000,"height":1250,"url":"https:\/\/www.creativeaustria.at\/wp-content\/uploads\/2024\/05\/Rass-Johannes.jpg","type":"image\/jpeg"}],"author":"CREATIVE AUSTRIA","twitter_card":"summary_large_image","twitter_misc":{"Written by":"CREATIVE AUSTRIA","Est. reading time":"2 minutes"},"schema":{"@context":"https:\/\/schema.org","@graph":[{"@type":"WebPage","@id":"https:\/\/www.creativeaustria.at\/en\/2024\/05\/23\/wunderkammer-kunstlerhaus-vienna\/","url":"https:\/\/www.creativeaustria.at\/en\/2024\/05\/23\/wunderkammer-kunstlerhaus-vienna\/","name":"Wunderkammer \/ K\u00fcnstlerhaus Vienna &#187; CREATIVE AUSTRIA \u2013 Contemporary Culture","isPartOf":{"@id":"https:\/\/www.creativeaustria.at\/#website"},"primaryImageOfPage":{"@id":"https:\/\/www.creativeaustria.at\/en\/2024\/05\/23\/wunderkammer-kunstlerhaus-vienna\/#primaryimage"},"image":{"@id":"https:\/\/www.creativeaustria.at\/en\/2024\/05\/23\/wunderkammer-kunstlerhaus-vienna\/#primaryimage"},"thumbnailUrl":"https:\/\/www.creativeaustria.at\/wp-content\/uploads\/2024\/05\/Rass-Johannes.jpg","datePublished":"2024-05-23T07:21:16+00:00","dateModified":"2024-05-23T07:21:17+00:00","author":{"@id":"https:\/\/www.creativeaustria.at\/#\/schema\/person\/2ef270c3dee27d6c0ec621fe9330173e"},"breadcrumb":{"@id":"https:\/\/www.creativeaustria.at\/en\/2024\/05\/23\/wunderkammer-kunstlerhaus-vienna\/#breadcrumb"},"inLanguage":"en-US","potentialAction":[{"@type":"ReadAction","target":["https:\/\/www.creativeaustria.at\/en\/2024\/05\/23\/wunderkammer-kunstlerhaus-vienna\/"]}]},{"@type":"ImageObject","inLanguage":"en-US","@id":"https:\/\/www.creativeaustria.at\/en\/2024\/05\/23\/wunderkammer-kunstlerhaus-vienna\/#primaryimage","url":"https:\/\/www.creativeaustria.at\/wp-content\/uploads\/2024\/05\/Rass-Johannes.jpg","contentUrl":"https:\/\/www.creativeaustria.at\/wp-content\/uploads\/2024\/05\/Rass-Johannes.jpg","width":1000,"height":1250,"caption":"Johannes Rass, Animal on Stage \/ Cervus Elaphus, 2023 Mixed Media, Performance, Fotografie, 200 x 180 cm (Detail) Foto \u00a9 Roland Zygmunt"},{"@type":"BreadcrumbList","@id":"https:\/\/www.creativeaustria.at\/en\/2024\/05\/23\/wunderkammer-kunstlerhaus-vienna\/#breadcrumb","itemListElement":[{"@type":"ListItem","position":1,"name":"Startseite","item":"https:\/\/www.creativeaustria.at\/en\/"},{"@type":"ListItem","position":2,"name":"Wunderkammer \/ K\u00fcnstlerhaus Vienna"}]},{"@type":"WebSite","@id":"https:\/\/www.creativeaustria.at\/#website","url":"https:\/\/www.creativeaustria.at\/","name":"CREATIVE AUSTRIA \u2013 Contemporary Culture","description":"Austrias Magazine for Contemporary Culture","potentialAction":[{"@type":"SearchAction","target":{"@type":"EntryPoint","urlTemplate":"https:\/\/www.creativeaustria.at\/?s={search_term_string}"},"query-input":{"@type":"PropertyValueSpecification","valueRequired":true,"valueName":"search_term_string"}}],"inLanguage":"en-US"},{"@type":"Person","@id":"https:\/\/www.creativeaustria.at\/#\/schema\/person\/2ef270c3dee27d6c0ec621fe9330173e","name":"CREATIVE AUSTRIA","image":{"@type":"ImageObject","inLanguage":"en-US","@id":"https:\/\/www.creativeaustria.at\/#\/schema\/person\/image\/","url":"https:\/\/secure.gravatar.com\/avatar\/684a70572f233313686e8858b8b6ca7b?s=96&d=mm&r=g","contentUrl":"https:\/\/secure.gravatar.com\/avatar\/684a70572f233313686e8858b8b6ca7b?s=96&d=mm&r=g","caption":"CREATIVE AUSTRIA"},"sameAs":["http:\/\/www.creativeaustria.at"],"url":"https:\/\/www.creativeaustria.at\/en\/author\/creative-austria-redaktion\/"}]}},"jetpack_featured_media_url":"https:\/\/www.creativeaustria.at\/wp-content\/uploads\/2024\/05\/Rass-Johannes.jpg","jetpack_sharing_enabled":true,"jetpack_shortlink":"https:\/\/wp.me\/p9E1qX-cqx","_links":{"self":[{"href":"https:\/\/www.creativeaustria.at\/en\/wp-json\/wp\/v2\/posts\/47773"}],"collection":[{"href":"https:\/\/www.creativeaustria.at\/en\/wp-json\/wp\/v2\/posts"}],"about":[{"href":"https:\/\/www.creativeaustria.at\/en\/wp-json\/wp\/v2\/types\/post"}],"author":[{"embeddable":true,"href":"https:\/\/www.creativeaustria.at\/en\/wp-json\/wp\/v2\/users\/2"}],"replies":[{"embeddable":true,"href":"https:\/\/www.creativeaustria.at\/en\/wp-json\/wp\/v2\/comments?post=47773"}],"version-history":[{"count":1,"href":"https:\/\/www.creativeaustria.at\/en\/wp-json\/wp\/v2\/posts\/47773\/revisions"}],"predecessor-version":[{"id":47774,"href":"https:\/\/www.creativeaustria.at\/en\/wp-json\/wp\/v2\/posts\/47773\/revisions\/47774"}],"wp:featuredmedia":[{"embeddable":true,"href":"https:\/\/www.creativeaustria.at\/en\/wp-json\/wp\/v2\/media\/47772"}],"wp:attachment":[{"href":"https:\/\/www.creativeaustria.at\/en\/wp-json\/wp\/v2\/media?parent=47773"}],"wp:term":[{"taxonomy":"category","embeddable":true,"href":"https:\/\/www.creativeaustria.at\/en\/wp-json\/wp\/v2\/categories?post=47773"},{"taxonomy":"post_tag","embeddable":true,"href":"https:\/\/www.creativeaustria.at\/en\/wp-json\/wp\/v2\/tags?post=47773"}],"curies":[{"name":"wp","href":"https:\/\/api.w.org\/{rel}","templated":true}]}}