{"id":48750,"date":"2024-08-13T08:09:00","date_gmt":"2024-08-13T08:09:00","guid":{"rendered":"https:\/\/www.creativeaustria.at\/?p=48750"},"modified":"2024-08-13T07:23:42","modified_gmt":"2024-08-13T07:23:42","slug":"therese-eisenmann-iceland-the-wild-chaotic-and-unpredictable-francisco-carolinum-linz","status":"publish","type":"post","link":"https:\/\/www.creativeaustria.at\/en\/2024\/08\/13\/therese-eisenmann-iceland-the-wild-chaotic-and-unpredictable-francisco-carolinum-linz\/","title":{"rendered":"THERESE EISENMANN &#8211; ICELAND: The Wild, Chaotic and Unpredictable \/ Francisco Carolinum Linz"},"content":{"rendered":"\n<p><strong>30.08.2024 \u2013 12.01.2025<\/strong><\/p>\n\n\n\n<p>The exhibition shows the unique landscape and culture of Iceland through the eyes of renowned artist Therese Eisenmann. From 27 June to 27 October 2021, she spent an artist-in-residence stay in a studio at the NES Artist Residency in Skagastr\u00f6nd and in a small house on the outskirts of \u00cdsafj\u00f6r\u00f0ur in the Westfjords of Iceland, which resulted in an intensive artistic exploration of the island in the North Atlantic. For four months, she worked as an artist in residence in Iceland, fulfilling a lifelong dream and receiving significant financial support from O\u00d6 Landes-Kultur GmbH. The drawings and diary entries she made in Iceland, as well as the steel engravings and reworkings subsequently produced in her studio in the M\u00fchlviertel, reflect her impressions and fascinating experiences of and in Iceland.<\/p>\n\n\n\n<p><strong>THERESE EISENMANN &#8211; ICELAND: The Wild, Chaotic and Unpredictable<\/strong><br>30.08.2024 \u2013 12.01.2025<br>Francisco Carolinum Linz<br>Museumsstra\u00dfe 14<br>4020 Linz<br><a href=\"http:\/\/www.ooekultur.at\/\">www.ooekultur.at<\/a><\/p>\n","protected":false},"excerpt":{"rendered":"<p>30.08.2024 \u2013 12.01.2025 The exhibition shows the unique landscape and culture of Iceland through the eyes of renowned artist Therese Eisenmann. From 27 June to 27 October 2021, she spent an artist-in-residence stay in a studio at the NES Artist Residency in Skagastr\u00f6nd and in a small house on the outskirts of \u00cdsafj\u00f6r\u00f0ur in the [&hellip;]<\/p>\n","protected":false},"author":2,"featured_media":48749,"comment_status":"open","ping_status":"open","sticky":false,"template":"","format":"standard","meta":{"jetpack_post_was_ever_published":false,"_jetpack_newsletter_access":"","_jetpack_dont_email_post_to_subs":false,"_jetpack_newsletter_tier_id":0,"_jetpack_memberships_contains_paywalled_content":false,"_jetpack_memberships_contains_paid_content":false,"footnotes":"","jetpack_publicize_message":"","jetpack_publicize_feature_enabled":true,"jetpack_social_post_already_shared":true,"jetpack_social_options":{"image_generator_settings":{"template":"highway","enabled":false},"version":2}},"categories":[301,302,80,77,285,339,226,344,352,79,25],"tags":[],"class_list":{"0":"post-48750","1":"post","2":"type-post","3":"status-publish","4":"format-standard","5":"has-post-thumbnail","7":"category-art-6","8":"category-art-2","9":"category-art-7","10":"category-gegenwartskultur-en","11":"category-events-6-en","12":"category-events-2-en","13":"category-events-7-en","14":"category-linz-en","15":"category-media-art-visuals-graphics","16":"category-kreative-orte-en","17":"category-uncategorized"},"jetpack_publicize_connections":[],"yoast_head":"<!-- This site is optimized with the Yoast SEO plugin v23.9 - https:\/\/yoast.com\/wordpress\/plugins\/seo\/ -->\n<title>THERESE EISENMANN - ICELAND: The Wild, Chaotic and Unpredictable \/ Francisco Carolinum Linz &#187; CREATIVE AUSTRIA \u2013 Contemporary Culture<\/title>\n<meta name=\"robots\" content=\"index, follow, max-snippet:-1, max-image-preview:large, max-video-preview:-1\" \/>\n<link rel=\"canonical\" href=\"https:\/\/www.creativeaustria.at\/2024\/08\/13\/therese-eisenmann-island-das-wilde-chaotische-und-unberechenbare-francisco-carolinum-linz\/\" \/>\n<meta property=\"og:locale\" content=\"en_US\" \/>\n<meta property=\"og:type\" content=\"article\" \/>\n<meta property=\"og:title\" content=\"THERESE EISENMANN - ICELAND: The Wild, Chaotic and Unpredictable \/ Francisco Carolinum Linz &#187; CREATIVE AUSTRIA \u2013 Contemporary Culture\" \/>\n<meta property=\"og:description\" content=\"30.08.2024 \u2013 12.01.2025 The exhibition shows the unique landscape and culture of Iceland through the eyes of renowned artist Therese Eisenmann. From 27 June to 27 October 2021, she spent an artist-in-residence stay in a studio at the NES Artist Residency in Skagastr\u00f6nd and in a small house on the outskirts of \u00cdsafj\u00f6r\u00f0ur in the [&hellip;]\" \/>\n<meta property=\"og:url\" content=\"https:\/\/www.creativeaustria.at\/2024\/08\/13\/therese-eisenmann-island-das-wilde-chaotische-und-unberechenbare-francisco-carolinum-linz\/\" \/>\n<meta property=\"og:site_name\" content=\"CREATIVE AUSTRIA \u2013 Contemporary Culture\" \/>\n<meta property=\"article:publisher\" content=\"https:\/\/www.facebook.com\/creativeaustria\" \/>\n<meta property=\"article:published_time\" content=\"2024-08-13T08:09:00+00:00\" \/>\n<meta property=\"article:modified_time\" content=\"2024-08-13T07:23:42+00:00\" \/>\n<meta property=\"og:image\" content=\"https:\/\/www.creativeaustria.at\/wp-content\/uploads\/2024\/08\/Therese-Eisenmann-scaled.jpg\" \/>\n\t<meta property=\"og:image:width\" content=\"2094\" \/>\n\t<meta property=\"og:image:height\" content=\"2560\" \/>\n\t<meta property=\"og:image:type\" content=\"image\/jpeg\" \/>\n<meta name=\"author\" content=\"CREATIVE AUSTRIA\" \/>\n<meta name=\"twitter:card\" content=\"summary_large_image\" \/>\n<meta name=\"twitter:label1\" content=\"Written by\" \/>\n\t<meta name=\"twitter:data1\" content=\"CREATIVE AUSTRIA\" \/>\n\t<meta name=\"twitter:label2\" content=\"Est. reading time\" \/>\n\t<meta name=\"twitter:data2\" content=\"1 minute\" \/>\n<script type=\"application\/ld+json\" class=\"yoast-schema-graph\">{\"@context\":\"https:\/\/schema.org\",\"@graph\":[{\"@type\":\"WebPage\",\"@id\":\"https:\/\/www.creativeaustria.at\/2024\/08\/13\/therese-eisenmann-island-das-wilde-chaotische-und-unberechenbare-francisco-carolinum-linz\/\",\"url\":\"https:\/\/www.creativeaustria.at\/2024\/08\/13\/therese-eisenmann-island-das-wilde-chaotische-und-unberechenbare-francisco-carolinum-linz\/\",\"name\":\"THERESE EISENMANN - ICELAND: The Wild, Chaotic and Unpredictable \/ Francisco Carolinum Linz &#187; CREATIVE AUSTRIA \u2013 Contemporary Culture\",\"isPartOf\":{\"@id\":\"https:\/\/www.creativeaustria.at\/#website\"},\"primaryImageOfPage\":{\"@id\":\"https:\/\/www.creativeaustria.at\/2024\/08\/13\/therese-eisenmann-island-das-wilde-chaotische-und-unberechenbare-francisco-carolinum-linz\/#primaryimage\"},\"image\":{\"@id\":\"https:\/\/www.creativeaustria.at\/2024\/08\/13\/therese-eisenmann-island-das-wilde-chaotische-und-unberechenbare-francisco-carolinum-linz\/#primaryimage\"},\"thumbnailUrl\":\"https:\/\/www.creativeaustria.at\/wp-content\/uploads\/2024\/08\/Therese-Eisenmann-scaled.jpg\",\"datePublished\":\"2024-08-13T08:09:00+00:00\",\"dateModified\":\"2024-08-13T07:23:42+00:00\",\"author\":{\"@id\":\"https:\/\/www.creativeaustria.at\/#\/schema\/person\/2ef270c3dee27d6c0ec621fe9330173e\"},\"breadcrumb\":{\"@id\":\"https:\/\/www.creativeaustria.at\/2024\/08\/13\/therese-eisenmann-island-das-wilde-chaotische-und-unberechenbare-francisco-carolinum-linz\/#breadcrumb\"},\"inLanguage\":\"en-US\",\"potentialAction\":[{\"@type\":\"ReadAction\",\"target\":[\"https:\/\/www.creativeaustria.at\/2024\/08\/13\/therese-eisenmann-island-das-wilde-chaotische-und-unberechenbare-francisco-carolinum-linz\/\"]}]},{\"@type\":\"ImageObject\",\"inLanguage\":\"en-US\",\"@id\":\"https:\/\/www.creativeaustria.at\/2024\/08\/13\/therese-eisenmann-island-das-wilde-chaotische-und-unberechenbare-francisco-carolinum-linz\/#primaryimage\",\"url\":\"https:\/\/www.creativeaustria.at\/wp-content\/uploads\/2024\/08\/Therese-Eisenmann-scaled.jpg\",\"contentUrl\":\"https:\/\/www.creativeaustria.at\/wp-content\/uploads\/2024\/08\/Therese-Eisenmann-scaled.jpg\",\"width\":2094,\"height\":2560,\"caption\":\"Therese Eisenmann, WAVES, UNDESIRED, 2023, 93x75 \u00a9 Therese Eisenmann\"},{\"@type\":\"BreadcrumbList\",\"@id\":\"https:\/\/www.creativeaustria.at\/2024\/08\/13\/therese-eisenmann-island-das-wilde-chaotische-und-unberechenbare-francisco-carolinum-linz\/#breadcrumb\",\"itemListElement\":[{\"@type\":\"ListItem\",\"position\":1,\"name\":\"Startseite\",\"item\":\"https:\/\/www.creativeaustria.at\/en\/\"},{\"@type\":\"ListItem\",\"position\":2,\"name\":\"THERESE EISENMANN &#8211; ICELAND: The Wild, Chaotic and Unpredictable \/ Francisco Carolinum Linz\"}]},{\"@type\":\"WebSite\",\"@id\":\"https:\/\/www.creativeaustria.at\/#website\",\"url\":\"https:\/\/www.creativeaustria.at\/\",\"name\":\"CREATIVE AUSTRIA \u2013 Contemporary Culture\",\"description\":\"Austrias Magazine for Contemporary Culture\",\"potentialAction\":[{\"@type\":\"SearchAction\",\"target\":{\"@type\":\"EntryPoint\",\"urlTemplate\":\"https:\/\/www.creativeaustria.at\/?s={search_term_string}\"},\"query-input\":{\"@type\":\"PropertyValueSpecification\",\"valueRequired\":true,\"valueName\":\"search_term_string\"}}],\"inLanguage\":\"en-US\"},{\"@type\":\"Person\",\"@id\":\"https:\/\/www.creativeaustria.at\/#\/schema\/person\/2ef270c3dee27d6c0ec621fe9330173e\",\"name\":\"CREATIVE AUSTRIA\",\"image\":{\"@type\":\"ImageObject\",\"inLanguage\":\"en-US\",\"@id\":\"https:\/\/www.creativeaustria.at\/#\/schema\/person\/image\/\",\"url\":\"https:\/\/secure.gravatar.com\/avatar\/684a70572f233313686e8858b8b6ca7b?s=96&d=mm&r=g\",\"contentUrl\":\"https:\/\/secure.gravatar.com\/avatar\/684a70572f233313686e8858b8b6ca7b?s=96&d=mm&r=g\",\"caption\":\"CREATIVE AUSTRIA\"},\"sameAs\":[\"http:\/\/www.creativeaustria.at\"],\"url\":\"https:\/\/www.creativeaustria.at\/en\/author\/creative-austria-redaktion\/\"}]}<\/script>\n<!-- \/ Yoast SEO plugin. -->","yoast_head_json":{"title":"THERESE EISENMANN - ICELAND: The Wild, Chaotic and Unpredictable \/ Francisco Carolinum Linz &#187; CREATIVE AUSTRIA \u2013 Contemporary Culture","robots":{"index":"index","follow":"follow","max-snippet":"max-snippet:-1","max-image-preview":"max-image-preview:large","max-video-preview":"max-video-preview:-1"},"canonical":"https:\/\/www.creativeaustria.at\/2024\/08\/13\/therese-eisenmann-island-das-wilde-chaotische-und-unberechenbare-francisco-carolinum-linz\/","og_locale":"en_US","og_type":"article","og_title":"THERESE EISENMANN - ICELAND: The Wild, Chaotic and Unpredictable \/ Francisco Carolinum Linz &#187; CREATIVE AUSTRIA \u2013 Contemporary Culture","og_description":"30.08.2024 \u2013 12.01.2025 The exhibition shows the unique landscape and culture of Iceland through the eyes of renowned artist Therese Eisenmann. From 27 June to 27 October 2021, she spent an artist-in-residence stay in a studio at the NES Artist Residency in Skagastr\u00f6nd and in a small house on the outskirts of \u00cdsafj\u00f6r\u00f0ur in the [&hellip;]","og_url":"https:\/\/www.creativeaustria.at\/2024\/08\/13\/therese-eisenmann-island-das-wilde-chaotische-und-unberechenbare-francisco-carolinum-linz\/","og_site_name":"CREATIVE AUSTRIA \u2013 Contemporary Culture","article_publisher":"https:\/\/www.facebook.com\/creativeaustria","article_published_time":"2024-08-13T08:09:00+00:00","article_modified_time":"2024-08-13T07:23:42+00:00","og_image":[{"width":2094,"height":2560,"url":"https:\/\/www.creativeaustria.at\/wp-content\/uploads\/2024\/08\/Therese-Eisenmann-scaled.jpg","type":"image\/jpeg"}],"author":"CREATIVE AUSTRIA","twitter_card":"summary_large_image","twitter_misc":{"Written by":"CREATIVE AUSTRIA","Est. reading time":"1 minute"},"schema":{"@context":"https:\/\/schema.org","@graph":[{"@type":"WebPage","@id":"https:\/\/www.creativeaustria.at\/2024\/08\/13\/therese-eisenmann-island-das-wilde-chaotische-und-unberechenbare-francisco-carolinum-linz\/","url":"https:\/\/www.creativeaustria.at\/2024\/08\/13\/therese-eisenmann-island-das-wilde-chaotische-und-unberechenbare-francisco-carolinum-linz\/","name":"THERESE EISENMANN - ICELAND: The Wild, Chaotic and Unpredictable \/ Francisco Carolinum Linz &#187; CREATIVE AUSTRIA \u2013 Contemporary Culture","isPartOf":{"@id":"https:\/\/www.creativeaustria.at\/#website"},"primaryImageOfPage":{"@id":"https:\/\/www.creativeaustria.at\/2024\/08\/13\/therese-eisenmann-island-das-wilde-chaotische-und-unberechenbare-francisco-carolinum-linz\/#primaryimage"},"image":{"@id":"https:\/\/www.creativeaustria.at\/2024\/08\/13\/therese-eisenmann-island-das-wilde-chaotische-und-unberechenbare-francisco-carolinum-linz\/#primaryimage"},"thumbnailUrl":"https:\/\/www.creativeaustria.at\/wp-content\/uploads\/2024\/08\/Therese-Eisenmann-scaled.jpg","datePublished":"2024-08-13T08:09:00+00:00","dateModified":"2024-08-13T07:23:42+00:00","author":{"@id":"https:\/\/www.creativeaustria.at\/#\/schema\/person\/2ef270c3dee27d6c0ec621fe9330173e"},"breadcrumb":{"@id":"https:\/\/www.creativeaustria.at\/2024\/08\/13\/therese-eisenmann-island-das-wilde-chaotische-und-unberechenbare-francisco-carolinum-linz\/#breadcrumb"},"inLanguage":"en-US","potentialAction":[{"@type":"ReadAction","target":["https:\/\/www.creativeaustria.at\/2024\/08\/13\/therese-eisenmann-island-das-wilde-chaotische-und-unberechenbare-francisco-carolinum-linz\/"]}]},{"@type":"ImageObject","inLanguage":"en-US","@id":"https:\/\/www.creativeaustria.at\/2024\/08\/13\/therese-eisenmann-island-das-wilde-chaotische-und-unberechenbare-francisco-carolinum-linz\/#primaryimage","url":"https:\/\/www.creativeaustria.at\/wp-content\/uploads\/2024\/08\/Therese-Eisenmann-scaled.jpg","contentUrl":"https:\/\/www.creativeaustria.at\/wp-content\/uploads\/2024\/08\/Therese-Eisenmann-scaled.jpg","width":2094,"height":2560,"caption":"Therese Eisenmann, WAVES, UNDESIRED, 2023, 93x75 \u00a9 Therese Eisenmann"},{"@type":"BreadcrumbList","@id":"https:\/\/www.creativeaustria.at\/2024\/08\/13\/therese-eisenmann-island-das-wilde-chaotische-und-unberechenbare-francisco-carolinum-linz\/#breadcrumb","itemListElement":[{"@type":"ListItem","position":1,"name":"Startseite","item":"https:\/\/www.creativeaustria.at\/en\/"},{"@type":"ListItem","position":2,"name":"THERESE EISENMANN &#8211; ICELAND: The Wild, Chaotic and Unpredictable \/ Francisco Carolinum Linz"}]},{"@type":"WebSite","@id":"https:\/\/www.creativeaustria.at\/#website","url":"https:\/\/www.creativeaustria.at\/","name":"CREATIVE AUSTRIA \u2013 Contemporary Culture","description":"Austrias Magazine for Contemporary Culture","potentialAction":[{"@type":"SearchAction","target":{"@type":"EntryPoint","urlTemplate":"https:\/\/www.creativeaustria.at\/?s={search_term_string}"},"query-input":{"@type":"PropertyValueSpecification","valueRequired":true,"valueName":"search_term_string"}}],"inLanguage":"en-US"},{"@type":"Person","@id":"https:\/\/www.creativeaustria.at\/#\/schema\/person\/2ef270c3dee27d6c0ec621fe9330173e","name":"CREATIVE AUSTRIA","image":{"@type":"ImageObject","inLanguage":"en-US","@id":"https:\/\/www.creativeaustria.at\/#\/schema\/person\/image\/","url":"https:\/\/secure.gravatar.com\/avatar\/684a70572f233313686e8858b8b6ca7b?s=96&d=mm&r=g","contentUrl":"https:\/\/secure.gravatar.com\/avatar\/684a70572f233313686e8858b8b6ca7b?s=96&d=mm&r=g","caption":"CREATIVE AUSTRIA"},"sameAs":["http:\/\/www.creativeaustria.at"],"url":"https:\/\/www.creativeaustria.at\/en\/author\/creative-austria-redaktion\/"}]}},"jetpack_featured_media_url":"https:\/\/www.creativeaustria.at\/wp-content\/uploads\/2024\/08\/Therese-Eisenmann-scaled.jpg","jetpack_sharing_enabled":true,"jetpack_shortlink":"https:\/\/wp.me\/p9E1qX-cGi","_links":{"self":[{"href":"https:\/\/www.creativeaustria.at\/en\/wp-json\/wp\/v2\/posts\/48750"}],"collection":[{"href":"https:\/\/www.creativeaustria.at\/en\/wp-json\/wp\/v2\/posts"}],"about":[{"href":"https:\/\/www.creativeaustria.at\/en\/wp-json\/wp\/v2\/types\/post"}],"author":[{"embeddable":true,"href":"https:\/\/www.creativeaustria.at\/en\/wp-json\/wp\/v2\/users\/2"}],"replies":[{"embeddable":true,"href":"https:\/\/www.creativeaustria.at\/en\/wp-json\/wp\/v2\/comments?post=48750"}],"version-history":[{"count":1,"href":"https:\/\/www.creativeaustria.at\/en\/wp-json\/wp\/v2\/posts\/48750\/revisions"}],"predecessor-version":[{"id":48751,"href":"https:\/\/www.creativeaustria.at\/en\/wp-json\/wp\/v2\/posts\/48750\/revisions\/48751"}],"wp:featuredmedia":[{"embeddable":true,"href":"https:\/\/www.creativeaustria.at\/en\/wp-json\/wp\/v2\/media\/48749"}],"wp:attachment":[{"href":"https:\/\/www.creativeaustria.at\/en\/wp-json\/wp\/v2\/media?parent=48750"}],"wp:term":[{"taxonomy":"category","embeddable":true,"href":"https:\/\/www.creativeaustria.at\/en\/wp-json\/wp\/v2\/categories?post=48750"},{"taxonomy":"post_tag","embeddable":true,"href":"https:\/\/www.creativeaustria.at\/en\/wp-json\/wp\/v2\/tags?post=48750"}],"curies":[{"name":"wp","href":"https:\/\/api.w.org\/{rel}","templated":true}]}}