{"id":49093,"date":"2024-09-09T10:02:00","date_gmt":"2024-09-09T10:02:00","guid":{"rendered":"https:\/\/www.creativeaustria.at\/?p=49093"},"modified":"2024-09-09T09:27:52","modified_gmt":"2024-09-09T09:27:52","slug":"maine-ma-duc-tomorrow-i-leave-burg-kino-vienna","status":"publish","type":"post","link":"https:\/\/www.creativeaustria.at\/en\/2024\/09\/09\/maine-ma-duc-tomorrow-i-leave-burg-kino-vienna\/","title":{"rendered":"M\u00e2ine M\u0103 Duc \u2013 Tomorrow I Leave \/ Burg Kino, Vienna"},"content":{"rendered":"\n<p><strong>13.09.2024 \u2013 20.10.2024<\/strong><\/p>\n\n\n\n<p>M\u00e2ine M\u0103 Duc &#8211; Tomorrow I Leave &#8211; directed by Lukas Sch\u00f6ffel and Maria Lisa Pichler &#8211; is a sensitive portrait of a woman who constantly has to leave someone behind, as Maria is a 24-hour carer. Every four weeks, Maria leaves her village in Romania and travels over a thousand kilometres to care for strangers in Austria. But her own elderly parents have to cope alone in the meantime. Her husband Daniel still has the memories of his own years of labouring abroad in his bones. He has now taken over the household. Meanwhile, her sons dream of a completely different future. After four weeks in Austria, Maria returns &#8211; she can&#8217;t stay. One day, she wants to use the money she earned abroad to open a small bed and breakfast so that she no longer has to travel. M\u00e2ine M\u0103 Duc &#8211; Tomorrow I Leave is a film about the wishes and dreams of those who leave and those who stay behind. It is a dilemma between social advancement and family cohesion in a Europe torn apart, a film about a Romanian family in which someone is always missing. What do you put up with for a good life? The film will be shown alternately with English and German subtitles.<\/p>\n\n\n\n<p><strong>M\u00e2ine M\u0103 Duc \u2013 Tomorrow I Leave<\/strong><br>13.09.2024 \u2013 20.10.2024<br>Burg Kino<br>Opernring 19<br>1010 Vienna<br><a href=\"http:\/\/www.burgkino.at\/\">www.burgkino.at<\/a><\/p>\n","protected":false},"excerpt":{"rendered":"<p>13.09.2024 \u2013 20.10.2024 M\u00e2ine M\u0103 Duc &#8211; Tomorrow I Leave &#8211; directed by Lukas Sch\u00f6ffel and Maria Lisa Pichler &#8211; is a sensitive portrait of a woman who constantly has to leave someone behind, as Maria is a 24-hour carer. Every four weeks, Maria leaves her village in Romania and travels over a thousand kilometres [&hellip;]<\/p>\n","protected":false},"author":2,"featured_media":49092,"comment_status":"open","ping_status":"open","sticky":false,"template":"","format":"standard","meta":{"jetpack_post_was_ever_published":false,"_jetpack_newsletter_access":"","_jetpack_dont_email_post_to_subs":false,"_jetpack_newsletter_tier_id":0,"_jetpack_memberships_contains_paywalled_content":false,"_jetpack_memberships_contains_paid_content":false,"footnotes":"","jetpack_publicize_message":"","jetpack_publicize_feature_enabled":true,"jetpack_social_post_already_shared":true,"jetpack_social_options":{"image_generator_settings":{"template":"highway","enabled":false},"version":2}},"categories":[77,198,285,342,226,232,358,79,25,345],"tags":[],"class_list":{"0":"post-49093","1":"post","2":"type-post","3":"status-publish","4":"format-standard","5":"has-post-thumbnail","7":"category-gegenwartskultur-en","8":"category-creative-industries-en","9":"category-events-6-en","10":"category-events-5-en","11":"category-events-7-en","12":"category-film-en","13":"category-film-industry","14":"category-kreative-orte-en","15":"category-uncategorized","16":"category-vienna"},"jetpack_publicize_connections":[],"yoast_head":"<!-- This site is optimized with the Yoast SEO plugin v23.9 - https:\/\/yoast.com\/wordpress\/plugins\/seo\/ -->\n<title>M\u00e2ine M\u0103 Duc \u2013 Tomorrow I Leave \/ Burg Kino, Vienna &#187; CREATIVE AUSTRIA \u2013 Contemporary Culture<\/title>\n<meta name=\"robots\" content=\"index, follow, max-snippet:-1, max-image-preview:large, max-video-preview:-1\" \/>\n<link rel=\"canonical\" href=\"https:\/\/www.creativeaustria.at\/2024\/09\/09\/maine-ma-duc-tomorrow-i-leave-burg-kino-wien\/\" \/>\n<meta property=\"og:locale\" content=\"en_US\" \/>\n<meta property=\"og:type\" content=\"article\" \/>\n<meta property=\"og:title\" content=\"M\u00e2ine M\u0103 Duc \u2013 Tomorrow I Leave \/ Burg Kino, Vienna &#187; CREATIVE AUSTRIA \u2013 Contemporary Culture\" \/>\n<meta property=\"og:description\" content=\"13.09.2024 \u2013 20.10.2024 M\u00e2ine M\u0103 Duc &#8211; Tomorrow I Leave &#8211; directed by Lukas Sch\u00f6ffel and Maria Lisa Pichler &#8211; is a sensitive portrait of a woman who constantly has to leave someone behind, as Maria is a 24-hour carer. Every four weeks, Maria leaves her village in Romania and travels over a thousand kilometres [&hellip;]\" \/>\n<meta property=\"og:url\" content=\"https:\/\/www.creativeaustria.at\/2024\/09\/09\/maine-ma-duc-tomorrow-i-leave-burg-kino-wien\/\" \/>\n<meta property=\"og:site_name\" content=\"CREATIVE AUSTRIA \u2013 Contemporary Culture\" \/>\n<meta property=\"article:publisher\" content=\"https:\/\/www.facebook.com\/creativeaustria\" \/>\n<meta property=\"article:published_time\" content=\"2024-09-09T10:02:00+00:00\" \/>\n<meta property=\"article:modified_time\" content=\"2024-09-09T09:27:52+00:00\" \/>\n<meta property=\"og:image\" content=\"https:\/\/www.creativeaustria.at\/wp-content\/uploads\/2024\/09\/screenshot-2024-07-15-151630.png\" \/>\n\t<meta property=\"og:image:width\" content=\"1525\" \/>\n\t<meta property=\"og:image:height\" content=\"733\" \/>\n\t<meta property=\"og:image:type\" content=\"image\/png\" \/>\n<meta name=\"author\" content=\"CREATIVE AUSTRIA\" \/>\n<meta name=\"twitter:card\" content=\"summary_large_image\" \/>\n<meta name=\"twitter:label1\" content=\"Written by\" \/>\n\t<meta name=\"twitter:data1\" content=\"CREATIVE AUSTRIA\" \/>\n\t<meta name=\"twitter:label2\" content=\"Est. reading time\" \/>\n\t<meta name=\"twitter:data2\" content=\"2 minutes\" \/>\n<script type=\"application\/ld+json\" class=\"yoast-schema-graph\">{\"@context\":\"https:\/\/schema.org\",\"@graph\":[{\"@type\":\"WebPage\",\"@id\":\"https:\/\/www.creativeaustria.at\/2024\/09\/09\/maine-ma-duc-tomorrow-i-leave-burg-kino-wien\/\",\"url\":\"https:\/\/www.creativeaustria.at\/2024\/09\/09\/maine-ma-duc-tomorrow-i-leave-burg-kino-wien\/\",\"name\":\"M\u00e2ine M\u0103 Duc \u2013 Tomorrow I Leave \/ Burg Kino, Vienna &#187; CREATIVE AUSTRIA \u2013 Contemporary Culture\",\"isPartOf\":{\"@id\":\"https:\/\/www.creativeaustria.at\/#website\"},\"primaryImageOfPage\":{\"@id\":\"https:\/\/www.creativeaustria.at\/2024\/09\/09\/maine-ma-duc-tomorrow-i-leave-burg-kino-wien\/#primaryimage\"},\"image\":{\"@id\":\"https:\/\/www.creativeaustria.at\/2024\/09\/09\/maine-ma-duc-tomorrow-i-leave-burg-kino-wien\/#primaryimage\"},\"thumbnailUrl\":\"https:\/\/www.creativeaustria.at\/wp-content\/uploads\/2024\/09\/screenshot-2024-07-15-151630.png\",\"datePublished\":\"2024-09-09T10:02:00+00:00\",\"dateModified\":\"2024-09-09T09:27:52+00:00\",\"author\":{\"@id\":\"https:\/\/www.creativeaustria.at\/#\/schema\/person\/2ef270c3dee27d6c0ec621fe9330173e\"},\"breadcrumb\":{\"@id\":\"https:\/\/www.creativeaustria.at\/2024\/09\/09\/maine-ma-duc-tomorrow-i-leave-burg-kino-wien\/#breadcrumb\"},\"inLanguage\":\"en-US\",\"potentialAction\":[{\"@type\":\"ReadAction\",\"target\":[\"https:\/\/www.creativeaustria.at\/2024\/09\/09\/maine-ma-duc-tomorrow-i-leave-burg-kino-wien\/\"]}]},{\"@type\":\"ImageObject\",\"inLanguage\":\"en-US\",\"@id\":\"https:\/\/www.creativeaustria.at\/2024\/09\/09\/maine-ma-duc-tomorrow-i-leave-burg-kino-wien\/#primaryimage\",\"url\":\"https:\/\/www.creativeaustria.at\/wp-content\/uploads\/2024\/09\/screenshot-2024-07-15-151630.png\",\"contentUrl\":\"https:\/\/www.creativeaustria.at\/wp-content\/uploads\/2024\/09\/screenshot-2024-07-15-151630.png\",\"width\":1525,\"height\":733,\"caption\":\"Filmstill: M\u00e2ine M\u0103 Duc \u2013 Tomorrow I Leave\"},{\"@type\":\"BreadcrumbList\",\"@id\":\"https:\/\/www.creativeaustria.at\/2024\/09\/09\/maine-ma-duc-tomorrow-i-leave-burg-kino-wien\/#breadcrumb\",\"itemListElement\":[{\"@type\":\"ListItem\",\"position\":1,\"name\":\"Startseite\",\"item\":\"https:\/\/www.creativeaustria.at\/en\/\"},{\"@type\":\"ListItem\",\"position\":2,\"name\":\"M\u00e2ine M\u0103 Duc \u2013 Tomorrow I Leave \/ Burg Kino, Vienna\"}]},{\"@type\":\"WebSite\",\"@id\":\"https:\/\/www.creativeaustria.at\/#website\",\"url\":\"https:\/\/www.creativeaustria.at\/\",\"name\":\"CREATIVE AUSTRIA \u2013 Contemporary Culture\",\"description\":\"Austrias Magazine for Contemporary Culture\",\"potentialAction\":[{\"@type\":\"SearchAction\",\"target\":{\"@type\":\"EntryPoint\",\"urlTemplate\":\"https:\/\/www.creativeaustria.at\/?s={search_term_string}\"},\"query-input\":{\"@type\":\"PropertyValueSpecification\",\"valueRequired\":true,\"valueName\":\"search_term_string\"}}],\"inLanguage\":\"en-US\"},{\"@type\":\"Person\",\"@id\":\"https:\/\/www.creativeaustria.at\/#\/schema\/person\/2ef270c3dee27d6c0ec621fe9330173e\",\"name\":\"CREATIVE AUSTRIA\",\"image\":{\"@type\":\"ImageObject\",\"inLanguage\":\"en-US\",\"@id\":\"https:\/\/www.creativeaustria.at\/#\/schema\/person\/image\/\",\"url\":\"https:\/\/secure.gravatar.com\/avatar\/684a70572f233313686e8858b8b6ca7b?s=96&d=mm&r=g\",\"contentUrl\":\"https:\/\/secure.gravatar.com\/avatar\/684a70572f233313686e8858b8b6ca7b?s=96&d=mm&r=g\",\"caption\":\"CREATIVE AUSTRIA\"},\"sameAs\":[\"http:\/\/www.creativeaustria.at\"],\"url\":\"https:\/\/www.creativeaustria.at\/en\/author\/creative-austria-redaktion\/\"}]}<\/script>\n<!-- \/ Yoast SEO plugin. -->","yoast_head_json":{"title":"M\u00e2ine M\u0103 Duc \u2013 Tomorrow I Leave \/ Burg Kino, Vienna &#187; CREATIVE AUSTRIA \u2013 Contemporary Culture","robots":{"index":"index","follow":"follow","max-snippet":"max-snippet:-1","max-image-preview":"max-image-preview:large","max-video-preview":"max-video-preview:-1"},"canonical":"https:\/\/www.creativeaustria.at\/2024\/09\/09\/maine-ma-duc-tomorrow-i-leave-burg-kino-wien\/","og_locale":"en_US","og_type":"article","og_title":"M\u00e2ine M\u0103 Duc \u2013 Tomorrow I Leave \/ Burg Kino, Vienna &#187; CREATIVE AUSTRIA \u2013 Contemporary Culture","og_description":"13.09.2024 \u2013 20.10.2024 M\u00e2ine M\u0103 Duc &#8211; Tomorrow I Leave &#8211; directed by Lukas Sch\u00f6ffel and Maria Lisa Pichler &#8211; is a sensitive portrait of a woman who constantly has to leave someone behind, as Maria is a 24-hour carer. Every four weeks, Maria leaves her village in Romania and travels over a thousand kilometres [&hellip;]","og_url":"https:\/\/www.creativeaustria.at\/2024\/09\/09\/maine-ma-duc-tomorrow-i-leave-burg-kino-wien\/","og_site_name":"CREATIVE AUSTRIA \u2013 Contemporary Culture","article_publisher":"https:\/\/www.facebook.com\/creativeaustria","article_published_time":"2024-09-09T10:02:00+00:00","article_modified_time":"2024-09-09T09:27:52+00:00","og_image":[{"width":1525,"height":733,"url":"https:\/\/www.creativeaustria.at\/wp-content\/uploads\/2024\/09\/screenshot-2024-07-15-151630.png","type":"image\/png"}],"author":"CREATIVE AUSTRIA","twitter_card":"summary_large_image","twitter_misc":{"Written by":"CREATIVE AUSTRIA","Est. reading time":"2 minutes"},"schema":{"@context":"https:\/\/schema.org","@graph":[{"@type":"WebPage","@id":"https:\/\/www.creativeaustria.at\/2024\/09\/09\/maine-ma-duc-tomorrow-i-leave-burg-kino-wien\/","url":"https:\/\/www.creativeaustria.at\/2024\/09\/09\/maine-ma-duc-tomorrow-i-leave-burg-kino-wien\/","name":"M\u00e2ine M\u0103 Duc \u2013 Tomorrow I Leave \/ Burg Kino, Vienna &#187; CREATIVE AUSTRIA \u2013 Contemporary Culture","isPartOf":{"@id":"https:\/\/www.creativeaustria.at\/#website"},"primaryImageOfPage":{"@id":"https:\/\/www.creativeaustria.at\/2024\/09\/09\/maine-ma-duc-tomorrow-i-leave-burg-kino-wien\/#primaryimage"},"image":{"@id":"https:\/\/www.creativeaustria.at\/2024\/09\/09\/maine-ma-duc-tomorrow-i-leave-burg-kino-wien\/#primaryimage"},"thumbnailUrl":"https:\/\/www.creativeaustria.at\/wp-content\/uploads\/2024\/09\/screenshot-2024-07-15-151630.png","datePublished":"2024-09-09T10:02:00+00:00","dateModified":"2024-09-09T09:27:52+00:00","author":{"@id":"https:\/\/www.creativeaustria.at\/#\/schema\/person\/2ef270c3dee27d6c0ec621fe9330173e"},"breadcrumb":{"@id":"https:\/\/www.creativeaustria.at\/2024\/09\/09\/maine-ma-duc-tomorrow-i-leave-burg-kino-wien\/#breadcrumb"},"inLanguage":"en-US","potentialAction":[{"@type":"ReadAction","target":["https:\/\/www.creativeaustria.at\/2024\/09\/09\/maine-ma-duc-tomorrow-i-leave-burg-kino-wien\/"]}]},{"@type":"ImageObject","inLanguage":"en-US","@id":"https:\/\/www.creativeaustria.at\/2024\/09\/09\/maine-ma-duc-tomorrow-i-leave-burg-kino-wien\/#primaryimage","url":"https:\/\/www.creativeaustria.at\/wp-content\/uploads\/2024\/09\/screenshot-2024-07-15-151630.png","contentUrl":"https:\/\/www.creativeaustria.at\/wp-content\/uploads\/2024\/09\/screenshot-2024-07-15-151630.png","width":1525,"height":733,"caption":"Filmstill: M\u00e2ine M\u0103 Duc \u2013 Tomorrow I Leave"},{"@type":"BreadcrumbList","@id":"https:\/\/www.creativeaustria.at\/2024\/09\/09\/maine-ma-duc-tomorrow-i-leave-burg-kino-wien\/#breadcrumb","itemListElement":[{"@type":"ListItem","position":1,"name":"Startseite","item":"https:\/\/www.creativeaustria.at\/en\/"},{"@type":"ListItem","position":2,"name":"M\u00e2ine M\u0103 Duc \u2013 Tomorrow I Leave \/ Burg Kino, Vienna"}]},{"@type":"WebSite","@id":"https:\/\/www.creativeaustria.at\/#website","url":"https:\/\/www.creativeaustria.at\/","name":"CREATIVE AUSTRIA \u2013 Contemporary Culture","description":"Austrias Magazine for Contemporary Culture","potentialAction":[{"@type":"SearchAction","target":{"@type":"EntryPoint","urlTemplate":"https:\/\/www.creativeaustria.at\/?s={search_term_string}"},"query-input":{"@type":"PropertyValueSpecification","valueRequired":true,"valueName":"search_term_string"}}],"inLanguage":"en-US"},{"@type":"Person","@id":"https:\/\/www.creativeaustria.at\/#\/schema\/person\/2ef270c3dee27d6c0ec621fe9330173e","name":"CREATIVE AUSTRIA","image":{"@type":"ImageObject","inLanguage":"en-US","@id":"https:\/\/www.creativeaustria.at\/#\/schema\/person\/image\/","url":"https:\/\/secure.gravatar.com\/avatar\/684a70572f233313686e8858b8b6ca7b?s=96&d=mm&r=g","contentUrl":"https:\/\/secure.gravatar.com\/avatar\/684a70572f233313686e8858b8b6ca7b?s=96&d=mm&r=g","caption":"CREATIVE AUSTRIA"},"sameAs":["http:\/\/www.creativeaustria.at"],"url":"https:\/\/www.creativeaustria.at\/en\/author\/creative-austria-redaktion\/"}]}},"jetpack_featured_media_url":"https:\/\/www.creativeaustria.at\/wp-content\/uploads\/2024\/09\/screenshot-2024-07-15-151630.png","jetpack_sharing_enabled":true,"jetpack_shortlink":"https:\/\/wp.me\/p9E1qX-cLP","_links":{"self":[{"href":"https:\/\/www.creativeaustria.at\/en\/wp-json\/wp\/v2\/posts\/49093"}],"collection":[{"href":"https:\/\/www.creativeaustria.at\/en\/wp-json\/wp\/v2\/posts"}],"about":[{"href":"https:\/\/www.creativeaustria.at\/en\/wp-json\/wp\/v2\/types\/post"}],"author":[{"embeddable":true,"href":"https:\/\/www.creativeaustria.at\/en\/wp-json\/wp\/v2\/users\/2"}],"replies":[{"embeddable":true,"href":"https:\/\/www.creativeaustria.at\/en\/wp-json\/wp\/v2\/comments?post=49093"}],"version-history":[{"count":1,"href":"https:\/\/www.creativeaustria.at\/en\/wp-json\/wp\/v2\/posts\/49093\/revisions"}],"predecessor-version":[{"id":49094,"href":"https:\/\/www.creativeaustria.at\/en\/wp-json\/wp\/v2\/posts\/49093\/revisions\/49094"}],"wp:featuredmedia":[{"embeddable":true,"href":"https:\/\/www.creativeaustria.at\/en\/wp-json\/wp\/v2\/media\/49092"}],"wp:attachment":[{"href":"https:\/\/www.creativeaustria.at\/en\/wp-json\/wp\/v2\/media?parent=49093"}],"wp:term":[{"taxonomy":"category","embeddable":true,"href":"https:\/\/www.creativeaustria.at\/en\/wp-json\/wp\/v2\/categories?post=49093"},{"taxonomy":"post_tag","embeddable":true,"href":"https:\/\/www.creativeaustria.at\/en\/wp-json\/wp\/v2\/tags?post=49093"}],"curies":[{"name":"wp","href":"https:\/\/api.w.org\/{rel}","templated":true}]}}