{"id":50672,"date":"2025-01-27T09:25:00","date_gmt":"2025-01-27T09:25:00","guid":{"rendered":"https:\/\/www.creativeaustria.at\/?p=50672"},"modified":"2025-01-27T09:07:12","modified_gmt":"2025-01-27T09:07:12","slug":"freeing-the-voices-kunsthaus-graz-styria","status":"publish","type":"post","link":"https:\/\/www.creativeaustria.at\/en\/2025\/01\/27\/freeing-the-voices-kunsthaus-graz-styria\/","title":{"rendered":"Freeing the Voices \/ Kunsthaus Graz, Styria"},"content":{"rendered":"\n<p><strong>28.02.2025 \u2013 24.08.2025<\/strong><\/p>\n\n\n\n<p>A scream, the scream of Marina Abramovi\u0107 &#8211; that is, of a human being &#8211; is the beginning of the exhibition Freeing the Voices. In the course of the exhibition, it develops into a multitude of other, mainly human voices and ends in the work of Tao G. Vrhovec Sambolec with the voice of a mosquito. Why is an exhibition about the voice so important today? The world we live in is completely out of balance. The multitude of crises and wars, as well as the loss of the common space in which bodies resonate with each other, have created a sense of suffocation and panic. A culture of silence has spread around us, the space for free expression is shrinking and the call for a \u2018cancel culture\u2019 is growing louder. But this silence, this censorship, is not the only means of control. We are exposed to a noise of information that overwhelms us even more. A noise in which the sense that holds us together as a social body is silenced. In the face of all this, it is no longer enough to simply realize that we do not speak with our own voice, but that behind it there is always the voice of a \u2018master\u2019. It is time to act, even if it is only an inarticulate cry or murmur.<br>With works from Marina Abramovi\u0107, Lawrence Abu Hamdan, Noor Abed, Babi Badalov, Selma Bani\u0107, CO2\u00a0\u2026 a couple of artists, VALIE EXPORT, Farhad Farzali, Essa Grayeb, Ida Hir\u0161enfelder, Saodat Ismailova, Anna Jermolaewa, Mikhail Karikis, Anton Kats, Belinda Kazeem-Kami\u0144ski, Brandon LaBelle &amp; Octavio Camargo, Katalin Ladik, Lucia Nimcov\u00e1, Lala Ra\u0161\u010di\u010d, Antoni Rayzhekov, Gerhard R\u00fchm, Selma Selman, \u0160KART &amp; NONpractical Women, Mladen Stilinovi\u0107, Irena Z. Toma\u017ein, Nora Turato, Tao G. Vrhovec Sambolec.<\/p>\n\n\n\n<p><strong>Freeing the Voices<\/strong><br>28.02.2025 \u2013 24.08.2025<br>Kunsthaus Graz<br><a href=\"http:\/\/www.museum-joanneum.at\">www.museum-joanneum.at<\/a><\/p>\n","protected":false},"excerpt":{"rendered":"<p>28.02.2025 \u2013 24.08.2025 A scream, the scream of Marina Abramovi\u0107 &#8211; that is, of a human being &#8211; is the beginning of the exhibition Freeing the Voices. In the course of the exhibition, it develops into a multitude of other, mainly human voices and ends in the work of Tao G. Vrhovec Sambolec with the [&hellip;]<\/p>\n","protected":false},"author":2,"featured_media":50670,"comment_status":"open","ping_status":"open","sticky":false,"template":"","format":"standard","meta":{"jetpack_post_was_ever_published":false,"_jetpack_newsletter_access":"","_jetpack_dont_email_post_to_subs":false,"_jetpack_newsletter_tier_id":0,"_jetpack_memberships_contains_paywalled_content":false,"_jetpack_memberships_contains_paid_content":false,"footnotes":"","jetpack_publicize_message":"","jetpack_publicize_feature_enabled":true,"jetpack_social_post_already_shared":true,"jetpack_social_options":{"image_generator_settings":{"template":"highway","enabled":false},"version":2}},"categories":[80,301,76,77,282,230,285,287,226,78,471,352,79],"tags":[],"class_list":{"0":"post-50672","1":"post","2":"type-post","3":"status-publish","4":"format-standard","5":"has-post-thumbnail","7":"category-art-7","8":"category-art-6","9":"category-art","10":"category-gegenwartskultur-en","11":"category-creative-regions-en","12":"category-crossover-en","13":"category-events-6-en","14":"category-events-en","15":"category-events-7-en","16":"category-graz-en","17":"category-life","18":"category-media-art-visuals-graphics","19":"category-kreative-orte-en"},"jetpack_publicize_connections":[],"yoast_head":"<!-- This site is optimized with the Yoast SEO plugin v23.9 - https:\/\/yoast.com\/wordpress\/plugins\/seo\/ -->\n<title>Freeing the Voices \/ Kunsthaus Graz, Styria &#187; CREATIVE AUSTRIA \u2013 Contemporary Culture<\/title>\n<meta name=\"robots\" content=\"index, follow, max-snippet:-1, max-image-preview:large, max-video-preview:-1\" \/>\n<link rel=\"canonical\" href=\"https:\/\/www.creativeaustria.at\/2025\/01\/27\/freeing-the-voices-kunsthaus-graz-steiermark\/\" \/>\n<meta property=\"og:locale\" content=\"en_US\" \/>\n<meta property=\"og:type\" content=\"article\" \/>\n<meta property=\"og:title\" content=\"Freeing the Voices \/ Kunsthaus Graz, Styria &#187; CREATIVE AUSTRIA \u2013 Contemporary Culture\" \/>\n<meta property=\"og:description\" content=\"28.02.2025 \u2013 24.08.2025 A scream, the scream of Marina Abramovi\u0107 &#8211; that is, of a human being &#8211; is the beginning of the exhibition Freeing the Voices. In the course of the exhibition, it develops into a multitude of other, mainly human voices and ends in the work of Tao G. Vrhovec Sambolec with the [&hellip;]\" \/>\n<meta property=\"og:url\" content=\"https:\/\/www.creativeaustria.at\/2025\/01\/27\/freeing-the-voices-kunsthaus-graz-steiermark\/\" \/>\n<meta property=\"og:site_name\" content=\"CREATIVE AUSTRIA \u2013 Contemporary Culture\" \/>\n<meta property=\"article:publisher\" content=\"https:\/\/www.facebook.com\/creativeaustria\" \/>\n<meta property=\"article:published_time\" content=\"2025-01-27T09:25:00+00:00\" \/>\n<meta property=\"article:modified_time\" content=\"2025-01-27T09:07:12+00:00\" \/>\n<meta property=\"og:image\" content=\"https:\/\/www.creativeaustria.at\/wp-content\/uploads\/2025\/01\/csm_beepblip-spiral-fluctuations-foto-katja-goljat-01_1736266308_af77959262.jpg\" \/>\n\t<meta property=\"og:image:width\" content=\"1340\" \/>\n\t<meta property=\"og:image:height\" content=\"897\" \/>\n\t<meta property=\"og:image:type\" content=\"image\/jpeg\" \/>\n<meta name=\"author\" content=\"CREATIVE AUSTRIA\" \/>\n<meta name=\"twitter:card\" content=\"summary_large_image\" \/>\n<meta name=\"twitter:label1\" content=\"Written by\" \/>\n\t<meta name=\"twitter:data1\" content=\"CREATIVE AUSTRIA\" \/>\n\t<meta name=\"twitter:label2\" content=\"Est. reading time\" \/>\n\t<meta name=\"twitter:data2\" content=\"2 minutes\" \/>\n<script type=\"application\/ld+json\" class=\"yoast-schema-graph\">{\"@context\":\"https:\/\/schema.org\",\"@graph\":[{\"@type\":\"WebPage\",\"@id\":\"https:\/\/www.creativeaustria.at\/2025\/01\/27\/freeing-the-voices-kunsthaus-graz-steiermark\/\",\"url\":\"https:\/\/www.creativeaustria.at\/2025\/01\/27\/freeing-the-voices-kunsthaus-graz-steiermark\/\",\"name\":\"Freeing the Voices \/ Kunsthaus Graz, Styria &#187; CREATIVE AUSTRIA \u2013 Contemporary Culture\",\"isPartOf\":{\"@id\":\"https:\/\/www.creativeaustria.at\/#website\"},\"primaryImageOfPage\":{\"@id\":\"https:\/\/www.creativeaustria.at\/2025\/01\/27\/freeing-the-voices-kunsthaus-graz-steiermark\/#primaryimage\"},\"image\":{\"@id\":\"https:\/\/www.creativeaustria.at\/2025\/01\/27\/freeing-the-voices-kunsthaus-graz-steiermark\/#primaryimage\"},\"thumbnailUrl\":\"https:\/\/www.creativeaustria.at\/wp-content\/uploads\/2025\/01\/csm_beepblip-spiral-fluctuations-foto-katja-goljat-01_1736266308_af77959262.jpg\",\"datePublished\":\"2025-01-27T09:25:00+00:00\",\"dateModified\":\"2025-01-27T09:07:12+00:00\",\"author\":{\"@id\":\"https:\/\/www.creativeaustria.at\/#\/schema\/person\/2ef270c3dee27d6c0ec621fe9330173e\"},\"breadcrumb\":{\"@id\":\"https:\/\/www.creativeaustria.at\/2025\/01\/27\/freeing-the-voices-kunsthaus-graz-steiermark\/#breadcrumb\"},\"inLanguage\":\"en-US\",\"potentialAction\":[{\"@type\":\"ReadAction\",\"target\":[\"https:\/\/www.creativeaustria.at\/2025\/01\/27\/freeing-the-voices-kunsthaus-graz-steiermark\/\"]}]},{\"@type\":\"ImageObject\",\"inLanguage\":\"en-US\",\"@id\":\"https:\/\/www.creativeaustria.at\/2025\/01\/27\/freeing-the-voices-kunsthaus-graz-steiermark\/#primaryimage\",\"url\":\"https:\/\/www.creativeaustria.at\/wp-content\/uploads\/2025\/01\/csm_beepblip-spiral-fluctuations-foto-katja-goljat-01_1736266308_af77959262.jpg\",\"contentUrl\":\"https:\/\/www.creativeaustria.at\/wp-content\/uploads\/2025\/01\/csm_beepblip-spiral-fluctuations-foto-katja-goljat-01_1736266308_af77959262.jpg\",\"width\":1340,\"height\":897,\"caption\":\"Ida Hir\u0161enfelder (beepblip), Spiral Fluctuations, chambers for multisensory listening, 2024 \u00a9 Katja Goljat\/Projekt Atol\"},{\"@type\":\"BreadcrumbList\",\"@id\":\"https:\/\/www.creativeaustria.at\/2025\/01\/27\/freeing-the-voices-kunsthaus-graz-steiermark\/#breadcrumb\",\"itemListElement\":[{\"@type\":\"ListItem\",\"position\":1,\"name\":\"Startseite\",\"item\":\"https:\/\/www.creativeaustria.at\/en\/\"},{\"@type\":\"ListItem\",\"position\":2,\"name\":\"Freeing the Voices \/ Kunsthaus Graz, Styria\"}]},{\"@type\":\"WebSite\",\"@id\":\"https:\/\/www.creativeaustria.at\/#website\",\"url\":\"https:\/\/www.creativeaustria.at\/\",\"name\":\"CREATIVE AUSTRIA \u2013 Contemporary Culture\",\"description\":\"Austrias Magazine for Contemporary Culture\",\"potentialAction\":[{\"@type\":\"SearchAction\",\"target\":{\"@type\":\"EntryPoint\",\"urlTemplate\":\"https:\/\/www.creativeaustria.at\/?s={search_term_string}\"},\"query-input\":{\"@type\":\"PropertyValueSpecification\",\"valueRequired\":true,\"valueName\":\"search_term_string\"}}],\"inLanguage\":\"en-US\"},{\"@type\":\"Person\",\"@id\":\"https:\/\/www.creativeaustria.at\/#\/schema\/person\/2ef270c3dee27d6c0ec621fe9330173e\",\"name\":\"CREATIVE AUSTRIA\",\"image\":{\"@type\":\"ImageObject\",\"inLanguage\":\"en-US\",\"@id\":\"https:\/\/www.creativeaustria.at\/#\/schema\/person\/image\/\",\"url\":\"https:\/\/secure.gravatar.com\/avatar\/684a70572f233313686e8858b8b6ca7b?s=96&d=mm&r=g\",\"contentUrl\":\"https:\/\/secure.gravatar.com\/avatar\/684a70572f233313686e8858b8b6ca7b?s=96&d=mm&r=g\",\"caption\":\"CREATIVE AUSTRIA\"},\"sameAs\":[\"http:\/\/www.creativeaustria.at\"],\"url\":\"https:\/\/www.creativeaustria.at\/en\/author\/creative-austria-redaktion\/\"}]}<\/script>\n<!-- \/ Yoast SEO plugin. -->","yoast_head_json":{"title":"Freeing the Voices \/ Kunsthaus Graz, Styria &#187; CREATIVE AUSTRIA \u2013 Contemporary Culture","robots":{"index":"index","follow":"follow","max-snippet":"max-snippet:-1","max-image-preview":"max-image-preview:large","max-video-preview":"max-video-preview:-1"},"canonical":"https:\/\/www.creativeaustria.at\/2025\/01\/27\/freeing-the-voices-kunsthaus-graz-steiermark\/","og_locale":"en_US","og_type":"article","og_title":"Freeing the Voices \/ Kunsthaus Graz, Styria &#187; CREATIVE AUSTRIA \u2013 Contemporary Culture","og_description":"28.02.2025 \u2013 24.08.2025 A scream, the scream of Marina Abramovi\u0107 &#8211; that is, of a human being &#8211; is the beginning of the exhibition Freeing the Voices. In the course of the exhibition, it develops into a multitude of other, mainly human voices and ends in the work of Tao G. Vrhovec Sambolec with the [&hellip;]","og_url":"https:\/\/www.creativeaustria.at\/2025\/01\/27\/freeing-the-voices-kunsthaus-graz-steiermark\/","og_site_name":"CREATIVE AUSTRIA \u2013 Contemporary Culture","article_publisher":"https:\/\/www.facebook.com\/creativeaustria","article_published_time":"2025-01-27T09:25:00+00:00","article_modified_time":"2025-01-27T09:07:12+00:00","og_image":[{"width":1340,"height":897,"url":"https:\/\/www.creativeaustria.at\/wp-content\/uploads\/2025\/01\/csm_beepblip-spiral-fluctuations-foto-katja-goljat-01_1736266308_af77959262.jpg","type":"image\/jpeg"}],"author":"CREATIVE AUSTRIA","twitter_card":"summary_large_image","twitter_misc":{"Written by":"CREATIVE AUSTRIA","Est. reading time":"2 minutes"},"schema":{"@context":"https:\/\/schema.org","@graph":[{"@type":"WebPage","@id":"https:\/\/www.creativeaustria.at\/2025\/01\/27\/freeing-the-voices-kunsthaus-graz-steiermark\/","url":"https:\/\/www.creativeaustria.at\/2025\/01\/27\/freeing-the-voices-kunsthaus-graz-steiermark\/","name":"Freeing the Voices \/ Kunsthaus Graz, Styria &#187; CREATIVE AUSTRIA \u2013 Contemporary Culture","isPartOf":{"@id":"https:\/\/www.creativeaustria.at\/#website"},"primaryImageOfPage":{"@id":"https:\/\/www.creativeaustria.at\/2025\/01\/27\/freeing-the-voices-kunsthaus-graz-steiermark\/#primaryimage"},"image":{"@id":"https:\/\/www.creativeaustria.at\/2025\/01\/27\/freeing-the-voices-kunsthaus-graz-steiermark\/#primaryimage"},"thumbnailUrl":"https:\/\/www.creativeaustria.at\/wp-content\/uploads\/2025\/01\/csm_beepblip-spiral-fluctuations-foto-katja-goljat-01_1736266308_af77959262.jpg","datePublished":"2025-01-27T09:25:00+00:00","dateModified":"2025-01-27T09:07:12+00:00","author":{"@id":"https:\/\/www.creativeaustria.at\/#\/schema\/person\/2ef270c3dee27d6c0ec621fe9330173e"},"breadcrumb":{"@id":"https:\/\/www.creativeaustria.at\/2025\/01\/27\/freeing-the-voices-kunsthaus-graz-steiermark\/#breadcrumb"},"inLanguage":"en-US","potentialAction":[{"@type":"ReadAction","target":["https:\/\/www.creativeaustria.at\/2025\/01\/27\/freeing-the-voices-kunsthaus-graz-steiermark\/"]}]},{"@type":"ImageObject","inLanguage":"en-US","@id":"https:\/\/www.creativeaustria.at\/2025\/01\/27\/freeing-the-voices-kunsthaus-graz-steiermark\/#primaryimage","url":"https:\/\/www.creativeaustria.at\/wp-content\/uploads\/2025\/01\/csm_beepblip-spiral-fluctuations-foto-katja-goljat-01_1736266308_af77959262.jpg","contentUrl":"https:\/\/www.creativeaustria.at\/wp-content\/uploads\/2025\/01\/csm_beepblip-spiral-fluctuations-foto-katja-goljat-01_1736266308_af77959262.jpg","width":1340,"height":897,"caption":"Ida Hir\u0161enfelder (beepblip), Spiral Fluctuations, chambers for multisensory listening, 2024 \u00a9 Katja Goljat\/Projekt Atol"},{"@type":"BreadcrumbList","@id":"https:\/\/www.creativeaustria.at\/2025\/01\/27\/freeing-the-voices-kunsthaus-graz-steiermark\/#breadcrumb","itemListElement":[{"@type":"ListItem","position":1,"name":"Startseite","item":"https:\/\/www.creativeaustria.at\/en\/"},{"@type":"ListItem","position":2,"name":"Freeing the Voices \/ Kunsthaus Graz, Styria"}]},{"@type":"WebSite","@id":"https:\/\/www.creativeaustria.at\/#website","url":"https:\/\/www.creativeaustria.at\/","name":"CREATIVE AUSTRIA \u2013 Contemporary Culture","description":"Austrias Magazine for Contemporary Culture","potentialAction":[{"@type":"SearchAction","target":{"@type":"EntryPoint","urlTemplate":"https:\/\/www.creativeaustria.at\/?s={search_term_string}"},"query-input":{"@type":"PropertyValueSpecification","valueRequired":true,"valueName":"search_term_string"}}],"inLanguage":"en-US"},{"@type":"Person","@id":"https:\/\/www.creativeaustria.at\/#\/schema\/person\/2ef270c3dee27d6c0ec621fe9330173e","name":"CREATIVE AUSTRIA","image":{"@type":"ImageObject","inLanguage":"en-US","@id":"https:\/\/www.creativeaustria.at\/#\/schema\/person\/image\/","url":"https:\/\/secure.gravatar.com\/avatar\/684a70572f233313686e8858b8b6ca7b?s=96&d=mm&r=g","contentUrl":"https:\/\/secure.gravatar.com\/avatar\/684a70572f233313686e8858b8b6ca7b?s=96&d=mm&r=g","caption":"CREATIVE AUSTRIA"},"sameAs":["http:\/\/www.creativeaustria.at"],"url":"https:\/\/www.creativeaustria.at\/en\/author\/creative-austria-redaktion\/"}]}},"jetpack_featured_media_url":"https:\/\/www.creativeaustria.at\/wp-content\/uploads\/2025\/01\/csm_beepblip-spiral-fluctuations-foto-katja-goljat-01_1736266308_af77959262.jpg","jetpack_sharing_enabled":true,"jetpack_shortlink":"https:\/\/wp.me\/p9E1qX-dbi","_links":{"self":[{"href":"https:\/\/www.creativeaustria.at\/en\/wp-json\/wp\/v2\/posts\/50672"}],"collection":[{"href":"https:\/\/www.creativeaustria.at\/en\/wp-json\/wp\/v2\/posts"}],"about":[{"href":"https:\/\/www.creativeaustria.at\/en\/wp-json\/wp\/v2\/types\/post"}],"author":[{"embeddable":true,"href":"https:\/\/www.creativeaustria.at\/en\/wp-json\/wp\/v2\/users\/2"}],"replies":[{"embeddable":true,"href":"https:\/\/www.creativeaustria.at\/en\/wp-json\/wp\/v2\/comments?post=50672"}],"version-history":[{"count":2,"href":"https:\/\/www.creativeaustria.at\/en\/wp-json\/wp\/v2\/posts\/50672\/revisions"}],"predecessor-version":[{"id":50674,"href":"https:\/\/www.creativeaustria.at\/en\/wp-json\/wp\/v2\/posts\/50672\/revisions\/50674"}],"wp:featuredmedia":[{"embeddable":true,"href":"https:\/\/www.creativeaustria.at\/en\/wp-json\/wp\/v2\/media\/50670"}],"wp:attachment":[{"href":"https:\/\/www.creativeaustria.at\/en\/wp-json\/wp\/v2\/media?parent=50672"}],"wp:term":[{"taxonomy":"category","embeddable":true,"href":"https:\/\/www.creativeaustria.at\/en\/wp-json\/wp\/v2\/categories?post=50672"},{"taxonomy":"post_tag","embeddable":true,"href":"https:\/\/www.creativeaustria.at\/en\/wp-json\/wp\/v2\/tags?post=50672"}],"curies":[{"name":"wp","href":"https:\/\/api.w.org\/{rel}","templated":true}]}}