{"id":51827,"date":"2025-04-17T09:11:00","date_gmt":"2025-04-17T09:11:00","guid":{"rendered":"https:\/\/www.creativeaustria.at\/?p=51827"},"modified":"2025-04-17T07:40:09","modified_gmt":"2025-04-17T07:40:09","slug":"wiener-festwochen-2025-various-locations-vienna","status":"publish","type":"post","link":"https:\/\/www.creativeaustria.at\/en\/2025\/04\/17\/wiener-festwochen-2025-various-locations-vienna\/","title":{"rendered":"Wiener Festwochen 2025 \/ various locations, Vienna"},"content":{"rendered":"\n<p><strong>16.05.2025 \u2013 22.06.2025<\/strong><\/p>\n\n\n\n<p>The Wiener Festwochen | Freie Republik Wien celebrates the revolutionary power of love in the second year of Milo Rau&#8217;s directorship under the claim V is for loVe.<br>Sensational artists from all continents will cover Vienna with over 40 theatre and music productions, installations and community projects, including eleven world premieres and ten in-house productions. Never before have there been so many new and in-house productions, so many world and Austrian premieres at the festival as in this REPUBLIC OF LOVE!<br>The central BRAND NEW CLASSICS series catapults twelve great myths from the canon of world literature into the present day without reverence, but full of love: be it Bertolt Brecht&#8217;s Mother Courage in the production by shooting star director Lisaboa Houbrechts or Gorges Ocloo&#8217;s reworking of the iconic baroque work Stabat Mater by Giovanni B. Pergolesi with African traditions.<br>White Widow by Kurdwin Ayub reinterprets One Thousand and One Nights in a daring way as the story of a woman who will walk over dead bodies for her passion. With Ils nous ont oubli\u00e9s &#8211; based on Thomas Bernhard&#8217;s Das Kalkwerk &#8211; French director S\u00e9verine Chavrier is showing a work in Austria for the first time.<br>The pulsating heart of the festival is the Haus and Club der Republik in the Funkhaus: theory icons such as Eva Illouz debate here as well as former RAF members, world stars such as Laurie Anderson sit around the campfire with sex workers &#8211; and as house artists, the SIGNA collective transforms the attic into an immersive performance installation with Das Letzte Jahr.<br>The Pelicot trial brings what is undoubtedly the most mediatised, discussed and symbolic trial of our time to the Funkhaus in cooperation with the Festival d&#8217;Avignon.<br>The concert performance series Caravan of LUV by Elia Rediger &amp; int int irrit combines pop culture with healing rituals.<br>Japanese director Satoko Ichihara, for example, explores love, role models and the abuse of power in Kitty in a way that is both malicious and comical, while Carolina Bianchi scrutinises male bonding in The Brotherhood.<br>In the large discourse format, the Vienna Congresses I &amp; II, the red lines of \u2018Cancel Culture\u2019 and the entanglements behind abuse of power and #MeToo will be renegotiated, with the Council of the Republic taking on an important function. The results of the work on the Vienna Declaration, formulated in 2024 and implemented since then, will be incorporated here, as will the experiences of the global RESISTANCE NOW!<br>The Akademie Zweite Moderne presents ten outstanding contemporary female* composers in two concerts with Klangforum Wien. Mariano Pensotti&#8217;s Ein gefr\u00e4\u00dfiger Schatten continues the successfully established Volksst\u00fcck series, and with the gigantic project Inselliebe, artist Thomas Verstraeten declares his love for an entire island &#8211; together with the communities of the Donauinsel.<\/p>\n\n\n\n<p><strong>Wiener Festwochen 2025<\/strong><br>16.05.2025 \u2013 22.06.2025<br>Vienna, various locations<br><a href=\"http:\/\/www.festwochen.at\/\">www.festwochen.at<\/a><\/p>\n","protected":false},"excerpt":{"rendered":"<p>16.05.2025 \u2013 22.06.2025 The Wiener Festwochen | Freie Republik Wien celebrates the revolutionary power of love in the second year of Milo Rau&#8217;s directorship under the claim V is for loVe.Sensational artists from all continents will cover Vienna with over 40 theatre and music productions, installations and community projects, including eleven world premieres and ten [&hellip;]<\/p>\n","protected":false},"author":2,"featured_media":51826,"comment_status":"open","ping_status":"open","sticky":false,"template":"","format":"standard","meta":{"jetpack_post_was_ever_published":false,"_jetpack_newsletter_access":"","_jetpack_dont_email_post_to_subs":false,"_jetpack_newsletter_tier_id":0,"_jetpack_memberships_contains_paywalled_content":false,"_jetpack_memberships_contains_paid_content":false,"footnotes":"","jetpack_publicize_message":"","jetpack_publicize_feature_enabled":true,"jetpack_social_post_already_shared":true,"jetpack_social_options":{"image_generator_settings":{"template":"highway","enabled":false},"version":2}},"categories":[305,80,301,77,282,230,226,342,285,231,233,234,229,79,25,306,345],"tags":[],"class_list":{"0":"post-51827","1":"post","2":"type-post","3":"status-publish","4":"format-standard","5":"has-post-thumbnail","7":"category-art-5","8":"category-art-7","9":"category-art-6","10":"category-gegenwartskultur-en","11":"category-creative-regions-en","12":"category-crossover-en","13":"category-events-7-en","14":"category-events-5-en","15":"category-events-6-en","16":"category-festivals-en","17":"category-literature","18":"category-music","19":"category-on-stage","20":"category-kreative-orte-en","21":"category-uncategorized","22":"category-venues-6","23":"category-vienna"},"jetpack_publicize_connections":[],"yoast_head":"<!-- This site is optimized with the Yoast SEO plugin v23.9 - https:\/\/yoast.com\/wordpress\/plugins\/seo\/ -->\n<title>Wiener Festwochen 2025 \/ various locations, Vienna &#187; CREATIVE AUSTRIA \u2013 Contemporary Culture<\/title>\n<meta name=\"robots\" content=\"index, follow, max-snippet:-1, max-image-preview:large, max-video-preview:-1\" \/>\n<link rel=\"canonical\" href=\"https:\/\/www.creativeaustria.at\/2025\/04\/17\/wiener-festwochen-2025-various-locations-wien\/\" \/>\n<meta property=\"og:locale\" content=\"en_US\" \/>\n<meta property=\"og:type\" content=\"article\" \/>\n<meta property=\"og:title\" content=\"Wiener Festwochen 2025 \/ various locations, Vienna &#187; CREATIVE AUSTRIA \u2013 Contemporary Culture\" \/>\n<meta property=\"og:description\" content=\"16.05.2025 \u2013 22.06.2025 The Wiener Festwochen | Freie Republik Wien celebrates the revolutionary power of love in the second year of Milo Rau&#8217;s directorship under the claim V is for loVe.Sensational artists from all continents will cover Vienna with over 40 theatre and music productions, installations and community projects, including eleven world premieres and ten [&hellip;]\" \/>\n<meta property=\"og:url\" content=\"https:\/\/www.creativeaustria.at\/2025\/04\/17\/wiener-festwochen-2025-various-locations-wien\/\" \/>\n<meta property=\"og:site_name\" content=\"CREATIVE AUSTRIA \u2013 Contemporary Culture\" \/>\n<meta property=\"article:publisher\" content=\"https:\/\/www.facebook.com\/creativeaustria\" \/>\n<meta property=\"article:published_time\" content=\"2025-04-17T09:11:00+00:00\" \/>\n<meta property=\"article:modified_time\" content=\"2025-04-17T07:40:09+00:00\" \/>\n<meta property=\"og:image\" content=\"https:\/\/www.creativeaustria.at\/wp-content\/uploads\/2025\/04\/Weisse-Witwe_120011-c-Apollonia-Theresa-Bitzan.jpg\" \/>\n\t<meta property=\"og:image:width\" content=\"1545\" \/>\n\t<meta property=\"og:image:height\" content=\"1024\" \/>\n\t<meta property=\"og:image:type\" content=\"image\/jpeg\" \/>\n<meta name=\"author\" content=\"CREATIVE AUSTRIA\" \/>\n<meta name=\"twitter:card\" content=\"summary_large_image\" \/>\n<meta name=\"twitter:label1\" content=\"Written by\" \/>\n\t<meta name=\"twitter:data1\" content=\"CREATIVE AUSTRIA\" \/>\n\t<meta name=\"twitter:label2\" content=\"Est. reading time\" \/>\n\t<meta name=\"twitter:data2\" content=\"3 minutes\" \/>\n<script type=\"application\/ld+json\" class=\"yoast-schema-graph\">{\"@context\":\"https:\/\/schema.org\",\"@graph\":[{\"@type\":\"WebPage\",\"@id\":\"https:\/\/www.creativeaustria.at\/2025\/04\/17\/wiener-festwochen-2025-various-locations-wien\/\",\"url\":\"https:\/\/www.creativeaustria.at\/2025\/04\/17\/wiener-festwochen-2025-various-locations-wien\/\",\"name\":\"Wiener Festwochen 2025 \/ various locations, Vienna &#187; CREATIVE AUSTRIA \u2013 Contemporary Culture\",\"isPartOf\":{\"@id\":\"https:\/\/www.creativeaustria.at\/#website\"},\"primaryImageOfPage\":{\"@id\":\"https:\/\/www.creativeaustria.at\/2025\/04\/17\/wiener-festwochen-2025-various-locations-wien\/#primaryimage\"},\"image\":{\"@id\":\"https:\/\/www.creativeaustria.at\/2025\/04\/17\/wiener-festwochen-2025-various-locations-wien\/#primaryimage\"},\"thumbnailUrl\":\"https:\/\/www.creativeaustria.at\/wp-content\/uploads\/2025\/04\/Weisse-Witwe_120011-c-Apollonia-Theresa-Bitzan.jpg\",\"datePublished\":\"2025-04-17T09:11:00+00:00\",\"dateModified\":\"2025-04-17T07:40:09+00:00\",\"author\":{\"@id\":\"https:\/\/www.creativeaustria.at\/#\/schema\/person\/2ef270c3dee27d6c0ec621fe9330173e\"},\"breadcrumb\":{\"@id\":\"https:\/\/www.creativeaustria.at\/2025\/04\/17\/wiener-festwochen-2025-various-locations-wien\/#breadcrumb\"},\"inLanguage\":\"en-US\",\"potentialAction\":[{\"@type\":\"ReadAction\",\"target\":[\"https:\/\/www.creativeaustria.at\/2025\/04\/17\/wiener-festwochen-2025-various-locations-wien\/\"]}]},{\"@type\":\"ImageObject\",\"inLanguage\":\"en-US\",\"@id\":\"https:\/\/www.creativeaustria.at\/2025\/04\/17\/wiener-festwochen-2025-various-locations-wien\/#primaryimage\",\"url\":\"https:\/\/www.creativeaustria.at\/wp-content\/uploads\/2025\/04\/Weisse-Witwe_120011-c-Apollonia-Theresa-Bitzan.jpg\",\"contentUrl\":\"https:\/\/www.creativeaustria.at\/wp-content\/uploads\/2025\/04\/Weisse-Witwe_120011-c-Apollonia-Theresa-Bitzan.jpg\",\"width\":1545,\"height\":1024,\"caption\":\"Weisse-Witwe, \u00a9 Apollonia-Theresa-Bitzan\"},{\"@type\":\"BreadcrumbList\",\"@id\":\"https:\/\/www.creativeaustria.at\/2025\/04\/17\/wiener-festwochen-2025-various-locations-wien\/#breadcrumb\",\"itemListElement\":[{\"@type\":\"ListItem\",\"position\":1,\"name\":\"Startseite\",\"item\":\"https:\/\/www.creativeaustria.at\/en\/\"},{\"@type\":\"ListItem\",\"position\":2,\"name\":\"Wiener Festwochen 2025 \/ various locations, Vienna\"}]},{\"@type\":\"WebSite\",\"@id\":\"https:\/\/www.creativeaustria.at\/#website\",\"url\":\"https:\/\/www.creativeaustria.at\/\",\"name\":\"CREATIVE AUSTRIA \u2013 Contemporary Culture\",\"description\":\"Austrias Magazine for Contemporary Culture\",\"potentialAction\":[{\"@type\":\"SearchAction\",\"target\":{\"@type\":\"EntryPoint\",\"urlTemplate\":\"https:\/\/www.creativeaustria.at\/?s={search_term_string}\"},\"query-input\":{\"@type\":\"PropertyValueSpecification\",\"valueRequired\":true,\"valueName\":\"search_term_string\"}}],\"inLanguage\":\"en-US\"},{\"@type\":\"Person\",\"@id\":\"https:\/\/www.creativeaustria.at\/#\/schema\/person\/2ef270c3dee27d6c0ec621fe9330173e\",\"name\":\"CREATIVE AUSTRIA\",\"image\":{\"@type\":\"ImageObject\",\"inLanguage\":\"en-US\",\"@id\":\"https:\/\/www.creativeaustria.at\/#\/schema\/person\/image\/\",\"url\":\"https:\/\/secure.gravatar.com\/avatar\/684a70572f233313686e8858b8b6ca7b?s=96&d=mm&r=g\",\"contentUrl\":\"https:\/\/secure.gravatar.com\/avatar\/684a70572f233313686e8858b8b6ca7b?s=96&d=mm&r=g\",\"caption\":\"CREATIVE AUSTRIA\"},\"sameAs\":[\"http:\/\/www.creativeaustria.at\"],\"url\":\"https:\/\/www.creativeaustria.at\/en\/author\/creative-austria-redaktion\/\"}]}<\/script>\n<!-- \/ Yoast SEO plugin. -->","yoast_head_json":{"title":"Wiener Festwochen 2025 \/ various locations, Vienna &#187; CREATIVE AUSTRIA \u2013 Contemporary Culture","robots":{"index":"index","follow":"follow","max-snippet":"max-snippet:-1","max-image-preview":"max-image-preview:large","max-video-preview":"max-video-preview:-1"},"canonical":"https:\/\/www.creativeaustria.at\/2025\/04\/17\/wiener-festwochen-2025-various-locations-wien\/","og_locale":"en_US","og_type":"article","og_title":"Wiener Festwochen 2025 \/ various locations, Vienna &#187; CREATIVE AUSTRIA \u2013 Contemporary Culture","og_description":"16.05.2025 \u2013 22.06.2025 The Wiener Festwochen | Freie Republik Wien celebrates the revolutionary power of love in the second year of Milo Rau&#8217;s directorship under the claim V is for loVe.Sensational artists from all continents will cover Vienna with over 40 theatre and music productions, installations and community projects, including eleven world premieres and ten [&hellip;]","og_url":"https:\/\/www.creativeaustria.at\/2025\/04\/17\/wiener-festwochen-2025-various-locations-wien\/","og_site_name":"CREATIVE AUSTRIA \u2013 Contemporary Culture","article_publisher":"https:\/\/www.facebook.com\/creativeaustria","article_published_time":"2025-04-17T09:11:00+00:00","article_modified_time":"2025-04-17T07:40:09+00:00","og_image":[{"width":1545,"height":1024,"url":"https:\/\/www.creativeaustria.at\/wp-content\/uploads\/2025\/04\/Weisse-Witwe_120011-c-Apollonia-Theresa-Bitzan.jpg","type":"image\/jpeg"}],"author":"CREATIVE AUSTRIA","twitter_card":"summary_large_image","twitter_misc":{"Written by":"CREATIVE AUSTRIA","Est. reading time":"3 minutes"},"schema":{"@context":"https:\/\/schema.org","@graph":[{"@type":"WebPage","@id":"https:\/\/www.creativeaustria.at\/2025\/04\/17\/wiener-festwochen-2025-various-locations-wien\/","url":"https:\/\/www.creativeaustria.at\/2025\/04\/17\/wiener-festwochen-2025-various-locations-wien\/","name":"Wiener Festwochen 2025 \/ various locations, Vienna &#187; CREATIVE AUSTRIA \u2013 Contemporary Culture","isPartOf":{"@id":"https:\/\/www.creativeaustria.at\/#website"},"primaryImageOfPage":{"@id":"https:\/\/www.creativeaustria.at\/2025\/04\/17\/wiener-festwochen-2025-various-locations-wien\/#primaryimage"},"image":{"@id":"https:\/\/www.creativeaustria.at\/2025\/04\/17\/wiener-festwochen-2025-various-locations-wien\/#primaryimage"},"thumbnailUrl":"https:\/\/www.creativeaustria.at\/wp-content\/uploads\/2025\/04\/Weisse-Witwe_120011-c-Apollonia-Theresa-Bitzan.jpg","datePublished":"2025-04-17T09:11:00+00:00","dateModified":"2025-04-17T07:40:09+00:00","author":{"@id":"https:\/\/www.creativeaustria.at\/#\/schema\/person\/2ef270c3dee27d6c0ec621fe9330173e"},"breadcrumb":{"@id":"https:\/\/www.creativeaustria.at\/2025\/04\/17\/wiener-festwochen-2025-various-locations-wien\/#breadcrumb"},"inLanguage":"en-US","potentialAction":[{"@type":"ReadAction","target":["https:\/\/www.creativeaustria.at\/2025\/04\/17\/wiener-festwochen-2025-various-locations-wien\/"]}]},{"@type":"ImageObject","inLanguage":"en-US","@id":"https:\/\/www.creativeaustria.at\/2025\/04\/17\/wiener-festwochen-2025-various-locations-wien\/#primaryimage","url":"https:\/\/www.creativeaustria.at\/wp-content\/uploads\/2025\/04\/Weisse-Witwe_120011-c-Apollonia-Theresa-Bitzan.jpg","contentUrl":"https:\/\/www.creativeaustria.at\/wp-content\/uploads\/2025\/04\/Weisse-Witwe_120011-c-Apollonia-Theresa-Bitzan.jpg","width":1545,"height":1024,"caption":"Weisse-Witwe, \u00a9 Apollonia-Theresa-Bitzan"},{"@type":"BreadcrumbList","@id":"https:\/\/www.creativeaustria.at\/2025\/04\/17\/wiener-festwochen-2025-various-locations-wien\/#breadcrumb","itemListElement":[{"@type":"ListItem","position":1,"name":"Startseite","item":"https:\/\/www.creativeaustria.at\/en\/"},{"@type":"ListItem","position":2,"name":"Wiener Festwochen 2025 \/ various locations, Vienna"}]},{"@type":"WebSite","@id":"https:\/\/www.creativeaustria.at\/#website","url":"https:\/\/www.creativeaustria.at\/","name":"CREATIVE AUSTRIA \u2013 Contemporary Culture","description":"Austrias Magazine for Contemporary Culture","potentialAction":[{"@type":"SearchAction","target":{"@type":"EntryPoint","urlTemplate":"https:\/\/www.creativeaustria.at\/?s={search_term_string}"},"query-input":{"@type":"PropertyValueSpecification","valueRequired":true,"valueName":"search_term_string"}}],"inLanguage":"en-US"},{"@type":"Person","@id":"https:\/\/www.creativeaustria.at\/#\/schema\/person\/2ef270c3dee27d6c0ec621fe9330173e","name":"CREATIVE AUSTRIA","image":{"@type":"ImageObject","inLanguage":"en-US","@id":"https:\/\/www.creativeaustria.at\/#\/schema\/person\/image\/","url":"https:\/\/secure.gravatar.com\/avatar\/684a70572f233313686e8858b8b6ca7b?s=96&d=mm&r=g","contentUrl":"https:\/\/secure.gravatar.com\/avatar\/684a70572f233313686e8858b8b6ca7b?s=96&d=mm&r=g","caption":"CREATIVE AUSTRIA"},"sameAs":["http:\/\/www.creativeaustria.at"],"url":"https:\/\/www.creativeaustria.at\/en\/author\/creative-austria-redaktion\/"}]}},"jetpack_featured_media_url":"https:\/\/www.creativeaustria.at\/wp-content\/uploads\/2025\/04\/Weisse-Witwe_120011-c-Apollonia-Theresa-Bitzan.jpg","jetpack_sharing_enabled":true,"jetpack_shortlink":"https:\/\/wp.me\/p9E1qX-dtV","_links":{"self":[{"href":"https:\/\/www.creativeaustria.at\/en\/wp-json\/wp\/v2\/posts\/51827"}],"collection":[{"href":"https:\/\/www.creativeaustria.at\/en\/wp-json\/wp\/v2\/posts"}],"about":[{"href":"https:\/\/www.creativeaustria.at\/en\/wp-json\/wp\/v2\/types\/post"}],"author":[{"embeddable":true,"href":"https:\/\/www.creativeaustria.at\/en\/wp-json\/wp\/v2\/users\/2"}],"replies":[{"embeddable":true,"href":"https:\/\/www.creativeaustria.at\/en\/wp-json\/wp\/v2\/comments?post=51827"}],"version-history":[{"count":1,"href":"https:\/\/www.creativeaustria.at\/en\/wp-json\/wp\/v2\/posts\/51827\/revisions"}],"predecessor-version":[{"id":51828,"href":"https:\/\/www.creativeaustria.at\/en\/wp-json\/wp\/v2\/posts\/51827\/revisions\/51828"}],"wp:featuredmedia":[{"embeddable":true,"href":"https:\/\/www.creativeaustria.at\/en\/wp-json\/wp\/v2\/media\/51826"}],"wp:attachment":[{"href":"https:\/\/www.creativeaustria.at\/en\/wp-json\/wp\/v2\/media?parent=51827"}],"wp:term":[{"taxonomy":"category","embeddable":true,"href":"https:\/\/www.creativeaustria.at\/en\/wp-json\/wp\/v2\/categories?post=51827"},{"taxonomy":"post_tag","embeddable":true,"href":"https:\/\/www.creativeaustria.at\/en\/wp-json\/wp\/v2\/tags?post=51827"}],"curies":[{"name":"wp","href":"https:\/\/api.w.org\/{rel}","templated":true}]}}