{"id":53415,"date":"2025-09-04T08:50:00","date_gmt":"2025-09-04T08:50:00","guid":{"rendered":"https:\/\/www.creativeaustria.at\/?p=53415"},"modified":"2025-09-04T08:28:00","modified_gmt":"2025-09-04T08:28:00","slug":"bludenz-days-of-contemporary-music-2025-remise-bludenz","status":"publish","type":"post","link":"https:\/\/www.creativeaustria.at\/en\/2025\/09\/04\/bludenz-days-of-contemporary-music-2025-remise-bludenz\/","title":{"rendered":"Bludenz Days of Contemporary Music 2025 \/ Remise, Bludenz"},"content":{"rendered":"\n<p><strong>18.09.2025 \u2013 21.09.2025<\/strong><\/p>\n\n\n\n<p>The Bludenz Days of Contemporary Music is an international festival whose aim is to bring contemporary music to Bludenz. The highest quality is valued in both composition and interpretation. In 2025, the Bludenz Days of Contemporary Music will focus on the theme of \u2018intimacy\u2019; it will also be the first festival under the new artistic director Mirela Ivi\u010devi\u0107. At the request of allerArt, the opening concert will be particularly intimate: not only will it begin with a composition by the new artistic director, but it will also bring the Vienna Black Page Orchestra to Bludenz, an ensemble with which she has a long-standing, intensive collaboration. In addition to the piece \u2018Case Black\u2019 by Mirela Ivi\u010devi\u0107, the first concert evening will feature compositions by Allessandro Baticci, \u00d8yvind Torvund, Yifan Guo, Maja Bosnic and a world premiere by Dror Feiler. In the piece How long is now, commissioned by the BTzM, the Swedish-Israeli composer, noise musician and peace activist addresses the radically uncompromising search for freedom.<\/p>\n\n\n\n<p><strong>Bludenz Days of Contemporary Music 2025<\/strong><br>18.09.2025 \u2013 21.09.2025<br>Remise Bludenz<br>Am Raiffeisenplatz 1<br>6700 Bludenz<br><a href=\"http:\/\/www.allerart-bludenz.at\/\">www.allerart-bludenz.at<\/a><\/p>\n","protected":false},"excerpt":{"rendered":"<p>18.09.2025 \u2013 21.09.2025 The Bludenz Days of Contemporary Music is an international festival whose aim is to bring contemporary music to Bludenz. The highest quality is valued in both composition and interpretation. In 2025, the Bludenz Days of Contemporary Music will focus on the theme of \u2018intimacy\u2019; it will also be the first festival under [&hellip;]<\/p>\n","protected":false},"author":2,"featured_media":53414,"comment_status":"open","ping_status":"open","sticky":false,"template":"","format":"standard","meta":{"jetpack_post_was_ever_published":false,"_jetpack_newsletter_access":"","_jetpack_dont_email_post_to_subs":false,"_jetpack_newsletter_tier_id":0,"_jetpack_memberships_contains_paywalled_content":false,"_jetpack_memberships_contains_paid_content":false,"footnotes":"","jetpack_publicize_message":"","jetpack_publicize_feature_enabled":true,"jetpack_social_post_already_shared":true,"jetpack_social_options":{"image_generator_settings":{"template":"highway","enabled":false},"version":2}},"categories":[77,282,226,285,341,234,79,25,196],"tags":[],"class_list":{"0":"post-53415","1":"post","2":"type-post","3":"status-publish","4":"format-standard","5":"has-post-thumbnail","7":"category-gegenwartskultur-en","8":"category-creative-regions-en","9":"category-events-7-en","10":"category-events-6-en","11":"category-events-4-en","12":"category-music","13":"category-kreative-orte-en","14":"category-uncategorized","15":"category-vorarlberg-en"},"jetpack_publicize_connections":[],"yoast_head":"<!-- This site is optimized with the Yoast SEO plugin v23.9 - https:\/\/yoast.com\/wordpress\/plugins\/seo\/ -->\n<title>Bludenz Days of Contemporary Music 2025 \/ Remise, Bludenz &#187; CREATIVE AUSTRIA \u2013 Contemporary Culture<\/title>\n<meta name=\"robots\" content=\"index, follow, max-snippet:-1, max-image-preview:large, max-video-preview:-1\" \/>\n<link rel=\"canonical\" href=\"https:\/\/www.creativeaustria.at\/2025\/09\/04\/bludenzer-tage-zeitgemaesser-musik-2025-remise-bludenz\/\" \/>\n<meta property=\"og:locale\" content=\"en_US\" \/>\n<meta property=\"og:type\" content=\"article\" \/>\n<meta property=\"og:title\" content=\"Bludenz Days of Contemporary Music 2025 \/ Remise, Bludenz &#187; CREATIVE AUSTRIA \u2013 Contemporary Culture\" \/>\n<meta property=\"og:description\" content=\"18.09.2025 \u2013 21.09.2025 The Bludenz Days of Contemporary Music is an international festival whose aim is to bring contemporary music to Bludenz. The highest quality is valued in both composition and interpretation. In 2025, the Bludenz Days of Contemporary Music will focus on the theme of \u2018intimacy\u2019; it will also be the first festival under [&hellip;]\" \/>\n<meta property=\"og:url\" content=\"https:\/\/www.creativeaustria.at\/2025\/09\/04\/bludenzer-tage-zeitgemaesser-musik-2025-remise-bludenz\/\" \/>\n<meta property=\"og:site_name\" content=\"CREATIVE AUSTRIA \u2013 Contemporary Culture\" \/>\n<meta property=\"article:publisher\" content=\"https:\/\/www.facebook.com\/creativeaustria\" \/>\n<meta property=\"article:published_time\" content=\"2025-09-04T08:50:00+00:00\" \/>\n<meta property=\"article:modified_time\" content=\"2025-09-04T08:28:00+00:00\" \/>\n<meta property=\"og:image\" content=\"https:\/\/www.creativeaustria.at\/wp-content\/uploads\/2025\/09\/Bild-1-Mirela-Ivicevic-Foto-Rui-Camilo-fuer-die-EvS-Stiftung.jpg\" \/>\n\t<meta property=\"og:image:width\" content=\"1500\" \/>\n\t<meta property=\"og:image:height\" content=\"1000\" \/>\n\t<meta property=\"og:image:type\" content=\"image\/jpeg\" \/>\n<meta name=\"author\" content=\"CREATIVE AUSTRIA\" \/>\n<meta name=\"twitter:card\" content=\"summary_large_image\" \/>\n<meta name=\"twitter:label1\" content=\"Written by\" \/>\n\t<meta name=\"twitter:data1\" content=\"CREATIVE AUSTRIA\" \/>\n\t<meta name=\"twitter:label2\" content=\"Est. reading time\" \/>\n\t<meta name=\"twitter:data2\" content=\"2 minutes\" \/>\n<script type=\"application\/ld+json\" class=\"yoast-schema-graph\">{\"@context\":\"https:\/\/schema.org\",\"@graph\":[{\"@type\":\"WebPage\",\"@id\":\"https:\/\/www.creativeaustria.at\/2025\/09\/04\/bludenzer-tage-zeitgemaesser-musik-2025-remise-bludenz\/\",\"url\":\"https:\/\/www.creativeaustria.at\/2025\/09\/04\/bludenzer-tage-zeitgemaesser-musik-2025-remise-bludenz\/\",\"name\":\"Bludenz Days of Contemporary Music 2025 \/ Remise, Bludenz &#187; CREATIVE AUSTRIA \u2013 Contemporary Culture\",\"isPartOf\":{\"@id\":\"https:\/\/www.creativeaustria.at\/#website\"},\"primaryImageOfPage\":{\"@id\":\"https:\/\/www.creativeaustria.at\/2025\/09\/04\/bludenzer-tage-zeitgemaesser-musik-2025-remise-bludenz\/#primaryimage\"},\"image\":{\"@id\":\"https:\/\/www.creativeaustria.at\/2025\/09\/04\/bludenzer-tage-zeitgemaesser-musik-2025-remise-bludenz\/#primaryimage\"},\"thumbnailUrl\":\"https:\/\/www.creativeaustria.at\/wp-content\/uploads\/2025\/09\/Bild-1-Mirela-Ivicevic-Foto-Rui-Camilo-fuer-die-EvS-Stiftung.jpg\",\"datePublished\":\"2025-09-04T08:50:00+00:00\",\"dateModified\":\"2025-09-04T08:28:00+00:00\",\"author\":{\"@id\":\"https:\/\/www.creativeaustria.at\/#\/schema\/person\/2ef270c3dee27d6c0ec621fe9330173e\"},\"breadcrumb\":{\"@id\":\"https:\/\/www.creativeaustria.at\/2025\/09\/04\/bludenzer-tage-zeitgemaesser-musik-2025-remise-bludenz\/#breadcrumb\"},\"inLanguage\":\"en-US\",\"potentialAction\":[{\"@type\":\"ReadAction\",\"target\":[\"https:\/\/www.creativeaustria.at\/2025\/09\/04\/bludenzer-tage-zeitgemaesser-musik-2025-remise-bludenz\/\"]}]},{\"@type\":\"ImageObject\",\"inLanguage\":\"en-US\",\"@id\":\"https:\/\/www.creativeaustria.at\/2025\/09\/04\/bludenzer-tage-zeitgemaesser-musik-2025-remise-bludenz\/#primaryimage\",\"url\":\"https:\/\/www.creativeaustria.at\/wp-content\/uploads\/2025\/09\/Bild-1-Mirela-Ivicevic-Foto-Rui-Camilo-fuer-die-EvS-Stiftung.jpg\",\"contentUrl\":\"https:\/\/www.creativeaustria.at\/wp-content\/uploads\/2025\/09\/Bild-1-Mirela-Ivicevic-Foto-Rui-Camilo-fuer-die-EvS-Stiftung.jpg\",\"width\":1500,\"height\":1000,\"caption\":\"Mirela Ivicevic - Foto \u00a9 Rui Camilo f\u00fcr die EvS-Stiftung\"},{\"@type\":\"BreadcrumbList\",\"@id\":\"https:\/\/www.creativeaustria.at\/2025\/09\/04\/bludenzer-tage-zeitgemaesser-musik-2025-remise-bludenz\/#breadcrumb\",\"itemListElement\":[{\"@type\":\"ListItem\",\"position\":1,\"name\":\"Startseite\",\"item\":\"https:\/\/www.creativeaustria.at\/en\/\"},{\"@type\":\"ListItem\",\"position\":2,\"name\":\"Bludenz Days of Contemporary Music 2025 \/ Remise, Bludenz\"}]},{\"@type\":\"WebSite\",\"@id\":\"https:\/\/www.creativeaustria.at\/#website\",\"url\":\"https:\/\/www.creativeaustria.at\/\",\"name\":\"CREATIVE AUSTRIA \u2013 Contemporary Culture\",\"description\":\"Austrias Magazine for Contemporary Culture\",\"potentialAction\":[{\"@type\":\"SearchAction\",\"target\":{\"@type\":\"EntryPoint\",\"urlTemplate\":\"https:\/\/www.creativeaustria.at\/?s={search_term_string}\"},\"query-input\":{\"@type\":\"PropertyValueSpecification\",\"valueRequired\":true,\"valueName\":\"search_term_string\"}}],\"inLanguage\":\"en-US\"},{\"@type\":\"Person\",\"@id\":\"https:\/\/www.creativeaustria.at\/#\/schema\/person\/2ef270c3dee27d6c0ec621fe9330173e\",\"name\":\"CREATIVE AUSTRIA\",\"image\":{\"@type\":\"ImageObject\",\"inLanguage\":\"en-US\",\"@id\":\"https:\/\/www.creativeaustria.at\/#\/schema\/person\/image\/\",\"url\":\"https:\/\/secure.gravatar.com\/avatar\/684a70572f233313686e8858b8b6ca7b?s=96&d=mm&r=g\",\"contentUrl\":\"https:\/\/secure.gravatar.com\/avatar\/684a70572f233313686e8858b8b6ca7b?s=96&d=mm&r=g\",\"caption\":\"CREATIVE AUSTRIA\"},\"sameAs\":[\"http:\/\/www.creativeaustria.at\"],\"url\":\"https:\/\/www.creativeaustria.at\/en\/author\/creative-austria-redaktion\/\"}]}<\/script>\n<!-- \/ Yoast SEO plugin. -->","yoast_head_json":{"title":"Bludenz Days of Contemporary Music 2025 \/ Remise, Bludenz &#187; CREATIVE AUSTRIA \u2013 Contemporary Culture","robots":{"index":"index","follow":"follow","max-snippet":"max-snippet:-1","max-image-preview":"max-image-preview:large","max-video-preview":"max-video-preview:-1"},"canonical":"https:\/\/www.creativeaustria.at\/2025\/09\/04\/bludenzer-tage-zeitgemaesser-musik-2025-remise-bludenz\/","og_locale":"en_US","og_type":"article","og_title":"Bludenz Days of Contemporary Music 2025 \/ Remise, Bludenz &#187; CREATIVE AUSTRIA \u2013 Contemporary Culture","og_description":"18.09.2025 \u2013 21.09.2025 The Bludenz Days of Contemporary Music is an international festival whose aim is to bring contemporary music to Bludenz. The highest quality is valued in both composition and interpretation. In 2025, the Bludenz Days of Contemporary Music will focus on the theme of \u2018intimacy\u2019; it will also be the first festival under [&hellip;]","og_url":"https:\/\/www.creativeaustria.at\/2025\/09\/04\/bludenzer-tage-zeitgemaesser-musik-2025-remise-bludenz\/","og_site_name":"CREATIVE AUSTRIA \u2013 Contemporary Culture","article_publisher":"https:\/\/www.facebook.com\/creativeaustria","article_published_time":"2025-09-04T08:50:00+00:00","article_modified_time":"2025-09-04T08:28:00+00:00","og_image":[{"width":1500,"height":1000,"url":"https:\/\/www.creativeaustria.at\/wp-content\/uploads\/2025\/09\/Bild-1-Mirela-Ivicevic-Foto-Rui-Camilo-fuer-die-EvS-Stiftung.jpg","type":"image\/jpeg"}],"author":"CREATIVE AUSTRIA","twitter_card":"summary_large_image","twitter_misc":{"Written by":"CREATIVE AUSTRIA","Est. reading time":"2 minutes"},"schema":{"@context":"https:\/\/schema.org","@graph":[{"@type":"WebPage","@id":"https:\/\/www.creativeaustria.at\/2025\/09\/04\/bludenzer-tage-zeitgemaesser-musik-2025-remise-bludenz\/","url":"https:\/\/www.creativeaustria.at\/2025\/09\/04\/bludenzer-tage-zeitgemaesser-musik-2025-remise-bludenz\/","name":"Bludenz Days of Contemporary Music 2025 \/ Remise, Bludenz &#187; CREATIVE AUSTRIA \u2013 Contemporary Culture","isPartOf":{"@id":"https:\/\/www.creativeaustria.at\/#website"},"primaryImageOfPage":{"@id":"https:\/\/www.creativeaustria.at\/2025\/09\/04\/bludenzer-tage-zeitgemaesser-musik-2025-remise-bludenz\/#primaryimage"},"image":{"@id":"https:\/\/www.creativeaustria.at\/2025\/09\/04\/bludenzer-tage-zeitgemaesser-musik-2025-remise-bludenz\/#primaryimage"},"thumbnailUrl":"https:\/\/www.creativeaustria.at\/wp-content\/uploads\/2025\/09\/Bild-1-Mirela-Ivicevic-Foto-Rui-Camilo-fuer-die-EvS-Stiftung.jpg","datePublished":"2025-09-04T08:50:00+00:00","dateModified":"2025-09-04T08:28:00+00:00","author":{"@id":"https:\/\/www.creativeaustria.at\/#\/schema\/person\/2ef270c3dee27d6c0ec621fe9330173e"},"breadcrumb":{"@id":"https:\/\/www.creativeaustria.at\/2025\/09\/04\/bludenzer-tage-zeitgemaesser-musik-2025-remise-bludenz\/#breadcrumb"},"inLanguage":"en-US","potentialAction":[{"@type":"ReadAction","target":["https:\/\/www.creativeaustria.at\/2025\/09\/04\/bludenzer-tage-zeitgemaesser-musik-2025-remise-bludenz\/"]}]},{"@type":"ImageObject","inLanguage":"en-US","@id":"https:\/\/www.creativeaustria.at\/2025\/09\/04\/bludenzer-tage-zeitgemaesser-musik-2025-remise-bludenz\/#primaryimage","url":"https:\/\/www.creativeaustria.at\/wp-content\/uploads\/2025\/09\/Bild-1-Mirela-Ivicevic-Foto-Rui-Camilo-fuer-die-EvS-Stiftung.jpg","contentUrl":"https:\/\/www.creativeaustria.at\/wp-content\/uploads\/2025\/09\/Bild-1-Mirela-Ivicevic-Foto-Rui-Camilo-fuer-die-EvS-Stiftung.jpg","width":1500,"height":1000,"caption":"Mirela Ivicevic - Foto \u00a9 Rui Camilo f\u00fcr die EvS-Stiftung"},{"@type":"BreadcrumbList","@id":"https:\/\/www.creativeaustria.at\/2025\/09\/04\/bludenzer-tage-zeitgemaesser-musik-2025-remise-bludenz\/#breadcrumb","itemListElement":[{"@type":"ListItem","position":1,"name":"Startseite","item":"https:\/\/www.creativeaustria.at\/en\/"},{"@type":"ListItem","position":2,"name":"Bludenz Days of Contemporary Music 2025 \/ Remise, Bludenz"}]},{"@type":"WebSite","@id":"https:\/\/www.creativeaustria.at\/#website","url":"https:\/\/www.creativeaustria.at\/","name":"CREATIVE AUSTRIA \u2013 Contemporary Culture","description":"Austrias Magazine for Contemporary Culture","potentialAction":[{"@type":"SearchAction","target":{"@type":"EntryPoint","urlTemplate":"https:\/\/www.creativeaustria.at\/?s={search_term_string}"},"query-input":{"@type":"PropertyValueSpecification","valueRequired":true,"valueName":"search_term_string"}}],"inLanguage":"en-US"},{"@type":"Person","@id":"https:\/\/www.creativeaustria.at\/#\/schema\/person\/2ef270c3dee27d6c0ec621fe9330173e","name":"CREATIVE AUSTRIA","image":{"@type":"ImageObject","inLanguage":"en-US","@id":"https:\/\/www.creativeaustria.at\/#\/schema\/person\/image\/","url":"https:\/\/secure.gravatar.com\/avatar\/684a70572f233313686e8858b8b6ca7b?s=96&d=mm&r=g","contentUrl":"https:\/\/secure.gravatar.com\/avatar\/684a70572f233313686e8858b8b6ca7b?s=96&d=mm&r=g","caption":"CREATIVE AUSTRIA"},"sameAs":["http:\/\/www.creativeaustria.at"],"url":"https:\/\/www.creativeaustria.at\/en\/author\/creative-austria-redaktion\/"}]}},"jetpack_featured_media_url":"https:\/\/www.creativeaustria.at\/wp-content\/uploads\/2025\/09\/Bild-1-Mirela-Ivicevic-Foto-Rui-Camilo-fuer-die-EvS-Stiftung.jpg","jetpack_sharing_enabled":true,"jetpack_shortlink":"https:\/\/wp.me\/p9E1qX-dTx","_links":{"self":[{"href":"https:\/\/www.creativeaustria.at\/en\/wp-json\/wp\/v2\/posts\/53415"}],"collection":[{"href":"https:\/\/www.creativeaustria.at\/en\/wp-json\/wp\/v2\/posts"}],"about":[{"href":"https:\/\/www.creativeaustria.at\/en\/wp-json\/wp\/v2\/types\/post"}],"author":[{"embeddable":true,"href":"https:\/\/www.creativeaustria.at\/en\/wp-json\/wp\/v2\/users\/2"}],"replies":[{"embeddable":true,"href":"https:\/\/www.creativeaustria.at\/en\/wp-json\/wp\/v2\/comments?post=53415"}],"version-history":[{"count":1,"href":"https:\/\/www.creativeaustria.at\/en\/wp-json\/wp\/v2\/posts\/53415\/revisions"}],"predecessor-version":[{"id":53416,"href":"https:\/\/www.creativeaustria.at\/en\/wp-json\/wp\/v2\/posts\/53415\/revisions\/53416"}],"wp:featuredmedia":[{"embeddable":true,"href":"https:\/\/www.creativeaustria.at\/en\/wp-json\/wp\/v2\/media\/53414"}],"wp:attachment":[{"href":"https:\/\/www.creativeaustria.at\/en\/wp-json\/wp\/v2\/media?parent=53415"}],"wp:term":[{"taxonomy":"category","embeddable":true,"href":"https:\/\/www.creativeaustria.at\/en\/wp-json\/wp\/v2\/categories?post=53415"},{"taxonomy":"post_tag","embeddable":true,"href":"https:\/\/www.creativeaustria.at\/en\/wp-json\/wp\/v2\/tags?post=53415"}],"curies":[{"name":"wp","href":"https:\/\/api.w.org\/{rel}","templated":true}]}}