{"id":54030,"date":"2025-10-22T08:28:00","date_gmt":"2025-10-22T08:28:00","guid":{"rendered":"https:\/\/www.creativeaustria.at\/?p=54030"},"modified":"2025-10-21T10:57:01","modified_gmt":"2025-10-21T10:57:01","slug":"anna-hulacova-bucolica-kunstraum-dornbirn-vorarlberg","status":"publish","type":"post","link":"https:\/\/www.creativeaustria.at\/en\/2025\/10\/22\/anna-hulacova-bucolica-kunstraum-dornbirn-vorarlberg\/","title":{"rendered":"Anna Hula\u010dov\u00e1 \u2013 Bucolica \/ Kunstraum Dornbirn, Vorarlberg"},"content":{"rendered":"\n<p><strong>14.11.2025 \u2013 01.03.2026<\/strong><\/p>\n\n\n\n<p>Anna Hula\u010dov\u00e1&#8217;s exhibition \u2018Bucolica\u2019 opens up a technologically futuristic world steeped in ancient storytelling traditions, mythological symbolism and pictorial references, which intensively explores the themes of agriculture and ecology. To this end, the artist develops a narrative dialectic of reality and fiction, utopia and dystopia. Hula\u010dov\u00e1&#8217;s sculptures take the form of hybrid beings and machines that oscillate in transitory modes between figuration and abstraction. She combines elements of concrete, ceramic, wood and honeycomb in a masterfully executed craft tradition. In an exciting interplay of industrial aesthetics and natural materials, she playfully addresses the depths of the conflict between idealisation and industrialisation of agriculture, civilisation and nature, community and individualism, tradition and progress.<\/p>\n\n\n\n<p><strong>Anna Hula\u010dov\u00e1 \u2013 Bucolica<\/strong><br>14.11.2025 \u2013 01.03.2026<br>Kunstraum Dornbirn<br>Jahngasse 9<br>6850 Dornbirn<br><a href=\"http:\/\/www.kunstraumdornbirn.at\">www.kunstraumdornbirn.at<\/a><\/p>\n\n\n\n<p><br><br><\/p>\n","protected":false},"excerpt":{"rendered":"<p>14.11.2025 \u2013 01.03.2026 Anna Hula\u010dov\u00e1&#8217;s exhibition \u2018Bucolica\u2019 opens up a technologically futuristic world steeped in ancient storytelling traditions, mythological symbolism and pictorial references, which intensively explores the themes of agriculture and ecology. To this end, the artist develops a narrative dialectic of reality and fiction, utopia and dystopia. Hula\u010dov\u00e1&#8217;s sculptures take the form of hybrid [&hellip;]<\/p>\n","protected":false},"author":2,"featured_media":54028,"comment_status":"open","ping_status":"open","sticky":false,"template":"","format":"standard","meta":{"jetpack_post_was_ever_published":false,"_jetpack_newsletter_access":"","_jetpack_dont_email_post_to_subs":false,"_jetpack_newsletter_tier_id":0,"_jetpack_memberships_contains_paywalled_content":false,"_jetpack_memberships_contains_paid_content":false,"footnotes":"","jetpack_publicize_message":"","jetpack_publicize_feature_enabled":true,"jetpack_social_post_already_shared":true,"jetpack_social_options":{"image_generator_settings":{"template":"highway","enabled":false},"version":2}},"categories":[301,80,304,77,282,341,226,285,352,79,196],"tags":[],"class_list":{"0":"post-54030","1":"post","2":"type-post","3":"status-publish","4":"format-standard","5":"has-post-thumbnail","7":"category-art-6","8":"category-art-7","9":"category-art-4","10":"category-gegenwartskultur-en","11":"category-creative-regions-en","12":"category-events-4-en","13":"category-events-7-en","14":"category-events-6-en","15":"category-media-art-visuals-graphics","16":"category-kreative-orte-en","17":"category-vorarlberg-en"},"jetpack_publicize_connections":[],"yoast_head":"<!-- This site is optimized with the Yoast SEO plugin v23.9 - https:\/\/yoast.com\/wordpress\/plugins\/seo\/ -->\n<title>Anna Hula\u010dov\u00e1 \u2013 Bucolica \/ Kunstraum Dornbirn, Vorarlberg &#187; CREATIVE AUSTRIA \u2013 Contemporary Culture<\/title>\n<meta name=\"robots\" content=\"index, follow, max-snippet:-1, max-image-preview:large, max-video-preview:-1\" \/>\n<link rel=\"canonical\" href=\"https:\/\/www.creativeaustria.at\/2025\/10\/22\/anna-hulacova-bucolica-kunstraum-dornbirn-vorarlberg\/\" \/>\n<meta property=\"og:locale\" content=\"en_US\" \/>\n<meta property=\"og:type\" content=\"article\" \/>\n<meta property=\"og:title\" content=\"Anna Hula\u010dov\u00e1 \u2013 Bucolica \/ Kunstraum Dornbirn, Vorarlberg &#187; CREATIVE AUSTRIA \u2013 Contemporary Culture\" \/>\n<meta property=\"og:description\" content=\"14.11.2025 \u2013 01.03.2026 Anna Hula\u010dov\u00e1&#8217;s exhibition \u2018Bucolica\u2019 opens up a technologically futuristic world steeped in ancient storytelling traditions, mythological symbolism and pictorial references, which intensively explores the themes of agriculture and ecology. To this end, the artist develops a narrative dialectic of reality and fiction, utopia and dystopia. Hula\u010dov\u00e1&#8217;s sculptures take the form of hybrid [&hellip;]\" \/>\n<meta property=\"og:url\" content=\"https:\/\/www.creativeaustria.at\/2025\/10\/22\/anna-hulacova-bucolica-kunstraum-dornbirn-vorarlberg\/\" \/>\n<meta property=\"og:site_name\" content=\"CREATIVE AUSTRIA \u2013 Contemporary Culture\" \/>\n<meta property=\"article:publisher\" content=\"https:\/\/www.facebook.com\/creativeaustria\" \/>\n<meta property=\"article:published_time\" content=\"2025-10-22T08:28:00+00:00\" \/>\n<meta property=\"article:modified_time\" content=\"2025-10-21T10:57:01+00:00\" \/>\n<meta property=\"og:image\" content=\"https:\/\/www.creativeaustria.at\/wp-content\/uploads\/2025\/10\/10_Anna-Hulacova-Kucov_Eaters_2023_CEAAC_MonstroPlantes_\u00a9EmilieVialet-scaled.jpg\" \/>\n\t<meta property=\"og:image:width\" content=\"2560\" \/>\n\t<meta property=\"og:image:height\" content=\"1707\" \/>\n\t<meta property=\"og:image:type\" content=\"image\/jpeg\" \/>\n<meta name=\"author\" content=\"CREATIVE AUSTRIA\" \/>\n<meta name=\"twitter:card\" content=\"summary_large_image\" \/>\n<meta name=\"twitter:label1\" content=\"Written by\" \/>\n\t<meta name=\"twitter:data1\" content=\"CREATIVE AUSTRIA\" \/>\n\t<meta name=\"twitter:label2\" content=\"Est. reading time\" \/>\n\t<meta name=\"twitter:data2\" content=\"1 minute\" \/>\n<script type=\"application\/ld+json\" class=\"yoast-schema-graph\">{\"@context\":\"https:\/\/schema.org\",\"@graph\":[{\"@type\":\"WebPage\",\"@id\":\"https:\/\/www.creativeaustria.at\/2025\/10\/22\/anna-hulacova-bucolica-kunstraum-dornbirn-vorarlberg\/\",\"url\":\"https:\/\/www.creativeaustria.at\/2025\/10\/22\/anna-hulacova-bucolica-kunstraum-dornbirn-vorarlberg\/\",\"name\":\"Anna Hula\u010dov\u00e1 \u2013 Bucolica \/ Kunstraum Dornbirn, Vorarlberg &#187; CREATIVE AUSTRIA \u2013 Contemporary Culture\",\"isPartOf\":{\"@id\":\"https:\/\/www.creativeaustria.at\/#website\"},\"primaryImageOfPage\":{\"@id\":\"https:\/\/www.creativeaustria.at\/2025\/10\/22\/anna-hulacova-bucolica-kunstraum-dornbirn-vorarlberg\/#primaryimage\"},\"image\":{\"@id\":\"https:\/\/www.creativeaustria.at\/2025\/10\/22\/anna-hulacova-bucolica-kunstraum-dornbirn-vorarlberg\/#primaryimage\"},\"thumbnailUrl\":\"https:\/\/www.creativeaustria.at\/wp-content\/uploads\/2025\/10\/10_Anna-Hulacova-Kucov_Eaters_2023_CEAAC_MonstroPlantes_\u00a9EmilieVialet-scaled.jpg\",\"datePublished\":\"2025-10-22T08:28:00+00:00\",\"dateModified\":\"2025-10-21T10:57:01+00:00\",\"author\":{\"@id\":\"https:\/\/www.creativeaustria.at\/#\/schema\/person\/2ef270c3dee27d6c0ec621fe9330173e\"},\"breadcrumb\":{\"@id\":\"https:\/\/www.creativeaustria.at\/2025\/10\/22\/anna-hulacova-bucolica-kunstraum-dornbirn-vorarlberg\/#breadcrumb\"},\"inLanguage\":\"en-US\",\"potentialAction\":[{\"@type\":\"ReadAction\",\"target\":[\"https:\/\/www.creativeaustria.at\/2025\/10\/22\/anna-hulacova-bucolica-kunstraum-dornbirn-vorarlberg\/\"]}]},{\"@type\":\"ImageObject\",\"inLanguage\":\"en-US\",\"@id\":\"https:\/\/www.creativeaustria.at\/2025\/10\/22\/anna-hulacova-bucolica-kunstraum-dornbirn-vorarlberg\/#primaryimage\",\"url\":\"https:\/\/www.creativeaustria.at\/wp-content\/uploads\/2025\/10\/10_Anna-Hulacova-Kucov_Eaters_2023_CEAAC_MonstroPlantes_\u00a9EmilieVialet-scaled.jpg\",\"contentUrl\":\"https:\/\/www.creativeaustria.at\/wp-content\/uploads\/2025\/10\/10_Anna-Hulacova-Kucov_Eaters_2023_CEAAC_MonstroPlantes_\u00a9EmilieVialet-scaled.jpg\",\"width\":2560,\"height\":1707,\"caption\":\"Anna Hula\u010dov\u00e1, 'Klu\u010dov Eaters', 2023, Photo Emilie Vialet \u00a9 Anna Hula\u010dov\u00e1, courtesy der K\u00fcnstlerin und hunt kastner, Prag.\"},{\"@type\":\"BreadcrumbList\",\"@id\":\"https:\/\/www.creativeaustria.at\/2025\/10\/22\/anna-hulacova-bucolica-kunstraum-dornbirn-vorarlberg\/#breadcrumb\",\"itemListElement\":[{\"@type\":\"ListItem\",\"position\":1,\"name\":\"Startseite\",\"item\":\"https:\/\/www.creativeaustria.at\/en\/\"},{\"@type\":\"ListItem\",\"position\":2,\"name\":\"Anna Hula\u010dov\u00e1 \u2013 Bucolica \/ Kunstraum Dornbirn, Vorarlberg\"}]},{\"@type\":\"WebSite\",\"@id\":\"https:\/\/www.creativeaustria.at\/#website\",\"url\":\"https:\/\/www.creativeaustria.at\/\",\"name\":\"CREATIVE AUSTRIA \u2013 Contemporary Culture\",\"description\":\"Austrias Magazine for Contemporary Culture\",\"potentialAction\":[{\"@type\":\"SearchAction\",\"target\":{\"@type\":\"EntryPoint\",\"urlTemplate\":\"https:\/\/www.creativeaustria.at\/?s={search_term_string}\"},\"query-input\":{\"@type\":\"PropertyValueSpecification\",\"valueRequired\":true,\"valueName\":\"search_term_string\"}}],\"inLanguage\":\"en-US\"},{\"@type\":\"Person\",\"@id\":\"https:\/\/www.creativeaustria.at\/#\/schema\/person\/2ef270c3dee27d6c0ec621fe9330173e\",\"name\":\"CREATIVE AUSTRIA\",\"image\":{\"@type\":\"ImageObject\",\"inLanguage\":\"en-US\",\"@id\":\"https:\/\/www.creativeaustria.at\/#\/schema\/person\/image\/\",\"url\":\"https:\/\/secure.gravatar.com\/avatar\/684a70572f233313686e8858b8b6ca7b?s=96&d=mm&r=g\",\"contentUrl\":\"https:\/\/secure.gravatar.com\/avatar\/684a70572f233313686e8858b8b6ca7b?s=96&d=mm&r=g\",\"caption\":\"CREATIVE AUSTRIA\"},\"sameAs\":[\"http:\/\/www.creativeaustria.at\"],\"url\":\"https:\/\/www.creativeaustria.at\/en\/author\/creative-austria-redaktion\/\"}]}<\/script>\n<!-- \/ Yoast SEO plugin. -->","yoast_head_json":{"title":"Anna Hula\u010dov\u00e1 \u2013 Bucolica \/ Kunstraum Dornbirn, Vorarlberg &#187; CREATIVE AUSTRIA \u2013 Contemporary Culture","robots":{"index":"index","follow":"follow","max-snippet":"max-snippet:-1","max-image-preview":"max-image-preview:large","max-video-preview":"max-video-preview:-1"},"canonical":"https:\/\/www.creativeaustria.at\/2025\/10\/22\/anna-hulacova-bucolica-kunstraum-dornbirn-vorarlberg\/","og_locale":"en_US","og_type":"article","og_title":"Anna Hula\u010dov\u00e1 \u2013 Bucolica \/ Kunstraum Dornbirn, Vorarlberg &#187; CREATIVE AUSTRIA \u2013 Contemporary Culture","og_description":"14.11.2025 \u2013 01.03.2026 Anna Hula\u010dov\u00e1&#8217;s exhibition \u2018Bucolica\u2019 opens up a technologically futuristic world steeped in ancient storytelling traditions, mythological symbolism and pictorial references, which intensively explores the themes of agriculture and ecology. To this end, the artist develops a narrative dialectic of reality and fiction, utopia and dystopia. Hula\u010dov\u00e1&#8217;s sculptures take the form of hybrid [&hellip;]","og_url":"https:\/\/www.creativeaustria.at\/2025\/10\/22\/anna-hulacova-bucolica-kunstraum-dornbirn-vorarlberg\/","og_site_name":"CREATIVE AUSTRIA \u2013 Contemporary Culture","article_publisher":"https:\/\/www.facebook.com\/creativeaustria","article_published_time":"2025-10-22T08:28:00+00:00","article_modified_time":"2025-10-21T10:57:01+00:00","og_image":[{"width":2560,"height":1707,"url":"https:\/\/www.creativeaustria.at\/wp-content\/uploads\/2025\/10\/10_Anna-Hulacova-Kucov_Eaters_2023_CEAAC_MonstroPlantes_\u00a9EmilieVialet-scaled.jpg","type":"image\/jpeg"}],"author":"CREATIVE AUSTRIA","twitter_card":"summary_large_image","twitter_misc":{"Written by":"CREATIVE AUSTRIA","Est. reading time":"1 minute"},"schema":{"@context":"https:\/\/schema.org","@graph":[{"@type":"WebPage","@id":"https:\/\/www.creativeaustria.at\/2025\/10\/22\/anna-hulacova-bucolica-kunstraum-dornbirn-vorarlberg\/","url":"https:\/\/www.creativeaustria.at\/2025\/10\/22\/anna-hulacova-bucolica-kunstraum-dornbirn-vorarlberg\/","name":"Anna Hula\u010dov\u00e1 \u2013 Bucolica \/ Kunstraum Dornbirn, Vorarlberg &#187; CREATIVE AUSTRIA \u2013 Contemporary Culture","isPartOf":{"@id":"https:\/\/www.creativeaustria.at\/#website"},"primaryImageOfPage":{"@id":"https:\/\/www.creativeaustria.at\/2025\/10\/22\/anna-hulacova-bucolica-kunstraum-dornbirn-vorarlberg\/#primaryimage"},"image":{"@id":"https:\/\/www.creativeaustria.at\/2025\/10\/22\/anna-hulacova-bucolica-kunstraum-dornbirn-vorarlberg\/#primaryimage"},"thumbnailUrl":"https:\/\/www.creativeaustria.at\/wp-content\/uploads\/2025\/10\/10_Anna-Hulacova-Kucov_Eaters_2023_CEAAC_MonstroPlantes_\u00a9EmilieVialet-scaled.jpg","datePublished":"2025-10-22T08:28:00+00:00","dateModified":"2025-10-21T10:57:01+00:00","author":{"@id":"https:\/\/www.creativeaustria.at\/#\/schema\/person\/2ef270c3dee27d6c0ec621fe9330173e"},"breadcrumb":{"@id":"https:\/\/www.creativeaustria.at\/2025\/10\/22\/anna-hulacova-bucolica-kunstraum-dornbirn-vorarlberg\/#breadcrumb"},"inLanguage":"en-US","potentialAction":[{"@type":"ReadAction","target":["https:\/\/www.creativeaustria.at\/2025\/10\/22\/anna-hulacova-bucolica-kunstraum-dornbirn-vorarlberg\/"]}]},{"@type":"ImageObject","inLanguage":"en-US","@id":"https:\/\/www.creativeaustria.at\/2025\/10\/22\/anna-hulacova-bucolica-kunstraum-dornbirn-vorarlberg\/#primaryimage","url":"https:\/\/www.creativeaustria.at\/wp-content\/uploads\/2025\/10\/10_Anna-Hulacova-Kucov_Eaters_2023_CEAAC_MonstroPlantes_\u00a9EmilieVialet-scaled.jpg","contentUrl":"https:\/\/www.creativeaustria.at\/wp-content\/uploads\/2025\/10\/10_Anna-Hulacova-Kucov_Eaters_2023_CEAAC_MonstroPlantes_\u00a9EmilieVialet-scaled.jpg","width":2560,"height":1707,"caption":"Anna Hula\u010dov\u00e1, 'Klu\u010dov Eaters', 2023, Photo Emilie Vialet \u00a9 Anna Hula\u010dov\u00e1, courtesy der K\u00fcnstlerin und hunt kastner, Prag."},{"@type":"BreadcrumbList","@id":"https:\/\/www.creativeaustria.at\/2025\/10\/22\/anna-hulacova-bucolica-kunstraum-dornbirn-vorarlberg\/#breadcrumb","itemListElement":[{"@type":"ListItem","position":1,"name":"Startseite","item":"https:\/\/www.creativeaustria.at\/en\/"},{"@type":"ListItem","position":2,"name":"Anna Hula\u010dov\u00e1 \u2013 Bucolica \/ Kunstraum Dornbirn, Vorarlberg"}]},{"@type":"WebSite","@id":"https:\/\/www.creativeaustria.at\/#website","url":"https:\/\/www.creativeaustria.at\/","name":"CREATIVE AUSTRIA \u2013 Contemporary Culture","description":"Austrias Magazine for Contemporary Culture","potentialAction":[{"@type":"SearchAction","target":{"@type":"EntryPoint","urlTemplate":"https:\/\/www.creativeaustria.at\/?s={search_term_string}"},"query-input":{"@type":"PropertyValueSpecification","valueRequired":true,"valueName":"search_term_string"}}],"inLanguage":"en-US"},{"@type":"Person","@id":"https:\/\/www.creativeaustria.at\/#\/schema\/person\/2ef270c3dee27d6c0ec621fe9330173e","name":"CREATIVE AUSTRIA","image":{"@type":"ImageObject","inLanguage":"en-US","@id":"https:\/\/www.creativeaustria.at\/#\/schema\/person\/image\/","url":"https:\/\/secure.gravatar.com\/avatar\/684a70572f233313686e8858b8b6ca7b?s=96&d=mm&r=g","contentUrl":"https:\/\/secure.gravatar.com\/avatar\/684a70572f233313686e8858b8b6ca7b?s=96&d=mm&r=g","caption":"CREATIVE AUSTRIA"},"sameAs":["http:\/\/www.creativeaustria.at"],"url":"https:\/\/www.creativeaustria.at\/en\/author\/creative-austria-redaktion\/"}]}},"jetpack_featured_media_url":"https:\/\/www.creativeaustria.at\/wp-content\/uploads\/2025\/10\/10_Anna-Hulacova-Kucov_Eaters_2023_CEAAC_MonstroPlantes_\u00a9EmilieVialet-scaled.jpg","jetpack_sharing_enabled":true,"jetpack_shortlink":"https:\/\/wp.me\/p9E1qX-e3s","_links":{"self":[{"href":"https:\/\/www.creativeaustria.at\/en\/wp-json\/wp\/v2\/posts\/54030"}],"collection":[{"href":"https:\/\/www.creativeaustria.at\/en\/wp-json\/wp\/v2\/posts"}],"about":[{"href":"https:\/\/www.creativeaustria.at\/en\/wp-json\/wp\/v2\/types\/post"}],"author":[{"embeddable":true,"href":"https:\/\/www.creativeaustria.at\/en\/wp-json\/wp\/v2\/users\/2"}],"replies":[{"embeddable":true,"href":"https:\/\/www.creativeaustria.at\/en\/wp-json\/wp\/v2\/comments?post=54030"}],"version-history":[{"count":1,"href":"https:\/\/www.creativeaustria.at\/en\/wp-json\/wp\/v2\/posts\/54030\/revisions"}],"predecessor-version":[{"id":54031,"href":"https:\/\/www.creativeaustria.at\/en\/wp-json\/wp\/v2\/posts\/54030\/revisions\/54031"}],"wp:featuredmedia":[{"embeddable":true,"href":"https:\/\/www.creativeaustria.at\/en\/wp-json\/wp\/v2\/media\/54028"}],"wp:attachment":[{"href":"https:\/\/www.creativeaustria.at\/en\/wp-json\/wp\/v2\/media?parent=54030"}],"wp:term":[{"taxonomy":"category","embeddable":true,"href":"https:\/\/www.creativeaustria.at\/en\/wp-json\/wp\/v2\/categories?post=54030"},{"taxonomy":"post_tag","embeddable":true,"href":"https:\/\/www.creativeaustria.at\/en\/wp-json\/wp\/v2\/tags?post=54030"}],"curies":[{"name":"wp","href":"https:\/\/api.w.org\/{rel}","templated":true}]}}