{"id":54069,"date":"2025-10-23T10:37:00","date_gmt":"2025-10-23T10:37:00","guid":{"rendered":"https:\/\/www.creativeaustria.at\/?p=54069"},"modified":"2025-10-23T07:50:36","modified_gmt":"2025-10-23T07:50:36","slug":"the-dandy-is-on-the-loose-bookolino-2025-literaturhaus-graz","status":"publish","type":"post","link":"https:\/\/www.creativeaustria.at\/en\/2025\/10\/23\/the-dandy-is-on-the-loose-bookolino-2025-literaturhaus-graz\/","title":{"rendered":"The dandy is on the loose! \u2013 bookolino 2025 \/ Literaturhaus Graz"},"content":{"rendered":"\n<p><strong>06.11.2025 \u2013 19.11.2025<\/strong><\/p>\n\n\n\n<p>Images and words that facilitate encounters and open doors are the focus of readings and workshops for school classes during the week, featuring, among others, the newly crowned winner of the German Youth Literature Prize, Jens Rassmus, Hans Christian Andersen Prize winner Heinz Janisch, and children&#8217;s songwriter Matth\u00e4us B\u00e4r. In a focus on peace and democracy, word artist Lena Raubaum, slam poet Omar Khir Alanam and L\u00fcbeck author Matthias Kr\u00f6ner will be appearing.<br>On the weekends, there will be a programme for the whole family: in workshops, picture book cinema and theatre, families can discover the world of images and go on a journey with strong heroes, including Aglaia Szyszkowitz and the pug fish, or go on a musical quest with the little Ich bin ich (I am me).<br>The book and interactive exhibition \u2018The Substances of Writing: \u201cTelling Stories in Pictures\u201d\u2019, with cooperation partners FRida &amp; freD, bookoB\u00f6rse &amp; bookoLaden, invites visitors to take a daily bookotrain journey to the land of illustration and stories and to exchange books.<\/p>\n\n\n\n<p><strong>The dandy is on the loose! \u2013 bookolino 2025<\/strong><br>06.11.2025 \u2013 19.11.2025<br>Literaturhaus Graz<br>Elisabethstra\u00dfe 30. Graz<br><a href=\"http:\/\/www.bookolino.at\">www.bookolino.at<\/a><\/p>\n","protected":false},"excerpt":{"rendered":"<p>06.11.2025 \u2013 19.11.2025 Images and words that facilitate encounters and open doors are the focus of readings and workshops for school classes during the week, featuring, among others, the newly crowned winner of the German Youth Literature Prize, Jens Rassmus, Hans Christian Andersen Prize winner Heinz Janisch, and children&#8217;s songwriter Matth\u00e4us B\u00e4r. In a focus [&hellip;]<\/p>\n","protected":false},"author":2,"featured_media":54068,"comment_status":"open","ping_status":"open","sticky":false,"template":"","format":"standard","meta":{"jetpack_post_was_ever_published":false,"_jetpack_newsletter_access":"","_jetpack_dont_email_post_to_subs":false,"_jetpack_newsletter_tier_id":0,"_jetpack_memberships_contains_paywalled_content":false,"_jetpack_memberships_contains_paid_content":false,"footnotes":"","jetpack_publicize_message":"","jetpack_publicize_feature_enabled":true,"jetpack_social_post_already_shared":true,"jetpack_social_options":{"image_generator_settings":{"template":"highway","enabled":false},"version":2}},"categories":[80,76,301,77,286,285,287,226,231,78,233,79,25],"tags":[],"class_list":{"0":"post-54069","1":"post","2":"type-post","3":"status-publish","4":"format-standard","5":"has-post-thumbnail","7":"category-art-7","8":"category-art","9":"category-art-6","10":"category-gegenwartskultur-en","11":"category-current","12":"category-events-6-en","13":"category-events-en","14":"category-events-7-en","15":"category-festivals-en","16":"category-graz-en","17":"category-literature","18":"category-kreative-orte-en","19":"category-uncategorized"},"jetpack_publicize_connections":[],"yoast_head":"<!-- This site is optimized with the Yoast SEO plugin v23.9 - https:\/\/yoast.com\/wordpress\/plugins\/seo\/ -->\n<title>The dandy is on the loose! \u2013 bookolino 2025 \/ Literaturhaus Graz &#187; CREATIVE AUSTRIA \u2013 Contemporary Culture<\/title>\n<meta name=\"robots\" content=\"index, follow, max-snippet:-1, max-image-preview:large, max-video-preview:-1\" \/>\n<link rel=\"canonical\" href=\"https:\/\/www.creativeaustria.at\/2025\/10\/23\/der-lackaffe-ist-los-bookolino-2025-literaturhaus-graz\/\" \/>\n<meta property=\"og:locale\" content=\"en_US\" \/>\n<meta property=\"og:type\" content=\"article\" \/>\n<meta property=\"og:title\" content=\"The dandy is on the loose! \u2013 bookolino 2025 \/ Literaturhaus Graz &#187; CREATIVE AUSTRIA \u2013 Contemporary Culture\" \/>\n<meta property=\"og:description\" content=\"06.11.2025 \u2013 19.11.2025 Images and words that facilitate encounters and open doors are the focus of readings and workshops for school classes during the week, featuring, among others, the newly crowned winner of the German Youth Literature Prize, Jens Rassmus, Hans Christian Andersen Prize winner Heinz Janisch, and children&#8217;s songwriter Matth\u00e4us B\u00e4r. In a focus [&hellip;]\" \/>\n<meta property=\"og:url\" content=\"https:\/\/www.creativeaustria.at\/2025\/10\/23\/der-lackaffe-ist-los-bookolino-2025-literaturhaus-graz\/\" \/>\n<meta property=\"og:site_name\" content=\"CREATIVE AUSTRIA \u2013 Contemporary Culture\" \/>\n<meta property=\"article:publisher\" content=\"https:\/\/www.facebook.com\/creativeaustria\" \/>\n<meta property=\"article:published_time\" content=\"2025-10-23T10:37:00+00:00\" \/>\n<meta property=\"article:modified_time\" content=\"2025-10-23T07:50:36+00:00\" \/>\n<meta property=\"og:image\" content=\"https:\/\/www.creativeaustria.at\/wp-content\/uploads\/2025\/10\/LHG_Bookolino25_PRESSE-SUJETLOGO_4zu3-scaled.jpg\" \/>\n\t<meta property=\"og:image:width\" content=\"2560\" \/>\n\t<meta property=\"og:image:height\" content=\"1920\" \/>\n\t<meta property=\"og:image:type\" content=\"image\/jpeg\" \/>\n<meta name=\"author\" content=\"CREATIVE AUSTRIA\" \/>\n<meta name=\"twitter:card\" content=\"summary_large_image\" \/>\n<meta name=\"twitter:label1\" content=\"Written by\" \/>\n\t<meta name=\"twitter:data1\" content=\"CREATIVE AUSTRIA\" \/>\n\t<meta name=\"twitter:label2\" content=\"Est. reading time\" \/>\n\t<meta name=\"twitter:data2\" content=\"2 minutes\" \/>\n<script type=\"application\/ld+json\" class=\"yoast-schema-graph\">{\"@context\":\"https:\/\/schema.org\",\"@graph\":[{\"@type\":\"WebPage\",\"@id\":\"https:\/\/www.creativeaustria.at\/2025\/10\/23\/der-lackaffe-ist-los-bookolino-2025-literaturhaus-graz\/\",\"url\":\"https:\/\/www.creativeaustria.at\/2025\/10\/23\/der-lackaffe-ist-los-bookolino-2025-literaturhaus-graz\/\",\"name\":\"The dandy is on the loose! \u2013 bookolino 2025 \/ Literaturhaus Graz &#187; CREATIVE AUSTRIA \u2013 Contemporary Culture\",\"isPartOf\":{\"@id\":\"https:\/\/www.creativeaustria.at\/#website\"},\"primaryImageOfPage\":{\"@id\":\"https:\/\/www.creativeaustria.at\/2025\/10\/23\/der-lackaffe-ist-los-bookolino-2025-literaturhaus-graz\/#primaryimage\"},\"image\":{\"@id\":\"https:\/\/www.creativeaustria.at\/2025\/10\/23\/der-lackaffe-ist-los-bookolino-2025-literaturhaus-graz\/#primaryimage\"},\"thumbnailUrl\":\"https:\/\/www.creativeaustria.at\/wp-content\/uploads\/2025\/10\/LHG_Bookolino25_PRESSE-SUJETLOGO_4zu3-scaled.jpg\",\"datePublished\":\"2025-10-23T10:37:00+00:00\",\"dateModified\":\"2025-10-23T07:50:36+00:00\",\"author\":{\"@id\":\"https:\/\/www.creativeaustria.at\/#\/schema\/person\/2ef270c3dee27d6c0ec621fe9330173e\"},\"breadcrumb\":{\"@id\":\"https:\/\/www.creativeaustria.at\/2025\/10\/23\/der-lackaffe-ist-los-bookolino-2025-literaturhaus-graz\/#breadcrumb\"},\"inLanguage\":\"en-US\",\"potentialAction\":[{\"@type\":\"ReadAction\",\"target\":[\"https:\/\/www.creativeaustria.at\/2025\/10\/23\/der-lackaffe-ist-los-bookolino-2025-literaturhaus-graz\/\"]}]},{\"@type\":\"ImageObject\",\"inLanguage\":\"en-US\",\"@id\":\"https:\/\/www.creativeaustria.at\/2025\/10\/23\/der-lackaffe-ist-los-bookolino-2025-literaturhaus-graz\/#primaryimage\",\"url\":\"https:\/\/www.creativeaustria.at\/wp-content\/uploads\/2025\/10\/LHG_Bookolino25_PRESSE-SUJETLOGO_4zu3-scaled.jpg\",\"contentUrl\":\"https:\/\/www.creativeaustria.at\/wp-content\/uploads\/2025\/10\/LHG_Bookolino25_PRESSE-SUJETLOGO_4zu3-scaled.jpg\",\"width\":2560,\"height\":1920,\"caption\":\"\u00a9 Literaturhaus Graz, Bookolino 2025\"},{\"@type\":\"BreadcrumbList\",\"@id\":\"https:\/\/www.creativeaustria.at\/2025\/10\/23\/der-lackaffe-ist-los-bookolino-2025-literaturhaus-graz\/#breadcrumb\",\"itemListElement\":[{\"@type\":\"ListItem\",\"position\":1,\"name\":\"Startseite\",\"item\":\"https:\/\/www.creativeaustria.at\/en\/\"},{\"@type\":\"ListItem\",\"position\":2,\"name\":\"The dandy is on the loose! \u2013 bookolino 2025 \/ Literaturhaus Graz\"}]},{\"@type\":\"WebSite\",\"@id\":\"https:\/\/www.creativeaustria.at\/#website\",\"url\":\"https:\/\/www.creativeaustria.at\/\",\"name\":\"CREATIVE AUSTRIA \u2013 Contemporary Culture\",\"description\":\"Austrias Magazine for Contemporary Culture\",\"potentialAction\":[{\"@type\":\"SearchAction\",\"target\":{\"@type\":\"EntryPoint\",\"urlTemplate\":\"https:\/\/www.creativeaustria.at\/?s={search_term_string}\"},\"query-input\":{\"@type\":\"PropertyValueSpecification\",\"valueRequired\":true,\"valueName\":\"search_term_string\"}}],\"inLanguage\":\"en-US\"},{\"@type\":\"Person\",\"@id\":\"https:\/\/www.creativeaustria.at\/#\/schema\/person\/2ef270c3dee27d6c0ec621fe9330173e\",\"name\":\"CREATIVE AUSTRIA\",\"image\":{\"@type\":\"ImageObject\",\"inLanguage\":\"en-US\",\"@id\":\"https:\/\/www.creativeaustria.at\/#\/schema\/person\/image\/\",\"url\":\"https:\/\/secure.gravatar.com\/avatar\/684a70572f233313686e8858b8b6ca7b?s=96&d=mm&r=g\",\"contentUrl\":\"https:\/\/secure.gravatar.com\/avatar\/684a70572f233313686e8858b8b6ca7b?s=96&d=mm&r=g\",\"caption\":\"CREATIVE AUSTRIA\"},\"sameAs\":[\"http:\/\/www.creativeaustria.at\"],\"url\":\"https:\/\/www.creativeaustria.at\/en\/author\/creative-austria-redaktion\/\"}]}<\/script>\n<!-- \/ Yoast SEO plugin. -->","yoast_head_json":{"title":"The dandy is on the loose! \u2013 bookolino 2025 \/ Literaturhaus Graz &#187; CREATIVE AUSTRIA \u2013 Contemporary Culture","robots":{"index":"index","follow":"follow","max-snippet":"max-snippet:-1","max-image-preview":"max-image-preview:large","max-video-preview":"max-video-preview:-1"},"canonical":"https:\/\/www.creativeaustria.at\/2025\/10\/23\/der-lackaffe-ist-los-bookolino-2025-literaturhaus-graz\/","og_locale":"en_US","og_type":"article","og_title":"The dandy is on the loose! \u2013 bookolino 2025 \/ Literaturhaus Graz &#187; CREATIVE AUSTRIA \u2013 Contemporary Culture","og_description":"06.11.2025 \u2013 19.11.2025 Images and words that facilitate encounters and open doors are the focus of readings and workshops for school classes during the week, featuring, among others, the newly crowned winner of the German Youth Literature Prize, Jens Rassmus, Hans Christian Andersen Prize winner Heinz Janisch, and children&#8217;s songwriter Matth\u00e4us B\u00e4r. In a focus [&hellip;]","og_url":"https:\/\/www.creativeaustria.at\/2025\/10\/23\/der-lackaffe-ist-los-bookolino-2025-literaturhaus-graz\/","og_site_name":"CREATIVE AUSTRIA \u2013 Contemporary Culture","article_publisher":"https:\/\/www.facebook.com\/creativeaustria","article_published_time":"2025-10-23T10:37:00+00:00","article_modified_time":"2025-10-23T07:50:36+00:00","og_image":[{"width":2560,"height":1920,"url":"https:\/\/www.creativeaustria.at\/wp-content\/uploads\/2025\/10\/LHG_Bookolino25_PRESSE-SUJETLOGO_4zu3-scaled.jpg","type":"image\/jpeg"}],"author":"CREATIVE AUSTRIA","twitter_card":"summary_large_image","twitter_misc":{"Written by":"CREATIVE AUSTRIA","Est. reading time":"2 minutes"},"schema":{"@context":"https:\/\/schema.org","@graph":[{"@type":"WebPage","@id":"https:\/\/www.creativeaustria.at\/2025\/10\/23\/der-lackaffe-ist-los-bookolino-2025-literaturhaus-graz\/","url":"https:\/\/www.creativeaustria.at\/2025\/10\/23\/der-lackaffe-ist-los-bookolino-2025-literaturhaus-graz\/","name":"The dandy is on the loose! \u2013 bookolino 2025 \/ Literaturhaus Graz &#187; CREATIVE AUSTRIA \u2013 Contemporary Culture","isPartOf":{"@id":"https:\/\/www.creativeaustria.at\/#website"},"primaryImageOfPage":{"@id":"https:\/\/www.creativeaustria.at\/2025\/10\/23\/der-lackaffe-ist-los-bookolino-2025-literaturhaus-graz\/#primaryimage"},"image":{"@id":"https:\/\/www.creativeaustria.at\/2025\/10\/23\/der-lackaffe-ist-los-bookolino-2025-literaturhaus-graz\/#primaryimage"},"thumbnailUrl":"https:\/\/www.creativeaustria.at\/wp-content\/uploads\/2025\/10\/LHG_Bookolino25_PRESSE-SUJETLOGO_4zu3-scaled.jpg","datePublished":"2025-10-23T10:37:00+00:00","dateModified":"2025-10-23T07:50:36+00:00","author":{"@id":"https:\/\/www.creativeaustria.at\/#\/schema\/person\/2ef270c3dee27d6c0ec621fe9330173e"},"breadcrumb":{"@id":"https:\/\/www.creativeaustria.at\/2025\/10\/23\/der-lackaffe-ist-los-bookolino-2025-literaturhaus-graz\/#breadcrumb"},"inLanguage":"en-US","potentialAction":[{"@type":"ReadAction","target":["https:\/\/www.creativeaustria.at\/2025\/10\/23\/der-lackaffe-ist-los-bookolino-2025-literaturhaus-graz\/"]}]},{"@type":"ImageObject","inLanguage":"en-US","@id":"https:\/\/www.creativeaustria.at\/2025\/10\/23\/der-lackaffe-ist-los-bookolino-2025-literaturhaus-graz\/#primaryimage","url":"https:\/\/www.creativeaustria.at\/wp-content\/uploads\/2025\/10\/LHG_Bookolino25_PRESSE-SUJETLOGO_4zu3-scaled.jpg","contentUrl":"https:\/\/www.creativeaustria.at\/wp-content\/uploads\/2025\/10\/LHG_Bookolino25_PRESSE-SUJETLOGO_4zu3-scaled.jpg","width":2560,"height":1920,"caption":"\u00a9 Literaturhaus Graz, Bookolino 2025"},{"@type":"BreadcrumbList","@id":"https:\/\/www.creativeaustria.at\/2025\/10\/23\/der-lackaffe-ist-los-bookolino-2025-literaturhaus-graz\/#breadcrumb","itemListElement":[{"@type":"ListItem","position":1,"name":"Startseite","item":"https:\/\/www.creativeaustria.at\/en\/"},{"@type":"ListItem","position":2,"name":"The dandy is on the loose! \u2013 bookolino 2025 \/ Literaturhaus Graz"}]},{"@type":"WebSite","@id":"https:\/\/www.creativeaustria.at\/#website","url":"https:\/\/www.creativeaustria.at\/","name":"CREATIVE AUSTRIA \u2013 Contemporary Culture","description":"Austrias Magazine for Contemporary Culture","potentialAction":[{"@type":"SearchAction","target":{"@type":"EntryPoint","urlTemplate":"https:\/\/www.creativeaustria.at\/?s={search_term_string}"},"query-input":{"@type":"PropertyValueSpecification","valueRequired":true,"valueName":"search_term_string"}}],"inLanguage":"en-US"},{"@type":"Person","@id":"https:\/\/www.creativeaustria.at\/#\/schema\/person\/2ef270c3dee27d6c0ec621fe9330173e","name":"CREATIVE AUSTRIA","image":{"@type":"ImageObject","inLanguage":"en-US","@id":"https:\/\/www.creativeaustria.at\/#\/schema\/person\/image\/","url":"https:\/\/secure.gravatar.com\/avatar\/684a70572f233313686e8858b8b6ca7b?s=96&d=mm&r=g","contentUrl":"https:\/\/secure.gravatar.com\/avatar\/684a70572f233313686e8858b8b6ca7b?s=96&d=mm&r=g","caption":"CREATIVE AUSTRIA"},"sameAs":["http:\/\/www.creativeaustria.at"],"url":"https:\/\/www.creativeaustria.at\/en\/author\/creative-austria-redaktion\/"}]}},"jetpack_featured_media_url":"https:\/\/www.creativeaustria.at\/wp-content\/uploads\/2025\/10\/LHG_Bookolino25_PRESSE-SUJETLOGO_4zu3-scaled.jpg","jetpack_sharing_enabled":true,"jetpack_shortlink":"https:\/\/wp.me\/p9E1qX-e45","_links":{"self":[{"href":"https:\/\/www.creativeaustria.at\/en\/wp-json\/wp\/v2\/posts\/54069"}],"collection":[{"href":"https:\/\/www.creativeaustria.at\/en\/wp-json\/wp\/v2\/posts"}],"about":[{"href":"https:\/\/www.creativeaustria.at\/en\/wp-json\/wp\/v2\/types\/post"}],"author":[{"embeddable":true,"href":"https:\/\/www.creativeaustria.at\/en\/wp-json\/wp\/v2\/users\/2"}],"replies":[{"embeddable":true,"href":"https:\/\/www.creativeaustria.at\/en\/wp-json\/wp\/v2\/comments?post=54069"}],"version-history":[{"count":1,"href":"https:\/\/www.creativeaustria.at\/en\/wp-json\/wp\/v2\/posts\/54069\/revisions"}],"predecessor-version":[{"id":54070,"href":"https:\/\/www.creativeaustria.at\/en\/wp-json\/wp\/v2\/posts\/54069\/revisions\/54070"}],"wp:featuredmedia":[{"embeddable":true,"href":"https:\/\/www.creativeaustria.at\/en\/wp-json\/wp\/v2\/media\/54068"}],"wp:attachment":[{"href":"https:\/\/www.creativeaustria.at\/en\/wp-json\/wp\/v2\/media?parent=54069"}],"wp:term":[{"taxonomy":"category","embeddable":true,"href":"https:\/\/www.creativeaustria.at\/en\/wp-json\/wp\/v2\/categories?post=54069"},{"taxonomy":"post_tag","embeddable":true,"href":"https:\/\/www.creativeaustria.at\/en\/wp-json\/wp\/v2\/tags?post=54069"}],"curies":[{"name":"wp","href":"https:\/\/api.w.org\/{rel}","templated":true}]}}