{"id":54599,"date":"2025-12-01T09:55:00","date_gmt":"2025-12-01T09:55:00","guid":{"rendered":"https:\/\/www.creativeaustria.at\/?p=54599"},"modified":"2025-12-01T09:10:22","modified_gmt":"2025-12-01T09:10:22","slug":"rosa-franziska-maier-in-turkey-cultural-forum-istanbul","status":"publish","type":"post","link":"https:\/\/www.creativeaustria.at\/en\/2025\/12\/01\/rosa-franziska-maier-in-turkey-cultural-forum-istanbul\/","title":{"rendered":"Rosa Franziska Maier in Turkey \/ Cultural Forum Istanbul"},"content":{"rendered":"\n<p><strong>02.12.2025 \u2013 06.12.2025<\/strong><\/p>\n\n\n\n<p>Austrian artist Rosa Franziska Maier will give two concerts in Turkey at the invitation of the Istanbul Cultural Forum and Ankara M\u00fczik Ve G\u00fczel Sanatlar\u0131 \u00dcniversitesi. In her programme Reverie, she will present a varied programme from various areas of the classical guitar repertoire at the Istanbul Cultural Forum. The programme includes works from the English Renaissance by John Dowland, the Romanticism of the 19th century with the composer Giulio Regondi, and a wealth of styles from the 20th century. The ensemble of original compositions for classical guitar is complemented by several transcriptions to create a colourful potpourri. With her subtle sense of sound and innovative repertoire, Maier has been impressing audiences for many years, both as a soloist and in interdisciplinary projects.<\/p>\n\n\n\n<p><strong>Rosa Franziska Maier in Turkey<\/strong><br>02.12.2025 \u2013 06.12.2025<br>Cultural Forum Istanbul<br><a href=\"http:\/\/austriakulturdigital.at\">austriakulturdigital.at<\/a><\/p>\n","protected":false},"excerpt":{"rendered":"<p>02.12.2025 \u2013 06.12.2025 Austrian artist Rosa Franziska Maier will give two concerts in Turkey at the invitation of the Istanbul Cultural Forum and Ankara M\u00fczik Ve G\u00fczel Sanatlar\u0131 \u00dcniversitesi. In her programme Reverie, she will present a varied programme from various areas of the classical guitar repertoire at the Istanbul Cultural Forum. The programme includes [&hellip;]<\/p>\n","protected":false},"author":2,"featured_media":54597,"comment_status":"open","ping_status":"open","sticky":false,"template":"","format":"standard","meta":{"jetpack_post_was_ever_published":false,"_jetpack_newsletter_access":"","_jetpack_dont_email_post_to_subs":false,"_jetpack_newsletter_tier_id":0,"_jetpack_memberships_contains_paywalled_content":false,"_jetpack_memberships_contains_paid_content":false,"footnotes":"","jetpack_publicize_message":"","jetpack_publicize_feature_enabled":true,"jetpack_social_post_already_shared":true,"jetpack_social_options":{"image_generator_settings":{"template":"highway","enabled":false},"version":2}},"categories":[80,242,77,285,226,200,234,79],"tags":[],"class_list":{"0":"post-54599","1":"post","2":"type-post","3":"status-publish","4":"format-standard","5":"has-post-thumbnail","7":"category-art-7","8":"category-culture-forum","9":"category-gegenwartskultur-en","10":"category-events-6-en","11":"category-events-7-en","12":"category-international-en","13":"category-music","14":"category-kreative-orte-en"},"jetpack_publicize_connections":[],"yoast_head":"<!-- This site is optimized with the Yoast SEO plugin v23.9 - https:\/\/yoast.com\/wordpress\/plugins\/seo\/ -->\n<title>Rosa Franziska Maier in Turkey \/ Cultural Forum Istanbul &#187; CREATIVE AUSTRIA \u2013 Contemporary Culture<\/title>\n<meta name=\"robots\" content=\"index, follow, max-snippet:-1, max-image-preview:large, max-video-preview:-1\" \/>\n<link rel=\"canonical\" href=\"https:\/\/www.creativeaustria.at\/2025\/12\/01\/rosa-franziska-maier-in-der-tuerkei-kulturforum-istanbul\/\" \/>\n<meta property=\"og:locale\" content=\"en_US\" \/>\n<meta property=\"og:type\" content=\"article\" \/>\n<meta property=\"og:title\" content=\"Rosa Franziska Maier in Turkey \/ Cultural Forum Istanbul &#187; CREATIVE AUSTRIA \u2013 Contemporary Culture\" \/>\n<meta property=\"og:description\" content=\"02.12.2025 \u2013 06.12.2025 Austrian artist Rosa Franziska Maier will give two concerts in Turkey at the invitation of the Istanbul Cultural Forum and Ankara M\u00fczik Ve G\u00fczel Sanatlar\u0131 \u00dcniversitesi. In her programme Reverie, she will present a varied programme from various areas of the classical guitar repertoire at the Istanbul Cultural Forum. The programme includes [&hellip;]\" \/>\n<meta property=\"og:url\" content=\"https:\/\/www.creativeaustria.at\/2025\/12\/01\/rosa-franziska-maier-in-der-tuerkei-kulturforum-istanbul\/\" \/>\n<meta property=\"og:site_name\" content=\"CREATIVE AUSTRIA \u2013 Contemporary Culture\" \/>\n<meta property=\"article:publisher\" content=\"https:\/\/www.facebook.com\/creativeaustria\" \/>\n<meta property=\"article:published_time\" content=\"2025-12-01T09:55:00+00:00\" \/>\n<meta property=\"article:modified_time\" content=\"2025-12-01T09:10:22+00:00\" \/>\n<meta property=\"og:image\" content=\"https:\/\/www.creativeaustria.at\/wp-content\/uploads\/2025\/12\/KFIstanbul-e1763977588935.jpg\" \/>\n\t<meta property=\"og:image:width\" content=\"666\" \/>\n\t<meta property=\"og:image:height\" content=\"813\" \/>\n\t<meta property=\"og:image:type\" content=\"image\/jpeg\" \/>\n<meta name=\"author\" content=\"CREATIVE AUSTRIA\" \/>\n<meta name=\"twitter:card\" content=\"summary_large_image\" \/>\n<meta name=\"twitter:label1\" content=\"Written by\" \/>\n\t<meta name=\"twitter:data1\" content=\"CREATIVE AUSTRIA\" \/>\n\t<meta name=\"twitter:label2\" content=\"Est. reading time\" \/>\n\t<meta name=\"twitter:data2\" content=\"1 minute\" \/>\n<script type=\"application\/ld+json\" class=\"yoast-schema-graph\">{\"@context\":\"https:\/\/schema.org\",\"@graph\":[{\"@type\":\"WebPage\",\"@id\":\"https:\/\/www.creativeaustria.at\/2025\/12\/01\/rosa-franziska-maier-in-der-tuerkei-kulturforum-istanbul\/\",\"url\":\"https:\/\/www.creativeaustria.at\/2025\/12\/01\/rosa-franziska-maier-in-der-tuerkei-kulturforum-istanbul\/\",\"name\":\"Rosa Franziska Maier in Turkey \/ Cultural Forum Istanbul &#187; CREATIVE AUSTRIA \u2013 Contemporary Culture\",\"isPartOf\":{\"@id\":\"https:\/\/www.creativeaustria.at\/#website\"},\"primaryImageOfPage\":{\"@id\":\"https:\/\/www.creativeaustria.at\/2025\/12\/01\/rosa-franziska-maier-in-der-tuerkei-kulturforum-istanbul\/#primaryimage\"},\"image\":{\"@id\":\"https:\/\/www.creativeaustria.at\/2025\/12\/01\/rosa-franziska-maier-in-der-tuerkei-kulturforum-istanbul\/#primaryimage\"},\"thumbnailUrl\":\"https:\/\/www.creativeaustria.at\/wp-content\/uploads\/2025\/12\/KFIstanbul-e1763977588935.jpg\",\"datePublished\":\"2025-12-01T09:55:00+00:00\",\"dateModified\":\"2025-12-01T09:10:22+00:00\",\"author\":{\"@id\":\"https:\/\/www.creativeaustria.at\/#\/schema\/person\/2ef270c3dee27d6c0ec621fe9330173e\"},\"breadcrumb\":{\"@id\":\"https:\/\/www.creativeaustria.at\/2025\/12\/01\/rosa-franziska-maier-in-der-tuerkei-kulturforum-istanbul\/#breadcrumb\"},\"inLanguage\":\"en-US\",\"potentialAction\":[{\"@type\":\"ReadAction\",\"target\":[\"https:\/\/www.creativeaustria.at\/2025\/12\/01\/rosa-franziska-maier-in-der-tuerkei-kulturforum-istanbul\/\"]}]},{\"@type\":\"ImageObject\",\"inLanguage\":\"en-US\",\"@id\":\"https:\/\/www.creativeaustria.at\/2025\/12\/01\/rosa-franziska-maier-in-der-tuerkei-kulturforum-istanbul\/#primaryimage\",\"url\":\"https:\/\/www.creativeaustria.at\/wp-content\/uploads\/2025\/12\/KFIstanbul-e1763977588935.jpg\",\"contentUrl\":\"https:\/\/www.creativeaustria.at\/wp-content\/uploads\/2025\/12\/KFIstanbul-e1763977588935.jpg\",\"width\":666,\"height\":813,\"caption\":\"\u00a9 Horacio Reyes Pa\u00e9z\"},{\"@type\":\"BreadcrumbList\",\"@id\":\"https:\/\/www.creativeaustria.at\/2025\/12\/01\/rosa-franziska-maier-in-der-tuerkei-kulturforum-istanbul\/#breadcrumb\",\"itemListElement\":[{\"@type\":\"ListItem\",\"position\":1,\"name\":\"Startseite\",\"item\":\"https:\/\/www.creativeaustria.at\/en\/\"},{\"@type\":\"ListItem\",\"position\":2,\"name\":\"Rosa Franziska Maier in Turkey \/ Cultural Forum Istanbul\"}]},{\"@type\":\"WebSite\",\"@id\":\"https:\/\/www.creativeaustria.at\/#website\",\"url\":\"https:\/\/www.creativeaustria.at\/\",\"name\":\"CREATIVE AUSTRIA \u2013 Contemporary Culture\",\"description\":\"Austrias Magazine for Contemporary Culture\",\"potentialAction\":[{\"@type\":\"SearchAction\",\"target\":{\"@type\":\"EntryPoint\",\"urlTemplate\":\"https:\/\/www.creativeaustria.at\/?s={search_term_string}\"},\"query-input\":{\"@type\":\"PropertyValueSpecification\",\"valueRequired\":true,\"valueName\":\"search_term_string\"}}],\"inLanguage\":\"en-US\"},{\"@type\":\"Person\",\"@id\":\"https:\/\/www.creativeaustria.at\/#\/schema\/person\/2ef270c3dee27d6c0ec621fe9330173e\",\"name\":\"CREATIVE AUSTRIA\",\"image\":{\"@type\":\"ImageObject\",\"inLanguage\":\"en-US\",\"@id\":\"https:\/\/www.creativeaustria.at\/#\/schema\/person\/image\/\",\"url\":\"https:\/\/secure.gravatar.com\/avatar\/684a70572f233313686e8858b8b6ca7b?s=96&d=mm&r=g\",\"contentUrl\":\"https:\/\/secure.gravatar.com\/avatar\/684a70572f233313686e8858b8b6ca7b?s=96&d=mm&r=g\",\"caption\":\"CREATIVE AUSTRIA\"},\"sameAs\":[\"http:\/\/www.creativeaustria.at\"],\"url\":\"https:\/\/www.creativeaustria.at\/en\/author\/creative-austria-redaktion\/\"}]}<\/script>\n<!-- \/ Yoast SEO plugin. -->","yoast_head_json":{"title":"Rosa Franziska Maier in Turkey \/ Cultural Forum Istanbul &#187; CREATIVE AUSTRIA \u2013 Contemporary Culture","robots":{"index":"index","follow":"follow","max-snippet":"max-snippet:-1","max-image-preview":"max-image-preview:large","max-video-preview":"max-video-preview:-1"},"canonical":"https:\/\/www.creativeaustria.at\/2025\/12\/01\/rosa-franziska-maier-in-der-tuerkei-kulturforum-istanbul\/","og_locale":"en_US","og_type":"article","og_title":"Rosa Franziska Maier in Turkey \/ Cultural Forum Istanbul &#187; CREATIVE AUSTRIA \u2013 Contemporary Culture","og_description":"02.12.2025 \u2013 06.12.2025 Austrian artist Rosa Franziska Maier will give two concerts in Turkey at the invitation of the Istanbul Cultural Forum and Ankara M\u00fczik Ve G\u00fczel Sanatlar\u0131 \u00dcniversitesi. In her programme Reverie, she will present a varied programme from various areas of the classical guitar repertoire at the Istanbul Cultural Forum. The programme includes [&hellip;]","og_url":"https:\/\/www.creativeaustria.at\/2025\/12\/01\/rosa-franziska-maier-in-der-tuerkei-kulturforum-istanbul\/","og_site_name":"CREATIVE AUSTRIA \u2013 Contemporary Culture","article_publisher":"https:\/\/www.facebook.com\/creativeaustria","article_published_time":"2025-12-01T09:55:00+00:00","article_modified_time":"2025-12-01T09:10:22+00:00","og_image":[{"width":666,"height":813,"url":"https:\/\/www.creativeaustria.at\/wp-content\/uploads\/2025\/12\/KFIstanbul-e1763977588935.jpg","type":"image\/jpeg"}],"author":"CREATIVE AUSTRIA","twitter_card":"summary_large_image","twitter_misc":{"Written by":"CREATIVE AUSTRIA","Est. reading time":"1 minute"},"schema":{"@context":"https:\/\/schema.org","@graph":[{"@type":"WebPage","@id":"https:\/\/www.creativeaustria.at\/2025\/12\/01\/rosa-franziska-maier-in-der-tuerkei-kulturforum-istanbul\/","url":"https:\/\/www.creativeaustria.at\/2025\/12\/01\/rosa-franziska-maier-in-der-tuerkei-kulturforum-istanbul\/","name":"Rosa Franziska Maier in Turkey \/ Cultural Forum Istanbul &#187; CREATIVE AUSTRIA \u2013 Contemporary Culture","isPartOf":{"@id":"https:\/\/www.creativeaustria.at\/#website"},"primaryImageOfPage":{"@id":"https:\/\/www.creativeaustria.at\/2025\/12\/01\/rosa-franziska-maier-in-der-tuerkei-kulturforum-istanbul\/#primaryimage"},"image":{"@id":"https:\/\/www.creativeaustria.at\/2025\/12\/01\/rosa-franziska-maier-in-der-tuerkei-kulturforum-istanbul\/#primaryimage"},"thumbnailUrl":"https:\/\/www.creativeaustria.at\/wp-content\/uploads\/2025\/12\/KFIstanbul-e1763977588935.jpg","datePublished":"2025-12-01T09:55:00+00:00","dateModified":"2025-12-01T09:10:22+00:00","author":{"@id":"https:\/\/www.creativeaustria.at\/#\/schema\/person\/2ef270c3dee27d6c0ec621fe9330173e"},"breadcrumb":{"@id":"https:\/\/www.creativeaustria.at\/2025\/12\/01\/rosa-franziska-maier-in-der-tuerkei-kulturforum-istanbul\/#breadcrumb"},"inLanguage":"en-US","potentialAction":[{"@type":"ReadAction","target":["https:\/\/www.creativeaustria.at\/2025\/12\/01\/rosa-franziska-maier-in-der-tuerkei-kulturforum-istanbul\/"]}]},{"@type":"ImageObject","inLanguage":"en-US","@id":"https:\/\/www.creativeaustria.at\/2025\/12\/01\/rosa-franziska-maier-in-der-tuerkei-kulturforum-istanbul\/#primaryimage","url":"https:\/\/www.creativeaustria.at\/wp-content\/uploads\/2025\/12\/KFIstanbul-e1763977588935.jpg","contentUrl":"https:\/\/www.creativeaustria.at\/wp-content\/uploads\/2025\/12\/KFIstanbul-e1763977588935.jpg","width":666,"height":813,"caption":"\u00a9 Horacio Reyes Pa\u00e9z"},{"@type":"BreadcrumbList","@id":"https:\/\/www.creativeaustria.at\/2025\/12\/01\/rosa-franziska-maier-in-der-tuerkei-kulturforum-istanbul\/#breadcrumb","itemListElement":[{"@type":"ListItem","position":1,"name":"Startseite","item":"https:\/\/www.creativeaustria.at\/en\/"},{"@type":"ListItem","position":2,"name":"Rosa Franziska Maier in Turkey \/ Cultural Forum Istanbul"}]},{"@type":"WebSite","@id":"https:\/\/www.creativeaustria.at\/#website","url":"https:\/\/www.creativeaustria.at\/","name":"CREATIVE AUSTRIA \u2013 Contemporary Culture","description":"Austrias Magazine for Contemporary Culture","potentialAction":[{"@type":"SearchAction","target":{"@type":"EntryPoint","urlTemplate":"https:\/\/www.creativeaustria.at\/?s={search_term_string}"},"query-input":{"@type":"PropertyValueSpecification","valueRequired":true,"valueName":"search_term_string"}}],"inLanguage":"en-US"},{"@type":"Person","@id":"https:\/\/www.creativeaustria.at\/#\/schema\/person\/2ef270c3dee27d6c0ec621fe9330173e","name":"CREATIVE AUSTRIA","image":{"@type":"ImageObject","inLanguage":"en-US","@id":"https:\/\/www.creativeaustria.at\/#\/schema\/person\/image\/","url":"https:\/\/secure.gravatar.com\/avatar\/684a70572f233313686e8858b8b6ca7b?s=96&d=mm&r=g","contentUrl":"https:\/\/secure.gravatar.com\/avatar\/684a70572f233313686e8858b8b6ca7b?s=96&d=mm&r=g","caption":"CREATIVE AUSTRIA"},"sameAs":["http:\/\/www.creativeaustria.at"],"url":"https:\/\/www.creativeaustria.at\/en\/author\/creative-austria-redaktion\/"}]}},"jetpack_featured_media_url":"https:\/\/www.creativeaustria.at\/wp-content\/uploads\/2025\/12\/KFIstanbul-e1763977588935.jpg","jetpack_sharing_enabled":true,"jetpack_shortlink":"https:\/\/wp.me\/p9E1qX-ecD","_links":{"self":[{"href":"https:\/\/www.creativeaustria.at\/en\/wp-json\/wp\/v2\/posts\/54599"}],"collection":[{"href":"https:\/\/www.creativeaustria.at\/en\/wp-json\/wp\/v2\/posts"}],"about":[{"href":"https:\/\/www.creativeaustria.at\/en\/wp-json\/wp\/v2\/types\/post"}],"author":[{"embeddable":true,"href":"https:\/\/www.creativeaustria.at\/en\/wp-json\/wp\/v2\/users\/2"}],"replies":[{"embeddable":true,"href":"https:\/\/www.creativeaustria.at\/en\/wp-json\/wp\/v2\/comments?post=54599"}],"version-history":[{"count":1,"href":"https:\/\/www.creativeaustria.at\/en\/wp-json\/wp\/v2\/posts\/54599\/revisions"}],"predecessor-version":[{"id":54600,"href":"https:\/\/www.creativeaustria.at\/en\/wp-json\/wp\/v2\/posts\/54599\/revisions\/54600"}],"wp:featuredmedia":[{"embeddable":true,"href":"https:\/\/www.creativeaustria.at\/en\/wp-json\/wp\/v2\/media\/54597"}],"wp:attachment":[{"href":"https:\/\/www.creativeaustria.at\/en\/wp-json\/wp\/v2\/media?parent=54599"}],"wp:term":[{"taxonomy":"category","embeddable":true,"href":"https:\/\/www.creativeaustria.at\/en\/wp-json\/wp\/v2\/categories?post=54599"},{"taxonomy":"post_tag","embeddable":true,"href":"https:\/\/www.creativeaustria.at\/en\/wp-json\/wp\/v2\/tags?post=54599"}],"curies":[{"name":"wp","href":"https:\/\/api.w.org\/{rel}","templated":true}]}}