{"id":55033,"date":"2026-01-22T09:27:43","date_gmt":"2026-01-22T09:27:43","guid":{"rendered":"https:\/\/www.creativeaustria.at\/?p=55033"},"modified":"2026-01-22T09:27:44","modified_gmt":"2026-01-22T09:27:44","slug":"susanne-wenger-adunni-olori%e1%b9%a3a-halle-fur-kunst-graz","status":"publish","type":"post","link":"https:\/\/www.creativeaustria.at\/en\/2026\/01\/22\/susanne-wenger-adunni-olori%e1%b9%a3a-halle-fur-kunst-graz\/","title":{"rendered":"Susanne Wenger: \u00c0d\u00f9nn\u00ed Ol\u00f3r\u00ec\u1e63\u00e0 \/ HALLE F\u00dcR KUNST, Graz"},"content":{"rendered":"\n<p><strong>07.02.2026 \u2013 19.04.2026<\/strong><\/p>\n\n\n\n<p>After more than twenty years, Susanne Wenger&#8217;s work returns to Graz with the exhibition \u00c0d\u00f9nn\u00ed Ol\u00f3r\u00ec\u1e63\u00e0. In collaboration with the commendable Susanne Wenger Foundation in Krems, HALLE F\u00dcR KUNST Steiermark presents a carefully curated selection of the artist&#8217;s multifaceted oeuvre. In addition to impressive batik works, selected paintings and drawings are also on display. Particularly noteworthy are her early coloured pencil drawings Traumgesichte (Dream Visions), created in Vienna in 1943\/44 during the war. These visual worlds, populated by oversized insects and a monstrous hare, oscillate between dream and nightmare and reflect an inner struggle with fear, powerlessness and psychological distress. However, the focus of the exhibition, curated by Sandro Droschl, is on Wenger&#8217;s large-format textile works \u2013 colourful batiks that combine myths of creation, death, sacrifice and rebirth. In addition to the impressive presentation of the textile works, paintings from later years are also on display.<\/p>\n\n\n\n<p><strong>Susanne Wenger: \u00c0d\u00f9nn\u00ed Ol\u00f3r\u00ec\u1e63\u00e0<\/strong><br>07.02.2026 \u2013 19.04.2026<br>HALLE F\u00dcR KUNST<br>Burgring 2<br><a href=\"http:\/\/www.halle-fuer-kunst.at\">www.halle-fuer-kunst.at<\/a><\/p>\n","protected":false},"excerpt":{"rendered":"<p>07.02.2026 \u2013 19.04.2026 After more than twenty years, Susanne Wenger&#8217;s work returns to Graz with the exhibition \u00c0d\u00f9nn\u00ed Ol\u00f3r\u00ec\u1e63\u00e0. In collaboration with the commendable Susanne Wenger Foundation in Krems, HALLE F\u00dcR KUNST Steiermark presents a carefully curated selection of the artist&#8217;s multifaceted oeuvre. In addition to impressive batik works, selected paintings and drawings are also [&hellip;]<\/p>\n","protected":false},"author":2,"featured_media":55031,"comment_status":"open","ping_status":"open","sticky":false,"template":"","format":"standard","meta":{"jetpack_post_was_ever_published":false,"_jetpack_newsletter_access":"","_jetpack_dont_email_post_to_subs":false,"_jetpack_newsletter_tier_id":0,"_jetpack_memberships_contains_paywalled_content":false,"_jetpack_memberships_contains_paid_content":false,"footnotes":"","jetpack_publicize_message":"","jetpack_publicize_feature_enabled":true,"jetpack_social_post_already_shared":true,"jetpack_social_options":{"image_generator_settings":{"template":"highway","enabled":false},"version":2}},"categories":[301,80,76,77,282,285,287,226,78,352,79],"tags":[],"class_list":{"0":"post-55033","1":"post","2":"type-post","3":"status-publish","4":"format-standard","5":"has-post-thumbnail","7":"category-art-6","8":"category-art-7","9":"category-art","10":"category-gegenwartskultur-en","11":"category-creative-regions-en","12":"category-events-6-en","13":"category-events-en","14":"category-events-7-en","15":"category-graz-en","16":"category-media-art-visuals-graphics","17":"category-kreative-orte-en"},"jetpack_publicize_connections":[],"yoast_head":"<!-- This site is optimized with the Yoast SEO plugin v23.9 - https:\/\/yoast.com\/wordpress\/plugins\/seo\/ -->\n<title>Susanne Wenger: \u00c0d\u00f9nn\u00ed Ol\u00f3r\u00ec\u1e63\u00e0 \/ HALLE F\u00dcR KUNST, Graz &#187; CREATIVE AUSTRIA \u2013 Contemporary Culture<\/title>\n<meta name=\"robots\" content=\"index, follow, max-snippet:-1, max-image-preview:large, max-video-preview:-1\" \/>\n<link rel=\"canonical\" href=\"https:\/\/www.creativeaustria.at\/en\/2026\/01\/22\/susanne-wenger-adunni-olori\u1e63a-halle-fur-kunst-graz\/\" \/>\n<meta property=\"og:locale\" content=\"en_US\" \/>\n<meta property=\"og:type\" content=\"article\" \/>\n<meta property=\"og:title\" content=\"Susanne Wenger: \u00c0d\u00f9nn\u00ed Ol\u00f3r\u00ec\u1e63\u00e0 \/ HALLE F\u00dcR KUNST, Graz &#187; CREATIVE AUSTRIA \u2013 Contemporary Culture\" \/>\n<meta property=\"og:description\" content=\"07.02.2026 \u2013 19.04.2026 After more than twenty years, Susanne Wenger&#8217;s work returns to Graz with the exhibition \u00c0d\u00f9nn\u00ed Ol\u00f3r\u00ec\u1e63\u00e0. In collaboration with the commendable Susanne Wenger Foundation in Krems, HALLE F\u00dcR KUNST Steiermark presents a carefully curated selection of the artist&#8217;s multifaceted oeuvre. In addition to impressive batik works, selected paintings and drawings are also [&hellip;]\" \/>\n<meta property=\"og:url\" content=\"https:\/\/www.creativeaustria.at\/en\/2026\/01\/22\/susanne-wenger-adunni-olori\u1e63a-halle-fur-kunst-graz\/\" \/>\n<meta property=\"og:site_name\" content=\"CREATIVE AUSTRIA \u2013 Contemporary Culture\" \/>\n<meta property=\"article:publisher\" content=\"https:\/\/www.facebook.com\/creativeaustria\" \/>\n<meta property=\"article:published_time\" content=\"2026-01-22T09:27:43+00:00\" \/>\n<meta property=\"article:modified_time\" content=\"2026-01-22T09:27:44+00:00\" \/>\n<meta property=\"og:image\" content=\"https:\/\/www.creativeaustria.at\/wp-content\/uploads\/2026\/01\/merzeder_01-1016x1024.jpg\" \/>\n\t<meta property=\"og:image:width\" content=\"1016\" \/>\n\t<meta property=\"og:image:height\" content=\"1024\" \/>\n\t<meta property=\"og:image:type\" content=\"image\/jpeg\" \/>\n<meta name=\"author\" content=\"CREATIVE AUSTRIA\" \/>\n<meta name=\"twitter:card\" content=\"summary_large_image\" \/>\n<meta name=\"twitter:label1\" content=\"Written by\" \/>\n\t<meta name=\"twitter:data1\" content=\"CREATIVE AUSTRIA\" \/>\n\t<meta name=\"twitter:label2\" content=\"Est. reading time\" \/>\n\t<meta name=\"twitter:data2\" content=\"2 minutes\" \/>\n<script type=\"application\/ld+json\" class=\"yoast-schema-graph\">{\"@context\":\"https:\/\/schema.org\",\"@graph\":[{\"@type\":\"WebPage\",\"@id\":\"https:\/\/www.creativeaustria.at\/en\/2026\/01\/22\/susanne-wenger-adunni-olori%e1%b9%a3a-halle-fur-kunst-graz\/\",\"url\":\"https:\/\/www.creativeaustria.at\/en\/2026\/01\/22\/susanne-wenger-adunni-olori%e1%b9%a3a-halle-fur-kunst-graz\/\",\"name\":\"Susanne Wenger: \u00c0d\u00f9nn\u00ed Ol\u00f3r\u00ec\u1e63\u00e0 \/ HALLE F\u00dcR KUNST, Graz &#187; CREATIVE AUSTRIA \u2013 Contemporary Culture\",\"isPartOf\":{\"@id\":\"https:\/\/www.creativeaustria.at\/#website\"},\"primaryImageOfPage\":{\"@id\":\"https:\/\/www.creativeaustria.at\/en\/2026\/01\/22\/susanne-wenger-adunni-olori%e1%b9%a3a-halle-fur-kunst-graz\/#primaryimage\"},\"image\":{\"@id\":\"https:\/\/www.creativeaustria.at\/en\/2026\/01\/22\/susanne-wenger-adunni-olori%e1%b9%a3a-halle-fur-kunst-graz\/#primaryimage\"},\"thumbnailUrl\":\"https:\/\/www.creativeaustria.at\/wp-content\/uploads\/2026\/01\/merzeder_01-scaled.jpg\",\"datePublished\":\"2026-01-22T09:27:43+00:00\",\"dateModified\":\"2026-01-22T09:27:44+00:00\",\"author\":{\"@id\":\"https:\/\/www.creativeaustria.at\/#\/schema\/person\/2ef270c3dee27d6c0ec621fe9330173e\"},\"breadcrumb\":{\"@id\":\"https:\/\/www.creativeaustria.at\/en\/2026\/01\/22\/susanne-wenger-adunni-olori%e1%b9%a3a-halle-fur-kunst-graz\/#breadcrumb\"},\"inLanguage\":\"en-US\",\"potentialAction\":[{\"@type\":\"ReadAction\",\"target\":[\"https:\/\/www.creativeaustria.at\/en\/2026\/01\/22\/susanne-wenger-adunni-olori%e1%b9%a3a-halle-fur-kunst-graz\/\"]}]},{\"@type\":\"ImageObject\",\"inLanguage\":\"en-US\",\"@id\":\"https:\/\/www.creativeaustria.at\/en\/2026\/01\/22\/susanne-wenger-adunni-olori%e1%b9%a3a-halle-fur-kunst-graz\/#primaryimage\",\"url\":\"https:\/\/www.creativeaustria.at\/wp-content\/uploads\/2026\/01\/merzeder_01-scaled.jpg\",\"contentUrl\":\"https:\/\/www.creativeaustria.at\/wp-content\/uploads\/2026\/01\/merzeder_01-scaled.jpg\",\"width\":2540,\"height\":2560,\"caption\":\"Foto \u00a9 Gerhard Merzeder \/ Susanne Wenger Foundation\"},{\"@type\":\"BreadcrumbList\",\"@id\":\"https:\/\/www.creativeaustria.at\/en\/2026\/01\/22\/susanne-wenger-adunni-olori%e1%b9%a3a-halle-fur-kunst-graz\/#breadcrumb\",\"itemListElement\":[{\"@type\":\"ListItem\",\"position\":1,\"name\":\"Startseite\",\"item\":\"https:\/\/www.creativeaustria.at\/en\/\"},{\"@type\":\"ListItem\",\"position\":2,\"name\":\"Susanne Wenger: \u00c0d\u00f9nn\u00ed Ol\u00f3r\u00ec\u1e63\u00e0 \/ HALLE F\u00dcR KUNST, Graz\"}]},{\"@type\":\"WebSite\",\"@id\":\"https:\/\/www.creativeaustria.at\/#website\",\"url\":\"https:\/\/www.creativeaustria.at\/\",\"name\":\"CREATIVE AUSTRIA \u2013 Contemporary Culture\",\"description\":\"Austrias Magazine for Contemporary Culture\",\"potentialAction\":[{\"@type\":\"SearchAction\",\"target\":{\"@type\":\"EntryPoint\",\"urlTemplate\":\"https:\/\/www.creativeaustria.at\/?s={search_term_string}\"},\"query-input\":{\"@type\":\"PropertyValueSpecification\",\"valueRequired\":true,\"valueName\":\"search_term_string\"}}],\"inLanguage\":\"en-US\"},{\"@type\":\"Person\",\"@id\":\"https:\/\/www.creativeaustria.at\/#\/schema\/person\/2ef270c3dee27d6c0ec621fe9330173e\",\"name\":\"CREATIVE AUSTRIA\",\"image\":{\"@type\":\"ImageObject\",\"inLanguage\":\"en-US\",\"@id\":\"https:\/\/www.creativeaustria.at\/#\/schema\/person\/image\/\",\"url\":\"https:\/\/secure.gravatar.com\/avatar\/684a70572f233313686e8858b8b6ca7b?s=96&d=mm&r=g\",\"contentUrl\":\"https:\/\/secure.gravatar.com\/avatar\/684a70572f233313686e8858b8b6ca7b?s=96&d=mm&r=g\",\"caption\":\"CREATIVE AUSTRIA\"},\"sameAs\":[\"http:\/\/www.creativeaustria.at\"],\"url\":\"https:\/\/www.creativeaustria.at\/en\/author\/creative-austria-redaktion\/\"}]}<\/script>\n<!-- \/ Yoast SEO plugin. -->","yoast_head_json":{"title":"Susanne Wenger: \u00c0d\u00f9nn\u00ed Ol\u00f3r\u00ec\u1e63\u00e0 \/ HALLE F\u00dcR KUNST, Graz &#187; CREATIVE AUSTRIA \u2013 Contemporary Culture","robots":{"index":"index","follow":"follow","max-snippet":"max-snippet:-1","max-image-preview":"max-image-preview:large","max-video-preview":"max-video-preview:-1"},"canonical":"https:\/\/www.creativeaustria.at\/en\/2026\/01\/22\/susanne-wenger-adunni-olori\u1e63a-halle-fur-kunst-graz\/","og_locale":"en_US","og_type":"article","og_title":"Susanne Wenger: \u00c0d\u00f9nn\u00ed Ol\u00f3r\u00ec\u1e63\u00e0 \/ HALLE F\u00dcR KUNST, Graz &#187; CREATIVE AUSTRIA \u2013 Contemporary Culture","og_description":"07.02.2026 \u2013 19.04.2026 After more than twenty years, Susanne Wenger&#8217;s work returns to Graz with the exhibition \u00c0d\u00f9nn\u00ed Ol\u00f3r\u00ec\u1e63\u00e0. In collaboration with the commendable Susanne Wenger Foundation in Krems, HALLE F\u00dcR KUNST Steiermark presents a carefully curated selection of the artist&#8217;s multifaceted oeuvre. In addition to impressive batik works, selected paintings and drawings are also [&hellip;]","og_url":"https:\/\/www.creativeaustria.at\/en\/2026\/01\/22\/susanne-wenger-adunni-olori\u1e63a-halle-fur-kunst-graz\/","og_site_name":"CREATIVE AUSTRIA \u2013 Contemporary Culture","article_publisher":"https:\/\/www.facebook.com\/creativeaustria","article_published_time":"2026-01-22T09:27:43+00:00","article_modified_time":"2026-01-22T09:27:44+00:00","og_image":[{"width":1016,"height":1024,"url":"https:\/\/www.creativeaustria.at\/wp-content\/uploads\/2026\/01\/merzeder_01-1016x1024.jpg","type":"image\/jpeg"}],"author":"CREATIVE AUSTRIA","twitter_card":"summary_large_image","twitter_misc":{"Written by":"CREATIVE AUSTRIA","Est. reading time":"2 minutes"},"schema":{"@context":"https:\/\/schema.org","@graph":[{"@type":"WebPage","@id":"https:\/\/www.creativeaustria.at\/en\/2026\/01\/22\/susanne-wenger-adunni-olori%e1%b9%a3a-halle-fur-kunst-graz\/","url":"https:\/\/www.creativeaustria.at\/en\/2026\/01\/22\/susanne-wenger-adunni-olori%e1%b9%a3a-halle-fur-kunst-graz\/","name":"Susanne Wenger: \u00c0d\u00f9nn\u00ed Ol\u00f3r\u00ec\u1e63\u00e0 \/ HALLE F\u00dcR KUNST, Graz &#187; CREATIVE AUSTRIA \u2013 Contemporary Culture","isPartOf":{"@id":"https:\/\/www.creativeaustria.at\/#website"},"primaryImageOfPage":{"@id":"https:\/\/www.creativeaustria.at\/en\/2026\/01\/22\/susanne-wenger-adunni-olori%e1%b9%a3a-halle-fur-kunst-graz\/#primaryimage"},"image":{"@id":"https:\/\/www.creativeaustria.at\/en\/2026\/01\/22\/susanne-wenger-adunni-olori%e1%b9%a3a-halle-fur-kunst-graz\/#primaryimage"},"thumbnailUrl":"https:\/\/www.creativeaustria.at\/wp-content\/uploads\/2026\/01\/merzeder_01-scaled.jpg","datePublished":"2026-01-22T09:27:43+00:00","dateModified":"2026-01-22T09:27:44+00:00","author":{"@id":"https:\/\/www.creativeaustria.at\/#\/schema\/person\/2ef270c3dee27d6c0ec621fe9330173e"},"breadcrumb":{"@id":"https:\/\/www.creativeaustria.at\/en\/2026\/01\/22\/susanne-wenger-adunni-olori%e1%b9%a3a-halle-fur-kunst-graz\/#breadcrumb"},"inLanguage":"en-US","potentialAction":[{"@type":"ReadAction","target":["https:\/\/www.creativeaustria.at\/en\/2026\/01\/22\/susanne-wenger-adunni-olori%e1%b9%a3a-halle-fur-kunst-graz\/"]}]},{"@type":"ImageObject","inLanguage":"en-US","@id":"https:\/\/www.creativeaustria.at\/en\/2026\/01\/22\/susanne-wenger-adunni-olori%e1%b9%a3a-halle-fur-kunst-graz\/#primaryimage","url":"https:\/\/www.creativeaustria.at\/wp-content\/uploads\/2026\/01\/merzeder_01-scaled.jpg","contentUrl":"https:\/\/www.creativeaustria.at\/wp-content\/uploads\/2026\/01\/merzeder_01-scaled.jpg","width":2540,"height":2560,"caption":"Foto \u00a9 Gerhard Merzeder \/ Susanne Wenger Foundation"},{"@type":"BreadcrumbList","@id":"https:\/\/www.creativeaustria.at\/en\/2026\/01\/22\/susanne-wenger-adunni-olori%e1%b9%a3a-halle-fur-kunst-graz\/#breadcrumb","itemListElement":[{"@type":"ListItem","position":1,"name":"Startseite","item":"https:\/\/www.creativeaustria.at\/en\/"},{"@type":"ListItem","position":2,"name":"Susanne Wenger: \u00c0d\u00f9nn\u00ed Ol\u00f3r\u00ec\u1e63\u00e0 \/ HALLE F\u00dcR KUNST, Graz"}]},{"@type":"WebSite","@id":"https:\/\/www.creativeaustria.at\/#website","url":"https:\/\/www.creativeaustria.at\/","name":"CREATIVE AUSTRIA \u2013 Contemporary Culture","description":"Austrias Magazine for Contemporary Culture","potentialAction":[{"@type":"SearchAction","target":{"@type":"EntryPoint","urlTemplate":"https:\/\/www.creativeaustria.at\/?s={search_term_string}"},"query-input":{"@type":"PropertyValueSpecification","valueRequired":true,"valueName":"search_term_string"}}],"inLanguage":"en-US"},{"@type":"Person","@id":"https:\/\/www.creativeaustria.at\/#\/schema\/person\/2ef270c3dee27d6c0ec621fe9330173e","name":"CREATIVE AUSTRIA","image":{"@type":"ImageObject","inLanguage":"en-US","@id":"https:\/\/www.creativeaustria.at\/#\/schema\/person\/image\/","url":"https:\/\/secure.gravatar.com\/avatar\/684a70572f233313686e8858b8b6ca7b?s=96&d=mm&r=g","contentUrl":"https:\/\/secure.gravatar.com\/avatar\/684a70572f233313686e8858b8b6ca7b?s=96&d=mm&r=g","caption":"CREATIVE AUSTRIA"},"sameAs":["http:\/\/www.creativeaustria.at"],"url":"https:\/\/www.creativeaustria.at\/en\/author\/creative-austria-redaktion\/"}]}},"jetpack_featured_media_url":"https:\/\/www.creativeaustria.at\/wp-content\/uploads\/2026\/01\/merzeder_01-scaled.jpg","jetpack_sharing_enabled":true,"jetpack_shortlink":"https:\/\/wp.me\/p9E1qX-ejD","_links":{"self":[{"href":"https:\/\/www.creativeaustria.at\/en\/wp-json\/wp\/v2\/posts\/55033"}],"collection":[{"href":"https:\/\/www.creativeaustria.at\/en\/wp-json\/wp\/v2\/posts"}],"about":[{"href":"https:\/\/www.creativeaustria.at\/en\/wp-json\/wp\/v2\/types\/post"}],"author":[{"embeddable":true,"href":"https:\/\/www.creativeaustria.at\/en\/wp-json\/wp\/v2\/users\/2"}],"replies":[{"embeddable":true,"href":"https:\/\/www.creativeaustria.at\/en\/wp-json\/wp\/v2\/comments?post=55033"}],"version-history":[{"count":1,"href":"https:\/\/www.creativeaustria.at\/en\/wp-json\/wp\/v2\/posts\/55033\/revisions"}],"predecessor-version":[{"id":55034,"href":"https:\/\/www.creativeaustria.at\/en\/wp-json\/wp\/v2\/posts\/55033\/revisions\/55034"}],"wp:featuredmedia":[{"embeddable":true,"href":"https:\/\/www.creativeaustria.at\/en\/wp-json\/wp\/v2\/media\/55031"}],"wp:attachment":[{"href":"https:\/\/www.creativeaustria.at\/en\/wp-json\/wp\/v2\/media?parent=55033"}],"wp:term":[{"taxonomy":"category","embeddable":true,"href":"https:\/\/www.creativeaustria.at\/en\/wp-json\/wp\/v2\/categories?post=55033"},{"taxonomy":"post_tag","embeddable":true,"href":"https:\/\/www.creativeaustria.at\/en\/wp-json\/wp\/v2\/tags?post=55033"}],"curies":[{"name":"wp","href":"https:\/\/api.w.org\/{rel}","templated":true}]}}