{"id":55096,"date":"2026-01-27T11:33:00","date_gmt":"2026-01-27T11:33:00","guid":{"rendered":"https:\/\/www.creativeaustria.at\/?p=55096"},"modified":"2026-01-27T09:45:14","modified_gmt":"2026-01-27T09:45:14","slug":"in-the-wheel-of-emotions-awareness-care-and-forms-of-quiet-resilience-in-times-of-crisis-rotor-zentrum-fur-zeitgenossische-kunst-graz","status":"publish","type":"post","link":"https:\/\/www.creativeaustria.at\/en\/2026\/01\/27\/in-the-wheel-of-emotions-awareness-care-and-forms-of-quiet-resilience-in-times-of-crisis-rotor-zentrum-fur-zeitgenossische-kunst-graz\/","title":{"rendered":"In the wheel of emotions \u2013 awareness, care and forms of quiet resilience in times of crisis\/ rotor \u2013 Zentrum f\u00fcr zeitgen\u00f6ssische Kunst, Graz"},"content":{"rendered":"\n<p><strong>30.01.2026 \u2013 26.04.2026<\/strong><\/p>\n\n\n\n<p>Curated by Judit Angel, Eli\u0161ka Mazalanov\u00e1, Margarethe Makovec and Anton Lederer, the exhibition focuses on emotions in the context of multiple contemporary crises and an increasingly polarised political climate. And this in the face of a situation in which systematic exhaustion, political manipulation and enforced self-restraint collide with the basic need for fulfilment, happiness and hope. The artworks on display reflect the formation of emotional maturity through upbringing, education and social norms. They show how fears can be dealt with, empathy fostered, loss overcome and hostile forces resisted. They also highlight the urgency of collective healing, mutual care and strengthened hope in uncertain times \u2013 and recognise the quiet resilience, the small everyday gestures that become apparent at the fault lines of the system.<\/p>\n\n\n\n<p>Participating artists:<br>R\u00f3za El-Hassan, ex-artists\u2019 collective (Tam\u00e1s Kasz\u00e1s &amp; Anik\u00f3 Lor\u00e1nt), Oleksandr Halishchuk, The Hologram, Jana Kapelov\u00e1, Eva Kot\u00b4\u00e1tkov\u00e1, Mouries Collective, Katar\u00edna Polia\u010dikov\u00e1<\/p>\n\n\n\n<p><strong>In the wheel of emotions \u2013 awareness, care and forms of quiet resilience in times of crisis<\/strong><br>30.01.2026 \u2013 26.04.2026<br>&lt;rotor> \u2013 Zentrum f\u00fcr zeitgen\u00f6ssische Kunst<br>Volksgartenstra\u00dfe 6a<br>8020 Graz, Styria<br><a href=\"http:\/\/www.rotor.mur.at\/\">www.rotor.mur.at<\/a><\/p>\n","protected":false},"excerpt":{"rendered":"<p>30.01.2026 \u2013 26.04.2026 Curated by Judit Angel, Eli\u0161ka Mazalanov\u00e1, Margarethe Makovec and Anton Lederer, the exhibition focuses on emotions in the context of multiple contemporary crises and an increasingly polarised political climate. And this in the face of a situation in which systematic exhaustion, political manipulation and enforced self-restraint collide with the basic need for [&hellip;]<\/p>\n","protected":false},"author":2,"featured_media":55095,"comment_status":"open","ping_status":"open","sticky":false,"template":"","format":"standard","meta":{"jetpack_post_was_ever_published":false,"_jetpack_newsletter_access":"","_jetpack_dont_email_post_to_subs":false,"_jetpack_newsletter_tier_id":0,"_jetpack_memberships_contains_paywalled_content":false,"_jetpack_memberships_contains_paid_content":false,"footnotes":"","jetpack_publicize_message":"","jetpack_publicize_feature_enabled":true,"jetpack_social_post_already_shared":true,"jetpack_social_options":{"image_generator_settings":{"template":"highway","enabled":false},"version":2}},"categories":[76,301,80,77,282,226,285,287,78,471,352,79,25],"tags":[],"class_list":{"0":"post-55096","1":"post","2":"type-post","3":"status-publish","4":"format-standard","5":"has-post-thumbnail","7":"category-art","8":"category-art-6","9":"category-art-7","10":"category-gegenwartskultur-en","11":"category-creative-regions-en","12":"category-events-7-en","13":"category-events-6-en","14":"category-events-en","15":"category-graz-en","16":"category-life","17":"category-media-art-visuals-graphics","18":"category-kreative-orte-en","19":"category-uncategorized"},"jetpack_publicize_connections":[],"yoast_head":"<!-- This site is optimized with the Yoast SEO plugin v23.9 - https:\/\/yoast.com\/wordpress\/plugins\/seo\/ -->\n<title>In the wheel of emotions \u2013 awareness, care and forms of quiet resilience in times of crisis\/ rotor \u2013 Zentrum f\u00fcr zeitgen\u00f6ssische Kunst, Graz &#187; CREATIVE AUSTRIA \u2013 Contemporary Culture<\/title>\n<meta name=\"robots\" content=\"index, follow, max-snippet:-1, max-image-preview:large, max-video-preview:-1\" \/>\n<link rel=\"canonical\" href=\"https:\/\/www.creativeaustria.at\/2026\/01\/27\/im-rad-der-emotionen-bewusstsein-fuersorge-und-formen-leiser-resilienz-in-krisenzeiten-rotor-zentrum-fuer-zeitgenoessische-kunst-graz\/\" \/>\n<meta property=\"og:locale\" content=\"en_US\" \/>\n<meta property=\"og:type\" content=\"article\" \/>\n<meta property=\"og:title\" content=\"In the wheel of emotions \u2013 awareness, care and forms of quiet resilience in times of crisis\/ rotor \u2013 Zentrum f\u00fcr zeitgen\u00f6ssische Kunst, Graz &#187; CREATIVE AUSTRIA \u2013 Contemporary Culture\" \/>\n<meta property=\"og:description\" content=\"30.01.2026 \u2013 26.04.2026 Curated by Judit Angel, Eli\u0161ka Mazalanov\u00e1, Margarethe Makovec and Anton Lederer, the exhibition focuses on emotions in the context of multiple contemporary crises and an increasingly polarised political climate. And this in the face of a situation in which systematic exhaustion, political manipulation and enforced self-restraint collide with the basic need for [&hellip;]\" \/>\n<meta property=\"og:url\" content=\"https:\/\/www.creativeaustria.at\/2026\/01\/27\/im-rad-der-emotionen-bewusstsein-fuersorge-und-formen-leiser-resilienz-in-krisenzeiten-rotor-zentrum-fuer-zeitgenoessische-kunst-graz\/\" \/>\n<meta property=\"og:site_name\" content=\"CREATIVE AUSTRIA \u2013 Contemporary Culture\" \/>\n<meta property=\"article:publisher\" content=\"https:\/\/www.facebook.com\/creativeaustria\" \/>\n<meta property=\"article:published_time\" content=\"2026-01-27T11:33:00+00:00\" \/>\n<meta property=\"article:modified_time\" content=\"2026-01-27T09:45:14+00:00\" \/>\n<meta property=\"og:image\" content=\"https:\/\/www.creativeaustria.at\/wp-content\/uploads\/2026\/01\/Roza_El-Hassan_319x450px.jpg\" \/>\n\t<meta property=\"og:image:width\" content=\"390\" \/>\n\t<meta property=\"og:image:height\" content=\"550\" \/>\n\t<meta property=\"og:image:type\" content=\"image\/jpeg\" \/>\n<meta name=\"author\" content=\"CREATIVE AUSTRIA\" \/>\n<meta name=\"twitter:card\" content=\"summary_large_image\" \/>\n<meta name=\"twitter:label1\" content=\"Written by\" \/>\n\t<meta name=\"twitter:data1\" content=\"CREATIVE AUSTRIA\" \/>\n\t<meta name=\"twitter:label2\" content=\"Est. reading time\" \/>\n\t<meta name=\"twitter:data2\" content=\"2 minutes\" \/>\n<script type=\"application\/ld+json\" class=\"yoast-schema-graph\">{\"@context\":\"https:\/\/schema.org\",\"@graph\":[{\"@type\":\"WebPage\",\"@id\":\"https:\/\/www.creativeaustria.at\/2026\/01\/27\/im-rad-der-emotionen-bewusstsein-fuersorge-und-formen-leiser-resilienz-in-krisenzeiten-rotor-zentrum-fuer-zeitgenoessische-kunst-graz\/\",\"url\":\"https:\/\/www.creativeaustria.at\/2026\/01\/27\/im-rad-der-emotionen-bewusstsein-fuersorge-und-formen-leiser-resilienz-in-krisenzeiten-rotor-zentrum-fuer-zeitgenoessische-kunst-graz\/\",\"name\":\"In the wheel of emotions \u2013 awareness, care and forms of quiet resilience in times of crisis\/ rotor \u2013 Zentrum f\u00fcr zeitgen\u00f6ssische Kunst, Graz &#187; CREATIVE AUSTRIA \u2013 Contemporary Culture\",\"isPartOf\":{\"@id\":\"https:\/\/www.creativeaustria.at\/#website\"},\"primaryImageOfPage\":{\"@id\":\"https:\/\/www.creativeaustria.at\/2026\/01\/27\/im-rad-der-emotionen-bewusstsein-fuersorge-und-formen-leiser-resilienz-in-krisenzeiten-rotor-zentrum-fuer-zeitgenoessische-kunst-graz\/#primaryimage\"},\"image\":{\"@id\":\"https:\/\/www.creativeaustria.at\/2026\/01\/27\/im-rad-der-emotionen-bewusstsein-fuersorge-und-formen-leiser-resilienz-in-krisenzeiten-rotor-zentrum-fuer-zeitgenoessische-kunst-graz\/#primaryimage\"},\"thumbnailUrl\":\"https:\/\/www.creativeaustria.at\/wp-content\/uploads\/2026\/01\/Roza_El-Hassan_319x450px.jpg\",\"datePublished\":\"2026-01-27T11:33:00+00:00\",\"dateModified\":\"2026-01-27T09:45:14+00:00\",\"author\":{\"@id\":\"https:\/\/www.creativeaustria.at\/#\/schema\/person\/2ef270c3dee27d6c0ec621fe9330173e\"},\"breadcrumb\":{\"@id\":\"https:\/\/www.creativeaustria.at\/2026\/01\/27\/im-rad-der-emotionen-bewusstsein-fuersorge-und-formen-leiser-resilienz-in-krisenzeiten-rotor-zentrum-fuer-zeitgenoessische-kunst-graz\/#breadcrumb\"},\"inLanguage\":\"en-US\",\"potentialAction\":[{\"@type\":\"ReadAction\",\"target\":[\"https:\/\/www.creativeaustria.at\/2026\/01\/27\/im-rad-der-emotionen-bewusstsein-fuersorge-und-formen-leiser-resilienz-in-krisenzeiten-rotor-zentrum-fuer-zeitgenoessische-kunst-graz\/\"]}]},{\"@type\":\"ImageObject\",\"inLanguage\":\"en-US\",\"@id\":\"https:\/\/www.creativeaustria.at\/2026\/01\/27\/im-rad-der-emotionen-bewusstsein-fuersorge-und-formen-leiser-resilienz-in-krisenzeiten-rotor-zentrum-fuer-zeitgenoessische-kunst-graz\/#primaryimage\",\"url\":\"https:\/\/www.creativeaustria.at\/wp-content\/uploads\/2026\/01\/Roza_El-Hassan_319x450px.jpg\",\"contentUrl\":\"https:\/\/www.creativeaustria.at\/wp-content\/uploads\/2026\/01\/Roza_El-Hassan_319x450px.jpg\",\"width\":390,\"height\":550,\"caption\":\"R\u00f3za El-Hassan, \u201eTear-head I.\u201c, 2025, Foto \u00a9 \u00c1ron Weber, courtesy Longtermhandstand\"},{\"@type\":\"BreadcrumbList\",\"@id\":\"https:\/\/www.creativeaustria.at\/2026\/01\/27\/im-rad-der-emotionen-bewusstsein-fuersorge-und-formen-leiser-resilienz-in-krisenzeiten-rotor-zentrum-fuer-zeitgenoessische-kunst-graz\/#breadcrumb\",\"itemListElement\":[{\"@type\":\"ListItem\",\"position\":1,\"name\":\"Startseite\",\"item\":\"https:\/\/www.creativeaustria.at\/en\/\"},{\"@type\":\"ListItem\",\"position\":2,\"name\":\"In the wheel of emotions \u2013 awareness, care and forms of quiet resilience in times of crisis\/ rotor \u2013 Zentrum f\u00fcr zeitgen\u00f6ssische Kunst, Graz\"}]},{\"@type\":\"WebSite\",\"@id\":\"https:\/\/www.creativeaustria.at\/#website\",\"url\":\"https:\/\/www.creativeaustria.at\/\",\"name\":\"CREATIVE AUSTRIA \u2013 Contemporary Culture\",\"description\":\"Austrias Magazine for Contemporary Culture\",\"potentialAction\":[{\"@type\":\"SearchAction\",\"target\":{\"@type\":\"EntryPoint\",\"urlTemplate\":\"https:\/\/www.creativeaustria.at\/?s={search_term_string}\"},\"query-input\":{\"@type\":\"PropertyValueSpecification\",\"valueRequired\":true,\"valueName\":\"search_term_string\"}}],\"inLanguage\":\"en-US\"},{\"@type\":\"Person\",\"@id\":\"https:\/\/www.creativeaustria.at\/#\/schema\/person\/2ef270c3dee27d6c0ec621fe9330173e\",\"name\":\"CREATIVE AUSTRIA\",\"image\":{\"@type\":\"ImageObject\",\"inLanguage\":\"en-US\",\"@id\":\"https:\/\/www.creativeaustria.at\/#\/schema\/person\/image\/\",\"url\":\"https:\/\/secure.gravatar.com\/avatar\/684a70572f233313686e8858b8b6ca7b?s=96&d=mm&r=g\",\"contentUrl\":\"https:\/\/secure.gravatar.com\/avatar\/684a70572f233313686e8858b8b6ca7b?s=96&d=mm&r=g\",\"caption\":\"CREATIVE AUSTRIA\"},\"sameAs\":[\"http:\/\/www.creativeaustria.at\"],\"url\":\"https:\/\/www.creativeaustria.at\/en\/author\/creative-austria-redaktion\/\"}]}<\/script>\n<!-- \/ Yoast SEO plugin. -->","yoast_head_json":{"title":"In the wheel of emotions \u2013 awareness, care and forms of quiet resilience in times of crisis\/ rotor \u2013 Zentrum f\u00fcr zeitgen\u00f6ssische Kunst, Graz &#187; CREATIVE AUSTRIA \u2013 Contemporary Culture","robots":{"index":"index","follow":"follow","max-snippet":"max-snippet:-1","max-image-preview":"max-image-preview:large","max-video-preview":"max-video-preview:-1"},"canonical":"https:\/\/www.creativeaustria.at\/2026\/01\/27\/im-rad-der-emotionen-bewusstsein-fuersorge-und-formen-leiser-resilienz-in-krisenzeiten-rotor-zentrum-fuer-zeitgenoessische-kunst-graz\/","og_locale":"en_US","og_type":"article","og_title":"In the wheel of emotions \u2013 awareness, care and forms of quiet resilience in times of crisis\/ rotor \u2013 Zentrum f\u00fcr zeitgen\u00f6ssische Kunst, Graz &#187; CREATIVE AUSTRIA \u2013 Contemporary Culture","og_description":"30.01.2026 \u2013 26.04.2026 Curated by Judit Angel, Eli\u0161ka Mazalanov\u00e1, Margarethe Makovec and Anton Lederer, the exhibition focuses on emotions in the context of multiple contemporary crises and an increasingly polarised political climate. And this in the face of a situation in which systematic exhaustion, political manipulation and enforced self-restraint collide with the basic need for [&hellip;]","og_url":"https:\/\/www.creativeaustria.at\/2026\/01\/27\/im-rad-der-emotionen-bewusstsein-fuersorge-und-formen-leiser-resilienz-in-krisenzeiten-rotor-zentrum-fuer-zeitgenoessische-kunst-graz\/","og_site_name":"CREATIVE AUSTRIA \u2013 Contemporary Culture","article_publisher":"https:\/\/www.facebook.com\/creativeaustria","article_published_time":"2026-01-27T11:33:00+00:00","article_modified_time":"2026-01-27T09:45:14+00:00","og_image":[{"width":390,"height":550,"url":"https:\/\/www.creativeaustria.at\/wp-content\/uploads\/2026\/01\/Roza_El-Hassan_319x450px.jpg","type":"image\/jpeg"}],"author":"CREATIVE AUSTRIA","twitter_card":"summary_large_image","twitter_misc":{"Written by":"CREATIVE AUSTRIA","Est. reading time":"2 minutes"},"schema":{"@context":"https:\/\/schema.org","@graph":[{"@type":"WebPage","@id":"https:\/\/www.creativeaustria.at\/2026\/01\/27\/im-rad-der-emotionen-bewusstsein-fuersorge-und-formen-leiser-resilienz-in-krisenzeiten-rotor-zentrum-fuer-zeitgenoessische-kunst-graz\/","url":"https:\/\/www.creativeaustria.at\/2026\/01\/27\/im-rad-der-emotionen-bewusstsein-fuersorge-und-formen-leiser-resilienz-in-krisenzeiten-rotor-zentrum-fuer-zeitgenoessische-kunst-graz\/","name":"In the wheel of emotions \u2013 awareness, care and forms of quiet resilience in times of crisis\/ rotor \u2013 Zentrum f\u00fcr zeitgen\u00f6ssische Kunst, Graz &#187; CREATIVE AUSTRIA \u2013 Contemporary Culture","isPartOf":{"@id":"https:\/\/www.creativeaustria.at\/#website"},"primaryImageOfPage":{"@id":"https:\/\/www.creativeaustria.at\/2026\/01\/27\/im-rad-der-emotionen-bewusstsein-fuersorge-und-formen-leiser-resilienz-in-krisenzeiten-rotor-zentrum-fuer-zeitgenoessische-kunst-graz\/#primaryimage"},"image":{"@id":"https:\/\/www.creativeaustria.at\/2026\/01\/27\/im-rad-der-emotionen-bewusstsein-fuersorge-und-formen-leiser-resilienz-in-krisenzeiten-rotor-zentrum-fuer-zeitgenoessische-kunst-graz\/#primaryimage"},"thumbnailUrl":"https:\/\/www.creativeaustria.at\/wp-content\/uploads\/2026\/01\/Roza_El-Hassan_319x450px.jpg","datePublished":"2026-01-27T11:33:00+00:00","dateModified":"2026-01-27T09:45:14+00:00","author":{"@id":"https:\/\/www.creativeaustria.at\/#\/schema\/person\/2ef270c3dee27d6c0ec621fe9330173e"},"breadcrumb":{"@id":"https:\/\/www.creativeaustria.at\/2026\/01\/27\/im-rad-der-emotionen-bewusstsein-fuersorge-und-formen-leiser-resilienz-in-krisenzeiten-rotor-zentrum-fuer-zeitgenoessische-kunst-graz\/#breadcrumb"},"inLanguage":"en-US","potentialAction":[{"@type":"ReadAction","target":["https:\/\/www.creativeaustria.at\/2026\/01\/27\/im-rad-der-emotionen-bewusstsein-fuersorge-und-formen-leiser-resilienz-in-krisenzeiten-rotor-zentrum-fuer-zeitgenoessische-kunst-graz\/"]}]},{"@type":"ImageObject","inLanguage":"en-US","@id":"https:\/\/www.creativeaustria.at\/2026\/01\/27\/im-rad-der-emotionen-bewusstsein-fuersorge-und-formen-leiser-resilienz-in-krisenzeiten-rotor-zentrum-fuer-zeitgenoessische-kunst-graz\/#primaryimage","url":"https:\/\/www.creativeaustria.at\/wp-content\/uploads\/2026\/01\/Roza_El-Hassan_319x450px.jpg","contentUrl":"https:\/\/www.creativeaustria.at\/wp-content\/uploads\/2026\/01\/Roza_El-Hassan_319x450px.jpg","width":390,"height":550,"caption":"R\u00f3za El-Hassan, \u201eTear-head I.\u201c, 2025, Foto \u00a9 \u00c1ron Weber, courtesy Longtermhandstand"},{"@type":"BreadcrumbList","@id":"https:\/\/www.creativeaustria.at\/2026\/01\/27\/im-rad-der-emotionen-bewusstsein-fuersorge-und-formen-leiser-resilienz-in-krisenzeiten-rotor-zentrum-fuer-zeitgenoessische-kunst-graz\/#breadcrumb","itemListElement":[{"@type":"ListItem","position":1,"name":"Startseite","item":"https:\/\/www.creativeaustria.at\/en\/"},{"@type":"ListItem","position":2,"name":"In the wheel of emotions \u2013 awareness, care and forms of quiet resilience in times of crisis\/ rotor \u2013 Zentrum f\u00fcr zeitgen\u00f6ssische Kunst, Graz"}]},{"@type":"WebSite","@id":"https:\/\/www.creativeaustria.at\/#website","url":"https:\/\/www.creativeaustria.at\/","name":"CREATIVE AUSTRIA \u2013 Contemporary Culture","description":"Austrias Magazine for Contemporary Culture","potentialAction":[{"@type":"SearchAction","target":{"@type":"EntryPoint","urlTemplate":"https:\/\/www.creativeaustria.at\/?s={search_term_string}"},"query-input":{"@type":"PropertyValueSpecification","valueRequired":true,"valueName":"search_term_string"}}],"inLanguage":"en-US"},{"@type":"Person","@id":"https:\/\/www.creativeaustria.at\/#\/schema\/person\/2ef270c3dee27d6c0ec621fe9330173e","name":"CREATIVE AUSTRIA","image":{"@type":"ImageObject","inLanguage":"en-US","@id":"https:\/\/www.creativeaustria.at\/#\/schema\/person\/image\/","url":"https:\/\/secure.gravatar.com\/avatar\/684a70572f233313686e8858b8b6ca7b?s=96&d=mm&r=g","contentUrl":"https:\/\/secure.gravatar.com\/avatar\/684a70572f233313686e8858b8b6ca7b?s=96&d=mm&r=g","caption":"CREATIVE AUSTRIA"},"sameAs":["http:\/\/www.creativeaustria.at"],"url":"https:\/\/www.creativeaustria.at\/en\/author\/creative-austria-redaktion\/"}]}},"jetpack_featured_media_url":"https:\/\/www.creativeaustria.at\/wp-content\/uploads\/2026\/01\/Roza_El-Hassan_319x450px.jpg","jetpack_sharing_enabled":true,"jetpack_shortlink":"https:\/\/wp.me\/p9E1qX-ekE","_links":{"self":[{"href":"https:\/\/www.creativeaustria.at\/en\/wp-json\/wp\/v2\/posts\/55096"}],"collection":[{"href":"https:\/\/www.creativeaustria.at\/en\/wp-json\/wp\/v2\/posts"}],"about":[{"href":"https:\/\/www.creativeaustria.at\/en\/wp-json\/wp\/v2\/types\/post"}],"author":[{"embeddable":true,"href":"https:\/\/www.creativeaustria.at\/en\/wp-json\/wp\/v2\/users\/2"}],"replies":[{"embeddable":true,"href":"https:\/\/www.creativeaustria.at\/en\/wp-json\/wp\/v2\/comments?post=55096"}],"version-history":[{"count":1,"href":"https:\/\/www.creativeaustria.at\/en\/wp-json\/wp\/v2\/posts\/55096\/revisions"}],"predecessor-version":[{"id":55097,"href":"https:\/\/www.creativeaustria.at\/en\/wp-json\/wp\/v2\/posts\/55096\/revisions\/55097"}],"wp:featuredmedia":[{"embeddable":true,"href":"https:\/\/www.creativeaustria.at\/en\/wp-json\/wp\/v2\/media\/55095"}],"wp:attachment":[{"href":"https:\/\/www.creativeaustria.at\/en\/wp-json\/wp\/v2\/media?parent=55096"}],"wp:term":[{"taxonomy":"category","embeddable":true,"href":"https:\/\/www.creativeaustria.at\/en\/wp-json\/wp\/v2\/categories?post=55096"},{"taxonomy":"post_tag","embeddable":true,"href":"https:\/\/www.creativeaustria.at\/en\/wp-json\/wp\/v2\/tags?post=55096"}],"curies":[{"name":"wp","href":"https:\/\/api.w.org\/{rel}","templated":true}]}}