{"id":55127,"date":"2026-01-29T08:27:00","date_gmt":"2026-01-29T08:27:00","guid":{"rendered":"https:\/\/www.creativeaustria.at\/?p=55127"},"modified":"2026-01-28T09:53:54","modified_gmt":"2026-01-28T09:53:54","slug":"ewa-partum-conceptual-exercises-francisco-carolinum-linz","status":"publish","type":"post","link":"https:\/\/www.creativeaustria.at\/en\/2026\/01\/29\/ewa-partum-conceptual-exercises-francisco-carolinum-linz\/","title":{"rendered":"ewa partum \u2013 conceptual exercises \/ Francisco Carolinum Linz"},"content":{"rendered":"\n<p><strong>27.02.2026 \u2013 28.06.2026<\/strong><\/p>\n\n\n\n<p>The exhibition at the Francisco Carolinum is the first comprehensive exhibition of the Polish artist&#8217;s work in Austria. Since the mid-1960s, Partum has consciously combined feminist intentions with conceptual and aesthetic strategies. The exhibition, curated by Nathalie Hoyos and Rainald Schumacher, presents key works by the artist. The Legality of Space is installed in the outdoor space in front of the museum. First shown in 1971 on Freedom Square in \u0141\u00f3d\u017a, the installation consists of traffic signs and self-designed mandatory and prohibitory signs and draws attention to state control of public space. For Change, the artist had half of her face made up as an ageing woman in 1974 and put up around 600 posters of this transformation around the city in 1978. In Self \u2013 Identification from 1980, she collaged her naked body into street scenes and, at the exhibition opening, stepped naked onto the pavement in front of the gallery at the moment when a wedding party was standing there in front of a registry office. My touch is the touch of a woman \u2013 this sentence appears beneath the lipstick-red kiss on one of her mail art sheets from 1971, accompanied by the remark poem by ewa.<\/p>\n\n\n\n<p><strong>ewa partum \u2013 conceptual exercises<\/strong><br>27.02.2026 \u2013 28.06.2026<br>Francisco Carolinum Linz<br>Museusstra\u00dfe 14<br>4020 Linz<br><a href=\"http:\/\/www.ooekultur.at\">www.ooekultur.at<\/a><\/p>\n","protected":false},"excerpt":{"rendered":"<p>27.02.2026 \u2013 28.06.2026 The exhibition at the Francisco Carolinum is the first comprehensive exhibition of the Polish artist&#8217;s work in Austria. Since the mid-1960s, Partum has consciously combined feminist intentions with conceptual and aesthetic strategies. The exhibition, curated by Nathalie Hoyos and Rainald Schumacher, presents key works by the artist. The Legality of Space is [&hellip;]<\/p>\n","protected":false},"author":2,"featured_media":55126,"comment_status":"open","ping_status":"open","sticky":false,"template":"","format":"standard","meta":{"jetpack_post_was_ever_published":false,"_jetpack_newsletter_access":"","_jetpack_dont_email_post_to_subs":false,"_jetpack_newsletter_tier_id":0,"_jetpack_memberships_contains_paywalled_content":false,"_jetpack_memberships_contains_paid_content":false,"footnotes":"","jetpack_publicize_message":"","jetpack_publicize_feature_enabled":true,"jetpack_social_post_already_shared":true,"jetpack_social_options":{"image_generator_settings":{"template":"highway","enabled":false},"version":2}},"categories":[302,80,301,77,227,283,297,339,285,226,344,352,79,25],"tags":[],"class_list":{"0":"post-55127","1":"post","2":"type-post","3":"status-publish","4":"format-standard","5":"has-post-thumbnail","7":"category-art-2","8":"category-art-7","9":"category-art-6","10":"category-gegenwartskultur-en","11":"category-current-7","12":"category-current-6","13":"category-current-2","14":"category-events-2-en","15":"category-events-6-en","16":"category-events-7-en","17":"category-linz-en","18":"category-media-art-visuals-graphics","19":"category-kreative-orte-en","20":"category-uncategorized"},"jetpack_publicize_connections":[],"yoast_head":"<!-- This site is optimized with the Yoast SEO plugin v23.9 - https:\/\/yoast.com\/wordpress\/plugins\/seo\/ -->\n<title>ewa partum \u2013 conceptual exercises \/ Francisco Carolinum Linz &#187; CREATIVE AUSTRIA \u2013 Contemporary Culture<\/title>\n<meta name=\"robots\" content=\"index, follow, max-snippet:-1, max-image-preview:large, max-video-preview:-1\" \/>\n<link rel=\"canonical\" href=\"https:\/\/www.creativeaustria.at\/2026\/01\/29\/ewa-partum-conceptual-exercises-francisco-carolinum-linz\/\" \/>\n<meta property=\"og:locale\" content=\"en_US\" \/>\n<meta property=\"og:type\" content=\"article\" \/>\n<meta property=\"og:title\" content=\"ewa partum \u2013 conceptual exercises \/ Francisco Carolinum Linz &#187; CREATIVE AUSTRIA \u2013 Contemporary Culture\" \/>\n<meta property=\"og:description\" content=\"27.02.2026 \u2013 28.06.2026 The exhibition at the Francisco Carolinum is the first comprehensive exhibition of the Polish artist&#8217;s work in Austria. Since the mid-1960s, Partum has consciously combined feminist intentions with conceptual and aesthetic strategies. The exhibition, curated by Nathalie Hoyos and Rainald Schumacher, presents key works by the artist. The Legality of Space is [&hellip;]\" \/>\n<meta property=\"og:url\" content=\"https:\/\/www.creativeaustria.at\/2026\/01\/29\/ewa-partum-conceptual-exercises-francisco-carolinum-linz\/\" \/>\n<meta property=\"og:site_name\" content=\"CREATIVE AUSTRIA \u2013 Contemporary Culture\" \/>\n<meta property=\"article:publisher\" content=\"https:\/\/www.facebook.com\/creativeaustria\" \/>\n<meta property=\"article:published_time\" content=\"2026-01-29T08:27:00+00:00\" \/>\n<meta property=\"article:modified_time\" content=\"2026-01-28T09:53:54+00:00\" \/>\n<meta property=\"og:image\" content=\"https:\/\/www.creativeaustria.at\/wp-content\/uploads\/2026\/01\/Ewa-Partum-Conceptual-Exercises-1972-Schwarzweiss-Fotografie-scaled.jpg\" \/>\n\t<meta property=\"og:image:width\" content=\"2560\" \/>\n\t<meta property=\"og:image:height\" content=\"1707\" \/>\n\t<meta property=\"og:image:type\" content=\"image\/jpeg\" \/>\n<meta name=\"author\" content=\"CREATIVE AUSTRIA\" \/>\n<meta name=\"twitter:card\" content=\"summary_large_image\" \/>\n<meta name=\"twitter:label1\" content=\"Written by\" \/>\n\t<meta name=\"twitter:data1\" content=\"CREATIVE AUSTRIA\" \/>\n\t<meta name=\"twitter:label2\" content=\"Est. reading time\" \/>\n\t<meta name=\"twitter:data2\" content=\"2 minutes\" \/>\n<script type=\"application\/ld+json\" class=\"yoast-schema-graph\">{\"@context\":\"https:\/\/schema.org\",\"@graph\":[{\"@type\":\"WebPage\",\"@id\":\"https:\/\/www.creativeaustria.at\/2026\/01\/29\/ewa-partum-conceptual-exercises-francisco-carolinum-linz\/\",\"url\":\"https:\/\/www.creativeaustria.at\/2026\/01\/29\/ewa-partum-conceptual-exercises-francisco-carolinum-linz\/\",\"name\":\"ewa partum \u2013 conceptual exercises \/ Francisco Carolinum Linz &#187; CREATIVE AUSTRIA \u2013 Contemporary Culture\",\"isPartOf\":{\"@id\":\"https:\/\/www.creativeaustria.at\/#website\"},\"primaryImageOfPage\":{\"@id\":\"https:\/\/www.creativeaustria.at\/2026\/01\/29\/ewa-partum-conceptual-exercises-francisco-carolinum-linz\/#primaryimage\"},\"image\":{\"@id\":\"https:\/\/www.creativeaustria.at\/2026\/01\/29\/ewa-partum-conceptual-exercises-francisco-carolinum-linz\/#primaryimage\"},\"thumbnailUrl\":\"https:\/\/www.creativeaustria.at\/wp-content\/uploads\/2026\/01\/Ewa-Partum-Conceptual-Exercises-1972-Schwarzweiss-Fotografie-scaled.jpg\",\"datePublished\":\"2026-01-29T08:27:00+00:00\",\"dateModified\":\"2026-01-28T09:53:54+00:00\",\"author\":{\"@id\":\"https:\/\/www.creativeaustria.at\/#\/schema\/person\/2ef270c3dee27d6c0ec621fe9330173e\"},\"breadcrumb\":{\"@id\":\"https:\/\/www.creativeaustria.at\/2026\/01\/29\/ewa-partum-conceptual-exercises-francisco-carolinum-linz\/#breadcrumb\"},\"inLanguage\":\"en-US\",\"potentialAction\":[{\"@type\":\"ReadAction\",\"target\":[\"https:\/\/www.creativeaustria.at\/2026\/01\/29\/ewa-partum-conceptual-exercises-francisco-carolinum-linz\/\"]}]},{\"@type\":\"ImageObject\",\"inLanguage\":\"en-US\",\"@id\":\"https:\/\/www.creativeaustria.at\/2026\/01\/29\/ewa-partum-conceptual-exercises-francisco-carolinum-linz\/#primaryimage\",\"url\":\"https:\/\/www.creativeaustria.at\/wp-content\/uploads\/2026\/01\/Ewa-Partum-Conceptual-Exercises-1972-Schwarzweiss-Fotografie-scaled.jpg\",\"contentUrl\":\"https:\/\/www.creativeaustria.at\/wp-content\/uploads\/2026\/01\/Ewa-Partum-Conceptual-Exercises-1972-Schwarzweiss-Fotografie-scaled.jpg\",\"width\":2560,\"height\":1707,\"caption\":\"\u00a9 Ewa Partum, Conceptual Exercises, 1972, Schwarzwei\u00df Fotografie\"},{\"@type\":\"BreadcrumbList\",\"@id\":\"https:\/\/www.creativeaustria.at\/2026\/01\/29\/ewa-partum-conceptual-exercises-francisco-carolinum-linz\/#breadcrumb\",\"itemListElement\":[{\"@type\":\"ListItem\",\"position\":1,\"name\":\"Startseite\",\"item\":\"https:\/\/www.creativeaustria.at\/en\/\"},{\"@type\":\"ListItem\",\"position\":2,\"name\":\"ewa partum \u2013 conceptual exercises \/ Francisco Carolinum Linz\"}]},{\"@type\":\"WebSite\",\"@id\":\"https:\/\/www.creativeaustria.at\/#website\",\"url\":\"https:\/\/www.creativeaustria.at\/\",\"name\":\"CREATIVE AUSTRIA \u2013 Contemporary Culture\",\"description\":\"Austrias Magazine for Contemporary Culture\",\"potentialAction\":[{\"@type\":\"SearchAction\",\"target\":{\"@type\":\"EntryPoint\",\"urlTemplate\":\"https:\/\/www.creativeaustria.at\/?s={search_term_string}\"},\"query-input\":{\"@type\":\"PropertyValueSpecification\",\"valueRequired\":true,\"valueName\":\"search_term_string\"}}],\"inLanguage\":\"en-US\"},{\"@type\":\"Person\",\"@id\":\"https:\/\/www.creativeaustria.at\/#\/schema\/person\/2ef270c3dee27d6c0ec621fe9330173e\",\"name\":\"CREATIVE AUSTRIA\",\"image\":{\"@type\":\"ImageObject\",\"inLanguage\":\"en-US\",\"@id\":\"https:\/\/www.creativeaustria.at\/#\/schema\/person\/image\/\",\"url\":\"https:\/\/secure.gravatar.com\/avatar\/684a70572f233313686e8858b8b6ca7b?s=96&d=mm&r=g\",\"contentUrl\":\"https:\/\/secure.gravatar.com\/avatar\/684a70572f233313686e8858b8b6ca7b?s=96&d=mm&r=g\",\"caption\":\"CREATIVE AUSTRIA\"},\"sameAs\":[\"http:\/\/www.creativeaustria.at\"],\"url\":\"https:\/\/www.creativeaustria.at\/en\/author\/creative-austria-redaktion\/\"}]}<\/script>\n<!-- \/ Yoast SEO plugin. -->","yoast_head_json":{"title":"ewa partum \u2013 conceptual exercises \/ Francisco Carolinum Linz &#187; CREATIVE AUSTRIA \u2013 Contemporary Culture","robots":{"index":"index","follow":"follow","max-snippet":"max-snippet:-1","max-image-preview":"max-image-preview:large","max-video-preview":"max-video-preview:-1"},"canonical":"https:\/\/www.creativeaustria.at\/2026\/01\/29\/ewa-partum-conceptual-exercises-francisco-carolinum-linz\/","og_locale":"en_US","og_type":"article","og_title":"ewa partum \u2013 conceptual exercises \/ Francisco Carolinum Linz &#187; CREATIVE AUSTRIA \u2013 Contemporary Culture","og_description":"27.02.2026 \u2013 28.06.2026 The exhibition at the Francisco Carolinum is the first comprehensive exhibition of the Polish artist&#8217;s work in Austria. Since the mid-1960s, Partum has consciously combined feminist intentions with conceptual and aesthetic strategies. The exhibition, curated by Nathalie Hoyos and Rainald Schumacher, presents key works by the artist. The Legality of Space is [&hellip;]","og_url":"https:\/\/www.creativeaustria.at\/2026\/01\/29\/ewa-partum-conceptual-exercises-francisco-carolinum-linz\/","og_site_name":"CREATIVE AUSTRIA \u2013 Contemporary Culture","article_publisher":"https:\/\/www.facebook.com\/creativeaustria","article_published_time":"2026-01-29T08:27:00+00:00","article_modified_time":"2026-01-28T09:53:54+00:00","og_image":[{"width":2560,"height":1707,"url":"https:\/\/www.creativeaustria.at\/wp-content\/uploads\/2026\/01\/Ewa-Partum-Conceptual-Exercises-1972-Schwarzweiss-Fotografie-scaled.jpg","type":"image\/jpeg"}],"author":"CREATIVE AUSTRIA","twitter_card":"summary_large_image","twitter_misc":{"Written by":"CREATIVE AUSTRIA","Est. reading time":"2 minutes"},"schema":{"@context":"https:\/\/schema.org","@graph":[{"@type":"WebPage","@id":"https:\/\/www.creativeaustria.at\/2026\/01\/29\/ewa-partum-conceptual-exercises-francisco-carolinum-linz\/","url":"https:\/\/www.creativeaustria.at\/2026\/01\/29\/ewa-partum-conceptual-exercises-francisco-carolinum-linz\/","name":"ewa partum \u2013 conceptual exercises \/ Francisco Carolinum Linz &#187; CREATIVE AUSTRIA \u2013 Contemporary Culture","isPartOf":{"@id":"https:\/\/www.creativeaustria.at\/#website"},"primaryImageOfPage":{"@id":"https:\/\/www.creativeaustria.at\/2026\/01\/29\/ewa-partum-conceptual-exercises-francisco-carolinum-linz\/#primaryimage"},"image":{"@id":"https:\/\/www.creativeaustria.at\/2026\/01\/29\/ewa-partum-conceptual-exercises-francisco-carolinum-linz\/#primaryimage"},"thumbnailUrl":"https:\/\/www.creativeaustria.at\/wp-content\/uploads\/2026\/01\/Ewa-Partum-Conceptual-Exercises-1972-Schwarzweiss-Fotografie-scaled.jpg","datePublished":"2026-01-29T08:27:00+00:00","dateModified":"2026-01-28T09:53:54+00:00","author":{"@id":"https:\/\/www.creativeaustria.at\/#\/schema\/person\/2ef270c3dee27d6c0ec621fe9330173e"},"breadcrumb":{"@id":"https:\/\/www.creativeaustria.at\/2026\/01\/29\/ewa-partum-conceptual-exercises-francisco-carolinum-linz\/#breadcrumb"},"inLanguage":"en-US","potentialAction":[{"@type":"ReadAction","target":["https:\/\/www.creativeaustria.at\/2026\/01\/29\/ewa-partum-conceptual-exercises-francisco-carolinum-linz\/"]}]},{"@type":"ImageObject","inLanguage":"en-US","@id":"https:\/\/www.creativeaustria.at\/2026\/01\/29\/ewa-partum-conceptual-exercises-francisco-carolinum-linz\/#primaryimage","url":"https:\/\/www.creativeaustria.at\/wp-content\/uploads\/2026\/01\/Ewa-Partum-Conceptual-Exercises-1972-Schwarzweiss-Fotografie-scaled.jpg","contentUrl":"https:\/\/www.creativeaustria.at\/wp-content\/uploads\/2026\/01\/Ewa-Partum-Conceptual-Exercises-1972-Schwarzweiss-Fotografie-scaled.jpg","width":2560,"height":1707,"caption":"\u00a9 Ewa Partum, Conceptual Exercises, 1972, Schwarzwei\u00df Fotografie"},{"@type":"BreadcrumbList","@id":"https:\/\/www.creativeaustria.at\/2026\/01\/29\/ewa-partum-conceptual-exercises-francisco-carolinum-linz\/#breadcrumb","itemListElement":[{"@type":"ListItem","position":1,"name":"Startseite","item":"https:\/\/www.creativeaustria.at\/en\/"},{"@type":"ListItem","position":2,"name":"ewa partum \u2013 conceptual exercises \/ Francisco Carolinum Linz"}]},{"@type":"WebSite","@id":"https:\/\/www.creativeaustria.at\/#website","url":"https:\/\/www.creativeaustria.at\/","name":"CREATIVE AUSTRIA \u2013 Contemporary Culture","description":"Austrias Magazine for Contemporary Culture","potentialAction":[{"@type":"SearchAction","target":{"@type":"EntryPoint","urlTemplate":"https:\/\/www.creativeaustria.at\/?s={search_term_string}"},"query-input":{"@type":"PropertyValueSpecification","valueRequired":true,"valueName":"search_term_string"}}],"inLanguage":"en-US"},{"@type":"Person","@id":"https:\/\/www.creativeaustria.at\/#\/schema\/person\/2ef270c3dee27d6c0ec621fe9330173e","name":"CREATIVE AUSTRIA","image":{"@type":"ImageObject","inLanguage":"en-US","@id":"https:\/\/www.creativeaustria.at\/#\/schema\/person\/image\/","url":"https:\/\/secure.gravatar.com\/avatar\/684a70572f233313686e8858b8b6ca7b?s=96&d=mm&r=g","contentUrl":"https:\/\/secure.gravatar.com\/avatar\/684a70572f233313686e8858b8b6ca7b?s=96&d=mm&r=g","caption":"CREATIVE AUSTRIA"},"sameAs":["http:\/\/www.creativeaustria.at"],"url":"https:\/\/www.creativeaustria.at\/en\/author\/creative-austria-redaktion\/"}]}},"jetpack_featured_media_url":"https:\/\/www.creativeaustria.at\/wp-content\/uploads\/2026\/01\/Ewa-Partum-Conceptual-Exercises-1972-Schwarzweiss-Fotografie-scaled.jpg","jetpack_sharing_enabled":true,"jetpack_shortlink":"https:\/\/wp.me\/p9E1qX-el9","_links":{"self":[{"href":"https:\/\/www.creativeaustria.at\/en\/wp-json\/wp\/v2\/posts\/55127"}],"collection":[{"href":"https:\/\/www.creativeaustria.at\/en\/wp-json\/wp\/v2\/posts"}],"about":[{"href":"https:\/\/www.creativeaustria.at\/en\/wp-json\/wp\/v2\/types\/post"}],"author":[{"embeddable":true,"href":"https:\/\/www.creativeaustria.at\/en\/wp-json\/wp\/v2\/users\/2"}],"replies":[{"embeddable":true,"href":"https:\/\/www.creativeaustria.at\/en\/wp-json\/wp\/v2\/comments?post=55127"}],"version-history":[{"count":1,"href":"https:\/\/www.creativeaustria.at\/en\/wp-json\/wp\/v2\/posts\/55127\/revisions"}],"predecessor-version":[{"id":55128,"href":"https:\/\/www.creativeaustria.at\/en\/wp-json\/wp\/v2\/posts\/55127\/revisions\/55128"}],"wp:featuredmedia":[{"embeddable":true,"href":"https:\/\/www.creativeaustria.at\/en\/wp-json\/wp\/v2\/media\/55126"}],"wp:attachment":[{"href":"https:\/\/www.creativeaustria.at\/en\/wp-json\/wp\/v2\/media?parent=55127"}],"wp:term":[{"taxonomy":"category","embeddable":true,"href":"https:\/\/www.creativeaustria.at\/en\/wp-json\/wp\/v2\/categories?post=55127"},{"taxonomy":"post_tag","embeddable":true,"href":"https:\/\/www.creativeaustria.at\/en\/wp-json\/wp\/v2\/tags?post=55127"}],"curies":[{"name":"wp","href":"https:\/\/api.w.org\/{rel}","templated":true}]}}