{"id":56311,"date":"2026-04-29T10:59:00","date_gmt":"2026-04-29T10:59:00","guid":{"rendered":"https:\/\/www.creativeaustria.at\/?p=56311"},"modified":"2026-04-28T08:04:27","modified_gmt":"2026-04-28T08:04:27","slug":"feeling-the-body-joint-exhibition-by-the-innviertler-kunstlergilde-kubin-haus-zwickledt-upper-austria","status":"publish","type":"post","link":"https:\/\/www.creativeaustria.at\/en\/2026\/04\/29\/feeling-the-body-joint-exhibition-by-the-innviertler-kunstlergilde-kubin-haus-zwickledt-upper-austria\/","title":{"rendered":"Feeling the Body \u2013 Joint exhibition by the Innviertler K\u00fcnstler\u00adgilde \/ Kubin-Haus Zwickledt, Upper Austria"},"content":{"rendered":"\n<p><strong>23.05.2026 \u2013 28.06.2026<\/strong><\/p>\n\n\n\n<p>Under the theme \u2018FEELING THE BODY\u2019, 17 members of the Innviertler K\u00fcnstlergilde are presenting their work. Drawing and painting, sculpture and objects, photography and installation are the diverse forms of expression through which the participating artists explore the theme.<\/p>\n\n\n\n<p>Participating artists: Hannelore Demel, Hannes Dorfer, Johanna Fessl, Silvia Fink, Harald Herkner, Beate Lang, Hans Polterauer, Ingrid Pr\u00f6ller, Petra Rader, Christian Schafflhuber, G\u00fcnter Schaubeder, Simone Thurner, Martina Waldenberger, Christine Wawrinek, Thomas Wiederkehr, Elisabeth Wimmer-R\u00f6ck, Heidi Zenz<\/p>\n\n\n\n<p><strong>Feeling the Body \u2013 Joint exhibition by the Innviertler K\u00fcnstler\u00adgilde<\/strong><br>23.05.2026 \u2013 28.06.2026<br>Kubin-Haus Zwickledt<br>Zwickledt 7<br>4783 Wernstein am Inn<br><a href=\"http:\/\/www.ooekultur.at\/\">www.ooekultur.at<\/a><\/p>\n","protected":false},"excerpt":{"rendered":"<p>23.05.2026 \u2013 28.06.2026 Under the theme \u2018FEELING THE BODY\u2019, 17 members of the Innviertler K\u00fcnstlergilde are presenting their work. Drawing and painting, sculpture and objects, photography and installation are the diverse forms of expression through which the participating artists explore the theme. Participating artists: Hannelore Demel, Hannes Dorfer, Johanna Fessl, Silvia Fink, Harald Herkner, Beate [&hellip;]<\/p>\n","protected":false},"author":2,"featured_media":56310,"comment_status":"open","ping_status":"open","sticky":false,"template":"","format":"standard","meta":{"jetpack_post_was_ever_published":false,"_jetpack_newsletter_access":"","_jetpack_dont_email_post_to_subs":false,"_jetpack_newsletter_tier_id":0,"_jetpack_memberships_contains_paywalled_content":false,"_jetpack_memberships_contains_paid_content":false,"footnotes":"","jetpack_publicize_message":"","jetpack_publicize_feature_enabled":true,"jetpack_social_post_already_shared":true,"jetpack_social_options":{"image_generator_settings":{"template":"highway","enabled":false},"version":2}},"categories":[301,302,80,77,282,227,283,297,339,285,226,344,352,79,25],"tags":[],"class_list":{"0":"post-56311","1":"post","2":"type-post","3":"status-publish","4":"format-standard","5":"has-post-thumbnail","7":"category-art-6","8":"category-art-2","9":"category-art-7","10":"category-gegenwartskultur-en","11":"category-creative-regions-en","12":"category-current-7","13":"category-current-6","14":"category-current-2","15":"category-events-2-en","16":"category-events-6-en","17":"category-events-7-en","18":"category-linz-en","19":"category-media-art-visuals-graphics","20":"category-kreative-orte-en","21":"category-uncategorized"},"jetpack_publicize_connections":[],"yoast_head":"<!-- This site is optimized with the Yoast SEO plugin v23.9 - https:\/\/yoast.com\/wordpress\/plugins\/seo\/ -->\n<title>Feeling the Body \u2013 Joint exhibition by the Innviertler K\u00fcnstler\u00adgilde \/ Kubin-Haus Zwickledt, Upper Austria &#187; CREATIVE AUSTRIA \u2013 Contemporary Culture<\/title>\n<meta name=\"robots\" content=\"index, follow, max-snippet:-1, max-image-preview:large, max-video-preview:-1\" \/>\n<link rel=\"canonical\" href=\"https:\/\/www.creativeaustria.at\/2026\/04\/29\/koerper-spueren-gemeinschaftsausstellung-der-innviertler-kuenstlergilde-kubin-haus-zwickledt-oberoesterreich\/\" \/>\n<meta property=\"og:locale\" content=\"en_US\" \/>\n<meta property=\"og:type\" content=\"article\" \/>\n<meta property=\"og:title\" content=\"Feeling the Body \u2013 Joint exhibition by the Innviertler K\u00fcnstler\u00adgilde \/ Kubin-Haus Zwickledt, Upper Austria &#187; CREATIVE AUSTRIA \u2013 Contemporary Culture\" \/>\n<meta property=\"og:description\" content=\"23.05.2026 \u2013 28.06.2026 Under the theme \u2018FEELING THE BODY\u2019, 17 members of the Innviertler K\u00fcnstlergilde are presenting their work. Drawing and painting, sculpture and objects, photography and installation are the diverse forms of expression through which the participating artists explore the theme. Participating artists: Hannelore Demel, Hannes Dorfer, Johanna Fessl, Silvia Fink, Harald Herkner, Beate [&hellip;]\" \/>\n<meta property=\"og:url\" content=\"https:\/\/www.creativeaustria.at\/2026\/04\/29\/koerper-spueren-gemeinschaftsausstellung-der-innviertler-kuenstlergilde-kubin-haus-zwickledt-oberoesterreich\/\" \/>\n<meta property=\"og:site_name\" content=\"CREATIVE AUSTRIA \u2013 Contemporary Culture\" \/>\n<meta property=\"article:publisher\" content=\"https:\/\/www.facebook.com\/creativeaustria\" \/>\n<meta property=\"article:published_time\" content=\"2026-04-29T10:59:00+00:00\" \/>\n<meta property=\"article:modified_time\" content=\"2026-04-28T08:04:27+00:00\" \/>\n<meta property=\"og:image\" content=\"https:\/\/www.creativeaustria.at\/wp-content\/uploads\/2026\/04\/Petra-Rader-FREISCHWIMMERIN-Acryl-auf-LW-70-x-100-cm-\u00a9-Petra-Rader.png\" \/>\n\t<meta property=\"og:image:width\" content=\"789\" \/>\n\t<meta property=\"og:image:height\" content=\"597\" \/>\n\t<meta property=\"og:image:type\" content=\"image\/png\" \/>\n<meta name=\"author\" content=\"CREATIVE AUSTRIA\" \/>\n<meta name=\"twitter:card\" content=\"summary_large_image\" \/>\n<meta name=\"twitter:label1\" content=\"Written by\" \/>\n\t<meta name=\"twitter:data1\" content=\"CREATIVE AUSTRIA\" \/>\n\t<meta name=\"twitter:label2\" content=\"Est. reading time\" \/>\n\t<meta name=\"twitter:data2\" content=\"1 minute\" \/>\n<script type=\"application\/ld+json\" class=\"yoast-schema-graph\">{\"@context\":\"https:\/\/schema.org\",\"@graph\":[{\"@type\":\"WebPage\",\"@id\":\"https:\/\/www.creativeaustria.at\/2026\/04\/29\/koerper-spueren-gemeinschaftsausstellung-der-innviertler-kuenstlergilde-kubin-haus-zwickledt-oberoesterreich\/\",\"url\":\"https:\/\/www.creativeaustria.at\/2026\/04\/29\/koerper-spueren-gemeinschaftsausstellung-der-innviertler-kuenstlergilde-kubin-haus-zwickledt-oberoesterreich\/\",\"name\":\"Feeling the Body \u2013 Joint exhibition by the Innviertler K\u00fcnstler\u00adgilde \/ Kubin-Haus Zwickledt, Upper Austria &#187; CREATIVE AUSTRIA \u2013 Contemporary Culture\",\"isPartOf\":{\"@id\":\"https:\/\/www.creativeaustria.at\/#website\"},\"primaryImageOfPage\":{\"@id\":\"https:\/\/www.creativeaustria.at\/2026\/04\/29\/koerper-spueren-gemeinschaftsausstellung-der-innviertler-kuenstlergilde-kubin-haus-zwickledt-oberoesterreich\/#primaryimage\"},\"image\":{\"@id\":\"https:\/\/www.creativeaustria.at\/2026\/04\/29\/koerper-spueren-gemeinschaftsausstellung-der-innviertler-kuenstlergilde-kubin-haus-zwickledt-oberoesterreich\/#primaryimage\"},\"thumbnailUrl\":\"https:\/\/www.creativeaustria.at\/wp-content\/uploads\/2026\/04\/Petra-Rader-FREISCHWIMMERIN-Acryl-auf-LW-70-x-100-cm-\u00a9-Petra-Rader.png\",\"datePublished\":\"2026-04-29T10:59:00+00:00\",\"dateModified\":\"2026-04-28T08:04:27+00:00\",\"author\":{\"@id\":\"https:\/\/www.creativeaustria.at\/#\/schema\/person\/2ef270c3dee27d6c0ec621fe9330173e\"},\"breadcrumb\":{\"@id\":\"https:\/\/www.creativeaustria.at\/2026\/04\/29\/koerper-spueren-gemeinschaftsausstellung-der-innviertler-kuenstlergilde-kubin-haus-zwickledt-oberoesterreich\/#breadcrumb\"},\"inLanguage\":\"en-US\",\"potentialAction\":[{\"@type\":\"ReadAction\",\"target\":[\"https:\/\/www.creativeaustria.at\/2026\/04\/29\/koerper-spueren-gemeinschaftsausstellung-der-innviertler-kuenstlergilde-kubin-haus-zwickledt-oberoesterreich\/\"]}]},{\"@type\":\"ImageObject\",\"inLanguage\":\"en-US\",\"@id\":\"https:\/\/www.creativeaustria.at\/2026\/04\/29\/koerper-spueren-gemeinschaftsausstellung-der-innviertler-kuenstlergilde-kubin-haus-zwickledt-oberoesterreich\/#primaryimage\",\"url\":\"https:\/\/www.creativeaustria.at\/wp-content\/uploads\/2026\/04\/Petra-Rader-FREISCHWIMMERIN-Acryl-auf-LW-70-x-100-cm-\u00a9-Petra-Rader.png\",\"contentUrl\":\"https:\/\/www.creativeaustria.at\/wp-content\/uploads\/2026\/04\/Petra-Rader-FREISCHWIMMERIN-Acryl-auf-LW-70-x-100-cm-\u00a9-Petra-Rader.png\",\"width\":789,\"height\":597,\"caption\":\"Petra Rader FREISCHWIMMERIN, Acryl auf LW, 70 x 100 cm \u00a9 Petra Rader\"},{\"@type\":\"BreadcrumbList\",\"@id\":\"https:\/\/www.creativeaustria.at\/2026\/04\/29\/koerper-spueren-gemeinschaftsausstellung-der-innviertler-kuenstlergilde-kubin-haus-zwickledt-oberoesterreich\/#breadcrumb\",\"itemListElement\":[{\"@type\":\"ListItem\",\"position\":1,\"name\":\"Startseite\",\"item\":\"https:\/\/www.creativeaustria.at\/en\/\"},{\"@type\":\"ListItem\",\"position\":2,\"name\":\"Feeling the Body \u2013 Joint exhibition by the Innviertler K\u00fcnstler\u00adgilde \/ Kubin-Haus Zwickledt, Upper Austria\"}]},{\"@type\":\"WebSite\",\"@id\":\"https:\/\/www.creativeaustria.at\/#website\",\"url\":\"https:\/\/www.creativeaustria.at\/\",\"name\":\"CREATIVE AUSTRIA \u2013 Contemporary Culture\",\"description\":\"Austrias Magazine for Contemporary Culture\",\"potentialAction\":[{\"@type\":\"SearchAction\",\"target\":{\"@type\":\"EntryPoint\",\"urlTemplate\":\"https:\/\/www.creativeaustria.at\/?s={search_term_string}\"},\"query-input\":{\"@type\":\"PropertyValueSpecification\",\"valueRequired\":true,\"valueName\":\"search_term_string\"}}],\"inLanguage\":\"en-US\"},{\"@type\":\"Person\",\"@id\":\"https:\/\/www.creativeaustria.at\/#\/schema\/person\/2ef270c3dee27d6c0ec621fe9330173e\",\"name\":\"CREATIVE AUSTRIA\",\"image\":{\"@type\":\"ImageObject\",\"inLanguage\":\"en-US\",\"@id\":\"https:\/\/www.creativeaustria.at\/#\/schema\/person\/image\/\",\"url\":\"https:\/\/secure.gravatar.com\/avatar\/684a70572f233313686e8858b8b6ca7b?s=96&d=mm&r=g\",\"contentUrl\":\"https:\/\/secure.gravatar.com\/avatar\/684a70572f233313686e8858b8b6ca7b?s=96&d=mm&r=g\",\"caption\":\"CREATIVE AUSTRIA\"},\"sameAs\":[\"http:\/\/www.creativeaustria.at\"],\"url\":\"https:\/\/www.creativeaustria.at\/en\/author\/creative-austria-redaktion\/\"}]}<\/script>\n<!-- \/ Yoast SEO plugin. -->","yoast_head_json":{"title":"Feeling the Body \u2013 Joint exhibition by the Innviertler K\u00fcnstler\u00adgilde \/ Kubin-Haus Zwickledt, Upper Austria &#187; CREATIVE AUSTRIA \u2013 Contemporary Culture","robots":{"index":"index","follow":"follow","max-snippet":"max-snippet:-1","max-image-preview":"max-image-preview:large","max-video-preview":"max-video-preview:-1"},"canonical":"https:\/\/www.creativeaustria.at\/2026\/04\/29\/koerper-spueren-gemeinschaftsausstellung-der-innviertler-kuenstlergilde-kubin-haus-zwickledt-oberoesterreich\/","og_locale":"en_US","og_type":"article","og_title":"Feeling the Body \u2013 Joint exhibition by the Innviertler K\u00fcnstler\u00adgilde \/ Kubin-Haus Zwickledt, Upper Austria &#187; CREATIVE AUSTRIA \u2013 Contemporary Culture","og_description":"23.05.2026 \u2013 28.06.2026 Under the theme \u2018FEELING THE BODY\u2019, 17 members of the Innviertler K\u00fcnstlergilde are presenting their work. Drawing and painting, sculpture and objects, photography and installation are the diverse forms of expression through which the participating artists explore the theme. Participating artists: Hannelore Demel, Hannes Dorfer, Johanna Fessl, Silvia Fink, Harald Herkner, Beate [&hellip;]","og_url":"https:\/\/www.creativeaustria.at\/2026\/04\/29\/koerper-spueren-gemeinschaftsausstellung-der-innviertler-kuenstlergilde-kubin-haus-zwickledt-oberoesterreich\/","og_site_name":"CREATIVE AUSTRIA \u2013 Contemporary Culture","article_publisher":"https:\/\/www.facebook.com\/creativeaustria","article_published_time":"2026-04-29T10:59:00+00:00","article_modified_time":"2026-04-28T08:04:27+00:00","og_image":[{"width":789,"height":597,"url":"https:\/\/www.creativeaustria.at\/wp-content\/uploads\/2026\/04\/Petra-Rader-FREISCHWIMMERIN-Acryl-auf-LW-70-x-100-cm-\u00a9-Petra-Rader.png","type":"image\/png"}],"author":"CREATIVE AUSTRIA","twitter_card":"summary_large_image","twitter_misc":{"Written by":"CREATIVE AUSTRIA","Est. reading time":"1 minute"},"schema":{"@context":"https:\/\/schema.org","@graph":[{"@type":"WebPage","@id":"https:\/\/www.creativeaustria.at\/2026\/04\/29\/koerper-spueren-gemeinschaftsausstellung-der-innviertler-kuenstlergilde-kubin-haus-zwickledt-oberoesterreich\/","url":"https:\/\/www.creativeaustria.at\/2026\/04\/29\/koerper-spueren-gemeinschaftsausstellung-der-innviertler-kuenstlergilde-kubin-haus-zwickledt-oberoesterreich\/","name":"Feeling the Body \u2013 Joint exhibition by the Innviertler K\u00fcnstler\u00adgilde \/ Kubin-Haus Zwickledt, Upper Austria &#187; CREATIVE AUSTRIA \u2013 Contemporary Culture","isPartOf":{"@id":"https:\/\/www.creativeaustria.at\/#website"},"primaryImageOfPage":{"@id":"https:\/\/www.creativeaustria.at\/2026\/04\/29\/koerper-spueren-gemeinschaftsausstellung-der-innviertler-kuenstlergilde-kubin-haus-zwickledt-oberoesterreich\/#primaryimage"},"image":{"@id":"https:\/\/www.creativeaustria.at\/2026\/04\/29\/koerper-spueren-gemeinschaftsausstellung-der-innviertler-kuenstlergilde-kubin-haus-zwickledt-oberoesterreich\/#primaryimage"},"thumbnailUrl":"https:\/\/www.creativeaustria.at\/wp-content\/uploads\/2026\/04\/Petra-Rader-FREISCHWIMMERIN-Acryl-auf-LW-70-x-100-cm-\u00a9-Petra-Rader.png","datePublished":"2026-04-29T10:59:00+00:00","dateModified":"2026-04-28T08:04:27+00:00","author":{"@id":"https:\/\/www.creativeaustria.at\/#\/schema\/person\/2ef270c3dee27d6c0ec621fe9330173e"},"breadcrumb":{"@id":"https:\/\/www.creativeaustria.at\/2026\/04\/29\/koerper-spueren-gemeinschaftsausstellung-der-innviertler-kuenstlergilde-kubin-haus-zwickledt-oberoesterreich\/#breadcrumb"},"inLanguage":"en-US","potentialAction":[{"@type":"ReadAction","target":["https:\/\/www.creativeaustria.at\/2026\/04\/29\/koerper-spueren-gemeinschaftsausstellung-der-innviertler-kuenstlergilde-kubin-haus-zwickledt-oberoesterreich\/"]}]},{"@type":"ImageObject","inLanguage":"en-US","@id":"https:\/\/www.creativeaustria.at\/2026\/04\/29\/koerper-spueren-gemeinschaftsausstellung-der-innviertler-kuenstlergilde-kubin-haus-zwickledt-oberoesterreich\/#primaryimage","url":"https:\/\/www.creativeaustria.at\/wp-content\/uploads\/2026\/04\/Petra-Rader-FREISCHWIMMERIN-Acryl-auf-LW-70-x-100-cm-\u00a9-Petra-Rader.png","contentUrl":"https:\/\/www.creativeaustria.at\/wp-content\/uploads\/2026\/04\/Petra-Rader-FREISCHWIMMERIN-Acryl-auf-LW-70-x-100-cm-\u00a9-Petra-Rader.png","width":789,"height":597,"caption":"Petra Rader FREISCHWIMMERIN, Acryl auf LW, 70 x 100 cm \u00a9 Petra Rader"},{"@type":"BreadcrumbList","@id":"https:\/\/www.creativeaustria.at\/2026\/04\/29\/koerper-spueren-gemeinschaftsausstellung-der-innviertler-kuenstlergilde-kubin-haus-zwickledt-oberoesterreich\/#breadcrumb","itemListElement":[{"@type":"ListItem","position":1,"name":"Startseite","item":"https:\/\/www.creativeaustria.at\/en\/"},{"@type":"ListItem","position":2,"name":"Feeling the Body \u2013 Joint exhibition by the Innviertler K\u00fcnstler\u00adgilde \/ Kubin-Haus Zwickledt, Upper Austria"}]},{"@type":"WebSite","@id":"https:\/\/www.creativeaustria.at\/#website","url":"https:\/\/www.creativeaustria.at\/","name":"CREATIVE AUSTRIA \u2013 Contemporary Culture","description":"Austrias Magazine for Contemporary Culture","potentialAction":[{"@type":"SearchAction","target":{"@type":"EntryPoint","urlTemplate":"https:\/\/www.creativeaustria.at\/?s={search_term_string}"},"query-input":{"@type":"PropertyValueSpecification","valueRequired":true,"valueName":"search_term_string"}}],"inLanguage":"en-US"},{"@type":"Person","@id":"https:\/\/www.creativeaustria.at\/#\/schema\/person\/2ef270c3dee27d6c0ec621fe9330173e","name":"CREATIVE AUSTRIA","image":{"@type":"ImageObject","inLanguage":"en-US","@id":"https:\/\/www.creativeaustria.at\/#\/schema\/person\/image\/","url":"https:\/\/secure.gravatar.com\/avatar\/684a70572f233313686e8858b8b6ca7b?s=96&d=mm&r=g","contentUrl":"https:\/\/secure.gravatar.com\/avatar\/684a70572f233313686e8858b8b6ca7b?s=96&d=mm&r=g","caption":"CREATIVE AUSTRIA"},"sameAs":["http:\/\/www.creativeaustria.at"],"url":"https:\/\/www.creativeaustria.at\/en\/author\/creative-austria-redaktion\/"}]}},"jetpack_featured_media_url":"https:\/\/www.creativeaustria.at\/wp-content\/uploads\/2026\/04\/Petra-Rader-FREISCHWIMMERIN-Acryl-auf-LW-70-x-100-cm-\u00a9-Petra-Rader.png","jetpack_sharing_enabled":true,"jetpack_shortlink":"https:\/\/wp.me\/p9E1qX-eEf","_links":{"self":[{"href":"https:\/\/www.creativeaustria.at\/en\/wp-json\/wp\/v2\/posts\/56311"}],"collection":[{"href":"https:\/\/www.creativeaustria.at\/en\/wp-json\/wp\/v2\/posts"}],"about":[{"href":"https:\/\/www.creativeaustria.at\/en\/wp-json\/wp\/v2\/types\/post"}],"author":[{"embeddable":true,"href":"https:\/\/www.creativeaustria.at\/en\/wp-json\/wp\/v2\/users\/2"}],"replies":[{"embeddable":true,"href":"https:\/\/www.creativeaustria.at\/en\/wp-json\/wp\/v2\/comments?post=56311"}],"version-history":[{"count":1,"href":"https:\/\/www.creativeaustria.at\/en\/wp-json\/wp\/v2\/posts\/56311\/revisions"}],"predecessor-version":[{"id":56312,"href":"https:\/\/www.creativeaustria.at\/en\/wp-json\/wp\/v2\/posts\/56311\/revisions\/56312"}],"wp:featuredmedia":[{"embeddable":true,"href":"https:\/\/www.creativeaustria.at\/en\/wp-json\/wp\/v2\/media\/56310"}],"wp:attachment":[{"href":"https:\/\/www.creativeaustria.at\/en\/wp-json\/wp\/v2\/media?parent=56311"}],"wp:term":[{"taxonomy":"category","embeddable":true,"href":"https:\/\/www.creativeaustria.at\/en\/wp-json\/wp\/v2\/categories?post=56311"},{"taxonomy":"post_tag","embeddable":true,"href":"https:\/\/www.creativeaustria.at\/en\/wp-json\/wp\/v2\/tags?post=56311"}],"curies":[{"name":"wp","href":"https:\/\/api.w.org\/{rel}","templated":true}]}}