{"id":8571,"date":"2018-01-04T18:00:34","date_gmt":"2018-01-04T18:00:34","guid":{"rendered":"http:\/\/www.creativeaustria.at\/2018\/01\/04\/david-claerbout-ausstellung-im-kunsthaus-bregenz\/"},"modified":"2018-01-04T18:00:34","modified_gmt":"2018-01-04T18:00:34","slug":"david-claerbout-ausstellung-im-kunsthaus-bregenz","status":"publish","type":"post","link":"https:\/\/www.creativeaustria.at\/en\/2018\/01\/04\/david-claerbout-ausstellung-im-kunsthaus-bregenz\/","title":{"rendered":"&#8220;David Claerbout&#8221; \/ Ausstellung im Kunsthaus Bregenz"},"content":{"rendered":"<h1>14.07.\u00a0<span class=\"fliesstext\">\u2013 <\/span>07.10.2018; Vorarlberg.<br \/>\nWahrnehmung in extrem verlangsamten Bildsequenzen.<\/h1>\n<p>\u00dcber Fotografie, Film, Ton, Zeichnung und\u00a0digitale Medien vermittelt der belgische K\u00fcnstler David Claerbout den Besuchern gegen\u00fcber das Bestreben, seine Arbeiten mit erh\u00f6hter Aufmerksamkeit zum Konsumieren. Durch seine extrem verlangsamten Bildsequenzen ist man den Entschleunigungen seiner Werke ausgeliefert und kann sich daran anpassen.<\/p>\n<p><img loading=\"lazy\" decoding=\"async\" class=\"alignnone wp-image-5427 size-full\" src=\"http:\/\/www.creativeaustria.at\/wp-content\/uploads\/2016\/06\/The_Pure_Necessity__2016.jpg\" alt=\"\" width=\"900\" height=\"524\" srcset=\"https:\/\/www.creativeaustria.at\/wp-content\/uploads\/2016\/06\/The_Pure_Necessity__2016.jpg 900w, https:\/\/www.creativeaustria.at\/wp-content\/uploads\/2016\/06\/The_Pure_Necessity__2016-300x175.jpg 300w, https:\/\/www.creativeaustria.at\/wp-content\/uploads\/2016\/06\/The_Pure_Necessity__2016-768x447.jpg 768w, https:\/\/www.creativeaustria.at\/wp-content\/uploads\/2016\/06\/The_Pure_Necessity__2016-696x405.jpg 696w, https:\/\/www.creativeaustria.at\/wp-content\/uploads\/2016\/06\/The_Pure_Necessity__2016-721x420.jpg 721w\" sizes=\"(max-width: 900px) 100vw, 900px\" \/><\/p>\n<p>In der Ausstellung gibt es ein animalisches Remake des Kinderbuch- und Filmklassikers &#8220;Das Dschungelbuch&#8221; von 1967 zu sehen. Des Weiteren auch eine digitale Rekonstruktion des Berliner Olympiastadions.<\/p>\n<p>David Claerbout studierte Malerei in Antwerpen. Er lebt und arbeitet in Antwerpen und Berlin.<\/p>\n<p><strong>David Claerbout<br \/>\n<\/strong>14.07.\u00a0<span class=\"fliesstext\">\u2013 <\/span>07.10.2018<br \/>\nKunsthaus Bregenz<strong><br \/>\n<\/strong>Karl-Tizian-Platz<br \/>\nPostfach 45<br \/>\n6900 Bregenz<br \/>\n<a href=\"http:\/\/kunsthaus-bregenz.at\/ausstellungen\/programmvorschau\/david-claerbout\/\" target=\"_blank\" rel=\"noopener\">www.kunsthaus-bregenz.at<\/a><\/p>\n","protected":false},"excerpt":{"rendered":"<p>14.07.\u00a0\u2013 07.10.2018; Vorarlberg. Wahrnehmung in extrem verlangsamten Bildsequenzen. \u00dcber Fotografie, Film, Ton, Zeichnung und\u00a0digitale Medien vermittelt der belgische K\u00fcnstler David Claerbout den Besuchern gegen\u00fcber das Bestreben, seine Arbeiten mit erh\u00f6hter Aufmerksamkeit zum Konsumieren. Durch seine extrem verlangsamten Bildsequenzen ist man den Entschleunigungen seiner Werke ausgeliefert und kann sich daran anpassen. In der Ausstellung gibt es [&hellip;]<\/p>\n","protected":false},"author":2,"featured_media":5426,"comment_status":"open","ping_status":"open","sticky":false,"template":"","format":"standard","meta":{"jetpack_post_was_ever_published":false,"_jetpack_newsletter_access":"","_jetpack_dont_email_post_to_subs":false,"_jetpack_newsletter_tier_id":0,"_jetpack_memberships_contains_paywalled_content":false,"_jetpack_memberships_contains_paid_content":false,"footnotes":"","jetpack_publicize_message":"","jetpack_publicize_feature_enabled":true,"jetpack_social_post_already_shared":false,"jetpack_social_options":{"image_generator_settings":{"template":"highway","enabled":false},"version":2}},"categories":[80,304,77,352,79,25,196],"tags":[82,383],"class_list":{"0":"post-8571","1":"post","2":"type-post","3":"status-publish","4":"format-standard","5":"has-post-thumbnail","7":"category-art-7","8":"category-art-4","9":"category-gegenwartskultur-en","10":"category-media-art-visuals-graphics","11":"category-kreative-orte-en","12":"category-uncategorized","13":"category-vorarlberg-en","14":"tag-kunst-en","15":"tag-vorarlberg-en"},"jetpack_publicize_connections":[],"yoast_head":"<!-- This site is optimized with the Yoast SEO plugin v23.9 - https:\/\/yoast.com\/wordpress\/plugins\/seo\/ -->\n<title>&quot;David Claerbout&quot; \/ Ausstellung im Kunsthaus Bregenz &#187; CREATIVE AUSTRIA \u2013 Contemporary Culture<\/title>\n<meta name=\"robots\" content=\"index, follow, max-snippet:-1, max-image-preview:large, max-video-preview:-1\" \/>\n<link rel=\"canonical\" href=\"https:\/\/www.creativeaustria.at\/en\/2018\/01\/04\/david-claerbout-ausstellung-im-kunsthaus-bregenz\/\" \/>\n<meta property=\"og:locale\" content=\"en_US\" \/>\n<meta property=\"og:type\" content=\"article\" \/>\n<meta property=\"og:title\" content=\"&quot;David Claerbout&quot; \/ Ausstellung im Kunsthaus Bregenz &#187; CREATIVE AUSTRIA \u2013 Contemporary Culture\" \/>\n<meta property=\"og:description\" content=\"14.07.\u00a0\u2013 07.10.2018; Vorarlberg. Wahrnehmung in extrem verlangsamten Bildsequenzen. \u00dcber Fotografie, Film, Ton, Zeichnung und\u00a0digitale Medien vermittelt der belgische K\u00fcnstler David Claerbout den Besuchern gegen\u00fcber das Bestreben, seine Arbeiten mit erh\u00f6hter Aufmerksamkeit zum Konsumieren. Durch seine extrem verlangsamten Bildsequenzen ist man den Entschleunigungen seiner Werke ausgeliefert und kann sich daran anpassen. In der Ausstellung gibt es [&hellip;]\" \/>\n<meta property=\"og:url\" content=\"https:\/\/www.creativeaustria.at\/en\/2018\/01\/04\/david-claerbout-ausstellung-im-kunsthaus-bregenz\/\" \/>\n<meta property=\"og:site_name\" content=\"CREATIVE AUSTRIA \u2013 Contemporary Culture\" \/>\n<meta property=\"article:publisher\" content=\"https:\/\/www.facebook.com\/creativeaustria\" \/>\n<meta property=\"article:published_time\" content=\"2018-01-04T18:00:34+00:00\" \/>\n<meta property=\"og:image\" content=\"https:\/\/www.creativeaustria.at\/wp-content\/uploads\/2016\/06\/David_Claerbout_The_Quiet_Shore__video_still.jpg\" \/>\n\t<meta property=\"og:image:width\" content=\"920\" \/>\n\t<meta property=\"og:image:height\" content=\"518\" \/>\n\t<meta property=\"og:image:type\" content=\"image\/jpeg\" \/>\n<meta name=\"author\" content=\"CREATIVE AUSTRIA\" \/>\n<meta name=\"twitter:card\" content=\"summary_large_image\" \/>\n<meta name=\"twitter:label1\" content=\"Written by\" \/>\n\t<meta name=\"twitter:data1\" content=\"CREATIVE AUSTRIA\" \/>\n\t<meta name=\"twitter:label2\" content=\"Est. reading time\" \/>\n\t<meta name=\"twitter:data2\" content=\"1 minute\" \/>\n<script type=\"application\/ld+json\" class=\"yoast-schema-graph\">{\"@context\":\"https:\/\/schema.org\",\"@graph\":[{\"@type\":\"WebPage\",\"@id\":\"https:\/\/www.creativeaustria.at\/en\/2018\/01\/04\/david-claerbout-ausstellung-im-kunsthaus-bregenz\/\",\"url\":\"https:\/\/www.creativeaustria.at\/en\/2018\/01\/04\/david-claerbout-ausstellung-im-kunsthaus-bregenz\/\",\"name\":\"\\\"David Claerbout\\\" \/ Ausstellung im Kunsthaus Bregenz &#187; CREATIVE AUSTRIA \u2013 Contemporary Culture\",\"isPartOf\":{\"@id\":\"https:\/\/www.creativeaustria.at\/#website\"},\"primaryImageOfPage\":{\"@id\":\"https:\/\/www.creativeaustria.at\/en\/2018\/01\/04\/david-claerbout-ausstellung-im-kunsthaus-bregenz\/#primaryimage\"},\"image\":{\"@id\":\"https:\/\/www.creativeaustria.at\/en\/2018\/01\/04\/david-claerbout-ausstellung-im-kunsthaus-bregenz\/#primaryimage\"},\"thumbnailUrl\":\"https:\/\/www.creativeaustria.at\/wp-content\/uploads\/2016\/06\/David_Claerbout_The_Quiet_Shore__video_still.jpg\",\"datePublished\":\"2018-01-04T18:00:34+00:00\",\"dateModified\":\"2018-01-04T18:00:34+00:00\",\"author\":{\"@id\":\"https:\/\/www.creativeaustria.at\/#\/schema\/person\/2ef270c3dee27d6c0ec621fe9330173e\"},\"breadcrumb\":{\"@id\":\"https:\/\/www.creativeaustria.at\/en\/2018\/01\/04\/david-claerbout-ausstellung-im-kunsthaus-bregenz\/#breadcrumb\"},\"inLanguage\":\"en-US\",\"potentialAction\":[{\"@type\":\"ReadAction\",\"target\":[\"https:\/\/www.creativeaustria.at\/en\/2018\/01\/04\/david-claerbout-ausstellung-im-kunsthaus-bregenz\/\"]}]},{\"@type\":\"ImageObject\",\"inLanguage\":\"en-US\",\"@id\":\"https:\/\/www.creativeaustria.at\/en\/2018\/01\/04\/david-claerbout-ausstellung-im-kunsthaus-bregenz\/#primaryimage\",\"url\":\"https:\/\/www.creativeaustria.at\/wp-content\/uploads\/2016\/06\/David_Claerbout_The_Quiet_Shore__video_still.jpg\",\"contentUrl\":\"https:\/\/www.creativeaustria.at\/wp-content\/uploads\/2016\/06\/David_Claerbout_The_Quiet_Shore__video_still.jpg\",\"width\":920,\"height\":518},{\"@type\":\"BreadcrumbList\",\"@id\":\"https:\/\/www.creativeaustria.at\/en\/2018\/01\/04\/david-claerbout-ausstellung-im-kunsthaus-bregenz\/#breadcrumb\",\"itemListElement\":[{\"@type\":\"ListItem\",\"position\":1,\"name\":\"Startseite\",\"item\":\"https:\/\/www.creativeaustria.at\/en\/\"},{\"@type\":\"ListItem\",\"position\":2,\"name\":\"&#8220;David Claerbout&#8221; \/ Ausstellung im Kunsthaus Bregenz\"}]},{\"@type\":\"WebSite\",\"@id\":\"https:\/\/www.creativeaustria.at\/#website\",\"url\":\"https:\/\/www.creativeaustria.at\/\",\"name\":\"CREATIVE AUSTRIA \u2013 Contemporary Culture\",\"description\":\"Austrias Magazine for Contemporary Culture\",\"potentialAction\":[{\"@type\":\"SearchAction\",\"target\":{\"@type\":\"EntryPoint\",\"urlTemplate\":\"https:\/\/www.creativeaustria.at\/?s={search_term_string}\"},\"query-input\":{\"@type\":\"PropertyValueSpecification\",\"valueRequired\":true,\"valueName\":\"search_term_string\"}}],\"inLanguage\":\"en-US\"},{\"@type\":\"Person\",\"@id\":\"https:\/\/www.creativeaustria.at\/#\/schema\/person\/2ef270c3dee27d6c0ec621fe9330173e\",\"name\":\"CREATIVE AUSTRIA\",\"image\":{\"@type\":\"ImageObject\",\"inLanguage\":\"en-US\",\"@id\":\"https:\/\/www.creativeaustria.at\/#\/schema\/person\/image\/\",\"url\":\"https:\/\/secure.gravatar.com\/avatar\/684a70572f233313686e8858b8b6ca7b?s=96&d=mm&r=g\",\"contentUrl\":\"https:\/\/secure.gravatar.com\/avatar\/684a70572f233313686e8858b8b6ca7b?s=96&d=mm&r=g\",\"caption\":\"CREATIVE AUSTRIA\"},\"sameAs\":[\"http:\/\/www.creativeaustria.at\"],\"url\":\"https:\/\/www.creativeaustria.at\/en\/author\/creative-austria-redaktion\/\"}]}<\/script>\n<!-- \/ Yoast SEO plugin. -->","yoast_head_json":{"title":"\"David Claerbout\" \/ Ausstellung im Kunsthaus Bregenz &#187; CREATIVE AUSTRIA \u2013 Contemporary Culture","robots":{"index":"index","follow":"follow","max-snippet":"max-snippet:-1","max-image-preview":"max-image-preview:large","max-video-preview":"max-video-preview:-1"},"canonical":"https:\/\/www.creativeaustria.at\/en\/2018\/01\/04\/david-claerbout-ausstellung-im-kunsthaus-bregenz\/","og_locale":"en_US","og_type":"article","og_title":"\"David Claerbout\" \/ Ausstellung im Kunsthaus Bregenz &#187; CREATIVE AUSTRIA \u2013 Contemporary Culture","og_description":"14.07.\u00a0\u2013 07.10.2018; Vorarlberg. Wahrnehmung in extrem verlangsamten Bildsequenzen. \u00dcber Fotografie, Film, Ton, Zeichnung und\u00a0digitale Medien vermittelt der belgische K\u00fcnstler David Claerbout den Besuchern gegen\u00fcber das Bestreben, seine Arbeiten mit erh\u00f6hter Aufmerksamkeit zum Konsumieren. Durch seine extrem verlangsamten Bildsequenzen ist man den Entschleunigungen seiner Werke ausgeliefert und kann sich daran anpassen. In der Ausstellung gibt es [&hellip;]","og_url":"https:\/\/www.creativeaustria.at\/en\/2018\/01\/04\/david-claerbout-ausstellung-im-kunsthaus-bregenz\/","og_site_name":"CREATIVE AUSTRIA \u2013 Contemporary Culture","article_publisher":"https:\/\/www.facebook.com\/creativeaustria","article_published_time":"2018-01-04T18:00:34+00:00","og_image":[{"width":920,"height":518,"url":"https:\/\/www.creativeaustria.at\/wp-content\/uploads\/2016\/06\/David_Claerbout_The_Quiet_Shore__video_still.jpg","type":"image\/jpeg"}],"author":"CREATIVE AUSTRIA","twitter_card":"summary_large_image","twitter_misc":{"Written by":"CREATIVE AUSTRIA","Est. reading time":"1 minute"},"schema":{"@context":"https:\/\/schema.org","@graph":[{"@type":"WebPage","@id":"https:\/\/www.creativeaustria.at\/en\/2018\/01\/04\/david-claerbout-ausstellung-im-kunsthaus-bregenz\/","url":"https:\/\/www.creativeaustria.at\/en\/2018\/01\/04\/david-claerbout-ausstellung-im-kunsthaus-bregenz\/","name":"\"David Claerbout\" \/ Ausstellung im Kunsthaus Bregenz &#187; CREATIVE AUSTRIA \u2013 Contemporary Culture","isPartOf":{"@id":"https:\/\/www.creativeaustria.at\/#website"},"primaryImageOfPage":{"@id":"https:\/\/www.creativeaustria.at\/en\/2018\/01\/04\/david-claerbout-ausstellung-im-kunsthaus-bregenz\/#primaryimage"},"image":{"@id":"https:\/\/www.creativeaustria.at\/en\/2018\/01\/04\/david-claerbout-ausstellung-im-kunsthaus-bregenz\/#primaryimage"},"thumbnailUrl":"https:\/\/www.creativeaustria.at\/wp-content\/uploads\/2016\/06\/David_Claerbout_The_Quiet_Shore__video_still.jpg","datePublished":"2018-01-04T18:00:34+00:00","dateModified":"2018-01-04T18:00:34+00:00","author":{"@id":"https:\/\/www.creativeaustria.at\/#\/schema\/person\/2ef270c3dee27d6c0ec621fe9330173e"},"breadcrumb":{"@id":"https:\/\/www.creativeaustria.at\/en\/2018\/01\/04\/david-claerbout-ausstellung-im-kunsthaus-bregenz\/#breadcrumb"},"inLanguage":"en-US","potentialAction":[{"@type":"ReadAction","target":["https:\/\/www.creativeaustria.at\/en\/2018\/01\/04\/david-claerbout-ausstellung-im-kunsthaus-bregenz\/"]}]},{"@type":"ImageObject","inLanguage":"en-US","@id":"https:\/\/www.creativeaustria.at\/en\/2018\/01\/04\/david-claerbout-ausstellung-im-kunsthaus-bregenz\/#primaryimage","url":"https:\/\/www.creativeaustria.at\/wp-content\/uploads\/2016\/06\/David_Claerbout_The_Quiet_Shore__video_still.jpg","contentUrl":"https:\/\/www.creativeaustria.at\/wp-content\/uploads\/2016\/06\/David_Claerbout_The_Quiet_Shore__video_still.jpg","width":920,"height":518},{"@type":"BreadcrumbList","@id":"https:\/\/www.creativeaustria.at\/en\/2018\/01\/04\/david-claerbout-ausstellung-im-kunsthaus-bregenz\/#breadcrumb","itemListElement":[{"@type":"ListItem","position":1,"name":"Startseite","item":"https:\/\/www.creativeaustria.at\/en\/"},{"@type":"ListItem","position":2,"name":"&#8220;David Claerbout&#8221; \/ Ausstellung im Kunsthaus Bregenz"}]},{"@type":"WebSite","@id":"https:\/\/www.creativeaustria.at\/#website","url":"https:\/\/www.creativeaustria.at\/","name":"CREATIVE AUSTRIA \u2013 Contemporary Culture","description":"Austrias Magazine for Contemporary Culture","potentialAction":[{"@type":"SearchAction","target":{"@type":"EntryPoint","urlTemplate":"https:\/\/www.creativeaustria.at\/?s={search_term_string}"},"query-input":{"@type":"PropertyValueSpecification","valueRequired":true,"valueName":"search_term_string"}}],"inLanguage":"en-US"},{"@type":"Person","@id":"https:\/\/www.creativeaustria.at\/#\/schema\/person\/2ef270c3dee27d6c0ec621fe9330173e","name":"CREATIVE AUSTRIA","image":{"@type":"ImageObject","inLanguage":"en-US","@id":"https:\/\/www.creativeaustria.at\/#\/schema\/person\/image\/","url":"https:\/\/secure.gravatar.com\/avatar\/684a70572f233313686e8858b8b6ca7b?s=96&d=mm&r=g","contentUrl":"https:\/\/secure.gravatar.com\/avatar\/684a70572f233313686e8858b8b6ca7b?s=96&d=mm&r=g","caption":"CREATIVE AUSTRIA"},"sameAs":["http:\/\/www.creativeaustria.at"],"url":"https:\/\/www.creativeaustria.at\/en\/author\/creative-austria-redaktion\/"}]}},"jetpack_featured_media_url":"https:\/\/www.creativeaustria.at\/wp-content\/uploads\/2016\/06\/David_Claerbout_The_Quiet_Shore__video_still.jpg","jetpack_sharing_enabled":true,"jetpack_shortlink":"https:\/\/wp.me\/p9E1qX-2ef","_links":{"self":[{"href":"https:\/\/www.creativeaustria.at\/en\/wp-json\/wp\/v2\/posts\/8571"}],"collection":[{"href":"https:\/\/www.creativeaustria.at\/en\/wp-json\/wp\/v2\/posts"}],"about":[{"href":"https:\/\/www.creativeaustria.at\/en\/wp-json\/wp\/v2\/types\/post"}],"author":[{"embeddable":true,"href":"https:\/\/www.creativeaustria.at\/en\/wp-json\/wp\/v2\/users\/2"}],"replies":[{"embeddable":true,"href":"https:\/\/www.creativeaustria.at\/en\/wp-json\/wp\/v2\/comments?post=8571"}],"version-history":[{"count":0,"href":"https:\/\/www.creativeaustria.at\/en\/wp-json\/wp\/v2\/posts\/8571\/revisions"}],"wp:featuredmedia":[{"embeddable":true,"href":"https:\/\/www.creativeaustria.at\/en\/wp-json\/wp\/v2\/media\/5426"}],"wp:attachment":[{"href":"https:\/\/www.creativeaustria.at\/en\/wp-json\/wp\/v2\/media?parent=8571"}],"wp:term":[{"taxonomy":"category","embeddable":true,"href":"https:\/\/www.creativeaustria.at\/en\/wp-json\/wp\/v2\/categories?post=8571"},{"taxonomy":"post_tag","embeddable":true,"href":"https:\/\/www.creativeaustria.at\/en\/wp-json\/wp\/v2\/tags?post=8571"}],"curies":[{"name":"wp","href":"https:\/\/api.w.org\/{rel}","templated":true}]}}